{"id":51339,"date":"2020-07-24T14:39:13","date_gmt":"2020-07-24T14:39:13","guid":{"rendered":"http:\/\/diariodominicano.ddns.net\/?p=51339"},"modified":"2020-07-24T14:39:13","modified_gmt":"2020-07-24T14:39:13","slug":"pasada-rectora-del-intec-fue-escogida-miembro-del-consejo-de-gobierno-del-iesalc","status":"publish","type":"post","link":"https:\/\/diariodominicano.com\/?p=51339","title":{"rendered":"Pasada rectora del INTEC fue escogida miembro del Consejo de Gobierno del IESALC"},"content":{"rendered":"<p><body><\/p>\n<p><img decoding=\"async\" src=\"img3\/Alt Lopez24-7-20.JPG\" \/>  <\/p>\n<p><strong><span class=\"text1noticias\">diariodominicano.com<\/span><\/strong><\/p>\n<p><strong><span class=\"text1noticias\"> <\/span><\/strong><\/p>\n<p><strong><span class=\"text1noticias\">Santo Domingo, R. D., 24 de julio, 2020. &#8211; <\/span><\/strong><span class=\"text1noticias\">Altagracia L\u00f3pez, pasada rectora del Instituto Tecnol\u00f3gico de Santo Domingo (INTEC) fue escogida miembro del Consejo de Gobierno del Instituto Internacional para la Educaci\u00f3n Superior en Am\u00e9rica Latina y el Caribe (IESALC), por un periodo de cuatro a\u00f1os.  <\/span><\/p>\n<p><span class=\"text1noticias\"> <\/span><\/p>\n<p><span class=\"text1noticias\">L\u00f3pez, actual directora del Centro de Innovaci\u00f3n en Educaci\u00f3n Superior (CINNES) del INTEC, obtuvo el nombramiento bajo la recomendaci\u00f3n del Consejo de Rectores de Panam\u00e1 y de la Asociaci\u00f3n Dominicana de Rectores Universitarios (ADRU) y con las que pasa a ser parte del IESALC, \u00fanico Instituto especializado del Sistema de Naciones Unidas que tiene como objetivo contribuir a la mejora de la educaci\u00f3n superior en los Estados miembros y de sus instituciones.  <\/span><\/p>\n<p><span class=\"text1noticias\"> <\/span><\/p>\n<p><span class=\"text1noticias\">En una comunicaci\u00f3n Stefania Giannini, subdirectora General de Educaci\u00f3n de la UNESCO\/IESALC, en nombre de la Directora General de la UNESCO, afirma estar convencida de que las calificaciones y experiencia significativa de L\u00f3pez en la educaci\u00f3n sumar\u00e1n gran valor a la labor del Instituto.  <\/span><\/p>\n<p><span class=\"text1noticias\"> <\/span><\/p>\n<p><span class=\"text1noticias\">L\u00f3pez es experta en Educaci\u00f3n, tambi\u00e9n es parte del equipo de asesores del Ministerio de Educaci\u00f3n Superior, Ciencia y Tecnolog\u00eda (MESCYT) para el acompa\u00f1amiento a las universidades dominicanas en el proceso de la Evaluaci\u00f3n Quinquenal. Es docente e investigadora del INTEC.  <\/span><\/p>\n<p><span class=\"text1noticias\"> <\/span><\/p>\n<p><span class=\"text1noticias\">Su formaci\u00f3n comprende una licenciatura en Matem\u00e1tica Pura y otra en Educaci\u00f3n menci\u00f3n Matem\u00e1tica de la Universidad Nacional Pedro Henr\u00edquez Ure\u00f1a.  Cuenta con el grado de Master en Administraci\u00f3n y Planificaci\u00f3n de la Educaci\u00f3n Superior del INTEC y de Doctora en Educaci\u00f3n de Nova Southeastern University (NSU).  <\/span><\/p>\n<p><span class=\"text1noticias\"> <\/span><\/p>\n<p><span class=\"text1noticias\">Sobre el IESALC <\/span><\/p>\n<p><span class=\"text1noticias\"> <\/span><\/p>\n<p><span class=\"text1noticias\">En la actualidad, el IESALC desarrolla sus actividades a trav\u00e9s de cuatro programas: investigaci\u00f3n, desarrollo de capacidades, cooperaci\u00f3n t\u00e9cnica y abogac\u00eda consorciada, y su Consejo de Gobierno es administrado por nueve miembros, quienes velan por lograr el equilibrio de g\u00e9nero y representaci\u00f3n apropiada de la diversidad ling\u00fc\u00edstica y cultural.   <\/span><\/p>\n<p><span class=\"text1noticias\"> <\/span><\/p>\n<p><span class=\"text1noticias\">El IESALC tiene por objetivo promover el derecho a una educaci\u00f3n superior de calidad, relevante, inclusiva y con equidad para todas las personas, por medio de la sensibilizaci\u00f3n de los actores y de la opini\u00f3n p\u00fablica en general. Adem\u00e1s, producir y diseminar estudios sobre la educaci\u00f3n superior, particularmente desde una perspectiva comparativa, basados en evidencias y destinados a informar los procesos de decisi\u00f3n en materia de pol\u00edticas p\u00fablicas gubernamentales e institucionales.  <\/span><\/p>\n<p><span class=\"text1noticias\">Asimismo, contribuye, por medio de programas de formaci\u00f3n y en coordinaci\u00f3n con las C\u00e1tedras UNESCO, al desarrollo de las capacidades para el an\u00e1lisis y desarrollo de mejores pol\u00edticas p\u00fablicas e institucionales tanto entre los decisores pol\u00edticos, gubernamentales e institucionales, como entre los analistas e investigadores sobre educaci\u00f3n superior.  <\/span><\/p>\n<p><span class=\"text1noticias\"> <\/span><\/p>\n<p><span class=\"text1noticias\">Tambi\u00e9n, apoya a los gobiernos, organizaciones, redes e instituciones para la formulaci\u00f3n de pol\u00edticas p\u00fablicas, planes de reforma y de mejora, y su puesta en pr\u00e1ctica por medio de asesor\u00edas o de intervenci\u00f3n directa como agencia. <\/span><\/p>\n<p><span class=\"text1noticias\"> <\/span><\/p>\n<p><span class=\"text1noticias\">Fuente: Prensa INTEC<\/span><\/p>\n<p><span class=\"text1noticias\">Direcci\u00f3n de Comunicaci\u00f3n Institucional<\/span><\/p>\n<p><span class=\"text1noticias\">Instituto Tecnol\u00f3gico<\/span> de Santo Domingo,  INTEC<\/p>\n<h6> 2020-07-24 14:39:13 <\/h6>\n<p><!--\n<link rel=\"stylesheet\" href=\"css\/bootstrap.min.css\">\n\n\n<ul class=\"pagination\">\n\t    \n\t\n\n<li >\n\t<a href='?page_no=378'>Previous<\/a>\n\t<\/li>\n\n\n       \n    \n\n<li><a href='?page_no=1'>1<\/a><\/li>\n\n\n\n<li><a href='?page_no=2'>2<\/a><\/li>\n\n\n\n<li><a>...<\/a><\/li>\n\n\n\n<li><a href='?page_no=377'>377<\/a><\/li>\n\n\n\n<li><a href='?page_no=378'>378<\/a><\/li>\n\n\n\n<li class='active'><a>379<\/a><\/li>\n\n\n\n<li><a href='?page_no=380'>380<\/a><\/li>\n\n\n\n<li><a href='?page_no=381'>381<\/a><\/li>\n\n\n\n<li><a>...<\/a><\/li>\n\n\n\n<li><a href='?page_no=22911'>22911<\/a><\/li>\n\n\n\n<li><a href='?page_no=22912'>22912<\/a><\/li>\n\n    \n\t\n\n<li >\n\t<a href='?page_no=380'>Next<\/a>\n\t<\/li>\n\n\n    \n\n<li><a href='?page_no=22912'>Last &rsaquo;&rsaquo;<\/a><\/li>\n\n<\/ul>\n\n\n--><br \/>\n<\/body><\/p>\n","protected":false},"excerpt":{"rendered":"<p>diariodominicano.com Santo Domingo, R. D., 24 de julio, 2020. &#8211; Altagracia L\u00f3pez, pasada rectora del Instituto Tecnol\u00f3gico de Santo Domingo (INTEC) fue escogida miembro del Consejo de Gobierno del Instituto Internacional para la Educaci\u00f3n Superior en Am\u00e9rica Latina y el Caribe (IESALC), por un periodo de cuatro a\u00f1os. L\u00f3pez, actual directora del Centro de Innovaci\u00f3n [&hellip;]<\/p>\n","protected":false},"author":3,"featured_media":0,"comment_status":"open","ping_status":"open","sticky":false,"template":"","format":"standard","meta":{"footnotes":""},"categories":[21],"tags":[],"class_list":["post-51339","post","type-post","status-publish","format-standard","hentry","category-cultura"],"_links":{"self":[{"href":"https:\/\/diariodominicano.com\/index.php?rest_route=\/wp\/v2\/posts\/51339","targetHints":{"allow":["GET"]}}],"collection":[{"href":"https:\/\/diariodominicano.com\/index.php?rest_route=\/wp\/v2\/posts"}],"about":[{"href":"https:\/\/diariodominicano.com\/index.php?rest_route=\/wp\/v2\/types\/post"}],"author":[{"embeddable":true,"href":"https:\/\/diariodominicano.com\/index.php?rest_route=\/wp\/v2\/users\/3"}],"replies":[{"embeddable":true,"href":"https:\/\/diariodominicano.com\/index.php?rest_route=%2Fwp%2Fv2%2Fcomments&post=51339"}],"version-history":[{"count":0,"href":"https:\/\/diariodominicano.com\/index.php?rest_route=\/wp\/v2\/posts\/51339\/revisions"}],"wp:attachment":[{"href":"https:\/\/diariodominicano.com\/index.php?rest_route=%2Fwp%2Fv2%2Fmedia&parent=51339"}],"wp:term":[{"taxonomy":"category","embeddable":true,"href":"https:\/\/diariodominicano.com\/index.php?rest_route=%2Fwp%2Fv2%2Fcategories&post=51339"},{"taxonomy":"post_tag","embeddable":true,"href":"https:\/\/diariodominicano.com\/index.php?rest_route=%2Fwp%2Fv2%2Ftags&post=51339"}],"curies":[{"name":"wp","href":"https:\/\/api.w.org\/{rel}","templated":true}]}}