{"id":513300,"date":"2024-03-07T19:39:18","date_gmt":"2024-03-07T23:39:18","guid":{"rendered":"https:\/\/diariodominicano.com\/?p=513300"},"modified":"2024-03-07T19:39:18","modified_gmt":"2024-03-07T23:39:18","slug":"caf-aprueba-usd-200-millones-para-impulsar-la-accion-climatica-en-republica-dominicana","status":"publish","type":"post","link":"https:\/\/diariodominicano.com\/?p=513300","title":{"rendered":"CAF aprueba USD 200 millones para impulsar la acci\u00f3n clim\u00e1tica en Rep\u00fablica Dominicana"},"content":{"rendered":"\n<p>El Directorio de CAF -banco de desarrollo de Am\u00e9rica Latina y el Caribe-, celebrado por primera vez en Rep\u00fablica Dominicana en presencia del presidente de la Rep\u00fablica, Luis Abinader, reiter\u00f3 su compromiso con el desarrollo sostenible del pa\u00eds con la aprobaci\u00f3n de un pr\u00e9stamo de USD 200 millones para fomentar la acci\u00f3n clim\u00e1tica y la resiliencia frente a los impactos del cambio clim\u00e1tico.<\/p>\n\n\n\n<p><em>(Punta Cana, 07 de marzo de 2024).<\/em> Este es el primer cr\u00e9dito soberano que CAF aprueba a Rep\u00fablica Dominicana tras haber aumentado su participaci\u00f3n en la instituci\u00f3n y convertirse en miembro. Con esta operaci\u00f3n se fomentar\u00e1n actividades para impulsar la acci\u00f3n clim\u00e1tica en la gesti\u00f3n del sector p\u00fablico y para promover la resiliencia territorial y la transici\u00f3n justa hacia un desarrollo bajo en carbono.<em><\/em><\/p>\n\n\n\n<p>\u201cSabemos que CAF cuenta con una trayectoria de \u00e9xitos, ya que este organismo financiero tiene como objetivo principal impulsar el crecimiento econ\u00f3mico y social de los pa\u00edses de la regi\u00f3n a trav\u00e9s de la financiaci\u00f3n de proyectos de desarrollo sostenible. M\u00faltiples son los proyectos que han impulsado en numerosos pa\u00edses con beneficios alt\u00edsimos para su gente. Para Rep\u00fablica Dominicana, esta es una alianza estrat\u00e9gica en nuestra misi\u00f3n de mejorar la calidad de vida de nuestros ciudadanos\u201d, dijo Luis Abinader, presidente de la Rep\u00fablica Dominicana.<\/p>\n\n\n\n<p>\u201cEstamos muy satisfechos de realizar el Directorio de CAF por primera vez en Rep\u00fablica Dominicana y traer buenas noticias para su gente con recursos para respaldar las pol\u00edticas que promueven un modelo de desarrollo sostenible que combine crecimiento econ\u00f3mico con adaptaci\u00f3n al cambio clim\u00e1tico. Como el banco verde y del crecimiento sostenible e inclusivo en Am\u00e9rica Latina y el Caribe, somos un aliado estrat\u00e9gico para ayudar a mejorar la calidad de vida de todos los dominicanos\u201d, dijo Sergio D\u00edaz-Granados, presidente ejecutivo de CAF.<\/p>\n\n\n\n<p>Los recursos, alineados con los Objetivos de Desarrollo Sostenible (ODS), pretenden extender la acci\u00f3n clim\u00e1tica en la gesti\u00f3n del sector p\u00fablico; fortalecer las capacidades regulatorias para promover un uso resiliente del territorio; y fomentar una transici\u00f3n justa de la econom\u00eda hacia un desarrollo bajo en carbono.<\/p>\n\n\n\n<p>A trav\u00e9s del ministro de Hacienda, <strong>Jos\u00e9 Manuel Vicente<\/strong>, el pa\u00eds asume la Presidencia del Directorio de CAF por un periodo de un a\u00f1o, al suceder al ministro de Econom\u00eda y Finanzas de Per\u00fa, <strong>Jos\u00e9 Arista<\/strong>. En 2023, Rep\u00fablica Dominicana se incorpor\u00f3 como miembro de CAF, pasando de tener acciones serie C a serie A, y se inaugur\u00f3 la oficina de representaci\u00f3n en el pa\u00eds, donde tambi\u00e9n est\u00e1 basada la Direcci\u00f3n de Turismo.<\/p>\n\n\n\n<p>Durante la reuni\u00f3n de CAF se firm\u00f3 la primera l\u00ednea de cr\u00e9dito al Banco de Desarrollo y Exportaciones (BANDEX) por un monto de hasta USD 40 millones, para promover a las empresas lideradas por mujeres, el desarrollo y mejora de parques industriales en zonas francas y mayor acceso a financiamiento en sectores estrat\u00e9gicos, entre otros.<\/p>\n\n\n\n<p>En presencia del presidente Abinader, CAF y BID firmaron por primera vez un acuerdo para impulsar conjuntamente \u00e1reas clave como la cofinanciaci\u00f3n de proyectos regionales, la seguridad y la justicia ciudadanas, la difusi\u00f3n de conocimientos y la gesti\u00f3n sostenible del pl\u00e1stico.<\/p>\n\n\n\n<p>En el Directorio se expusieron las cifras hist\u00f3ricas que report\u00f3 el banco en 2023, cuando CAF alcanz\u00f3 un m\u00e1ximo hist\u00f3rico de aprobaciones por USD 16.261 millones; activos totales por USD 53.814 millones; una utilidad neta de USD 810 millones; y un patrimonio de USD 14.730 millones, 7,4% superior frente al registrado en 2022. El a\u00f1o pasado Chile, Rep\u00fablica Dominicana y Honduras se convirtieron en miembros plenos.<\/p>\n\n\n\n<p>Esta expansi\u00f3n y solidez financiera fue reconocida por las agencias calificadoras de riesgo con la nota m\u00e1s alta emitida a CAF, al igual que los inversionistas que sobre demandaron el r\u00e9cord de 45 emisiones de bonos en diversos mercados internacionales por un total aproximado de USD 6.500 millones. Adem\u00e1s, se lograron atraer a la regi\u00f3n USD 4.298 millones en movilizaci\u00f3n de recursos de terceros, lo cual represent\u00f3 un incremento de un 190% respecto a 2022; y que impactaron positivamente la vida de millones de latinoamericanos y caribe\u00f1os.<\/p>\n\n\n\n<p>CAF -banco de desarrollo de Am\u00e9rica Latina y el Caribe- tiene como misi\u00f3n impulsar el desarrollo sostenible y la integraci\u00f3n regional, mediante el financiamiento de proyectos de los sectores p\u00fablico y privado, la provisi\u00f3n de cooperaci\u00f3n t\u00e9cnica y otros servicios especializados. Constituido en 1970 y conformado en la actualidad por 21 pa\u00edses -19 de Am\u00e9rica Latina y el Caribe, junto a Espa\u00f1a y Portugal- y 13 bancos privados,&nbsp;es una de las principales fuentes de financiamiento multilateral y un importante&nbsp;generador de conocimiento para la regi\u00f3n. M\u00e1s informaci\u00f3n en&nbsp;<a href=\"http:\/\/www.caf.com\/\" target=\"_blank\" rel=\"noreferrer noopener\">www.caf.com<\/a><\/p>\n\n\n\n<p>CAF, Direcci\u00f3n de Comunicaci\u00f3n Estrat\u00e9gica,&nbsp;<a href=\"mailto:prensa@caf.com\">prensa@caf.com<\/a><\/p>\n","protected":false},"excerpt":{"rendered":"<p>El Directorio de CAF -banco de desarrollo de Am\u00e9rica Latina y el Caribe-, celebrado por primera vez en Rep\u00fablica Dominicana en presencia del presidente de la Rep\u00fablica, Luis Abinader, reiter\u00f3 su compromiso con el desarrollo sostenible del pa\u00eds con la aprobaci\u00f3n de un pr\u00e9stamo de USD 200 millones para fomentar la acci\u00f3n clim\u00e1tica y la [&hellip;]<\/p>\n","protected":false},"author":28,"featured_media":513301,"comment_status":"closed","ping_status":"","sticky":true,"template":"","format":"standard","meta":{"footnotes":""},"categories":[20,18,27],"tags":[],"class_list":["post-513300","post","type-post","status-publish","format-standard","has-post-thumbnail","hentry","category-dominicana-hoy","category-economia","category-portada"],"_links":{"self":[{"href":"https:\/\/diariodominicano.com\/index.php?rest_route=\/wp\/v2\/posts\/513300","targetHints":{"allow":["GET"]}}],"collection":[{"href":"https:\/\/diariodominicano.com\/index.php?rest_route=\/wp\/v2\/posts"}],"about":[{"href":"https:\/\/diariodominicano.com\/index.php?rest_route=\/wp\/v2\/types\/post"}],"author":[{"embeddable":true,"href":"https:\/\/diariodominicano.com\/index.php?rest_route=\/wp\/v2\/users\/28"}],"replies":[{"embeddable":true,"href":"https:\/\/diariodominicano.com\/index.php?rest_route=%2Fwp%2Fv2%2Fcomments&post=513300"}],"version-history":[{"count":1,"href":"https:\/\/diariodominicano.com\/index.php?rest_route=\/wp\/v2\/posts\/513300\/revisions"}],"predecessor-version":[{"id":513302,"href":"https:\/\/diariodominicano.com\/index.php?rest_route=\/wp\/v2\/posts\/513300\/revisions\/513302"}],"wp:featuredmedia":[{"embeddable":true,"href":"https:\/\/diariodominicano.com\/index.php?rest_route=\/wp\/v2\/media\/513301"}],"wp:attachment":[{"href":"https:\/\/diariodominicano.com\/index.php?rest_route=%2Fwp%2Fv2%2Fmedia&parent=513300"}],"wp:term":[{"taxonomy":"category","embeddable":true,"href":"https:\/\/diariodominicano.com\/index.php?rest_route=%2Fwp%2Fv2%2Fcategories&post=513300"},{"taxonomy":"post_tag","embeddable":true,"href":"https:\/\/diariodominicano.com\/index.php?rest_route=%2Fwp%2Fv2%2Ftags&post=513300"}],"curies":[{"name":"wp","href":"https:\/\/api.w.org\/{rel}","templated":true}]}}