{"id":513214,"date":"2024-03-07T18:13:04","date_gmt":"2024-03-07T22:13:04","guid":{"rendered":"https:\/\/diariodominicano.com\/?p=513214"},"modified":"2024-03-07T19:25:46","modified_gmt":"2024-03-07T23:25:46","slug":"ministerio-publico-ute-y-funmujer-firman-acuerdo-para-impartir-carreras-profesionales-y-tecnicas-a-poblacion-de-reclusos-en-los-centros-de-correccion-y-rehabilitacion","status":"publish","type":"post","link":"https:\/\/diariodominicano.com\/?p=513214","title":{"rendered":"Ministerio P\u00fablico, UTE y FUNMUJER firman acuerdo para impartir carreras profesionales y t\u00e9cnicas a poblaci\u00f3n de reclusos en los centros de correcci\u00f3n y rehabilitaci\u00f3n"},"content":{"rendered":"\n<p><em><u>El acuerdo es por tres a\u00f1os y en su etapa inicial impartir\u00e1 las carreras de Psicolog\u00eda, menci\u00f3n Organizacional, Administraci\u00f3n de Empresas, Mercadeo y Contabi<\/u><\/em>lidad <\/p>\n\n\n\n<p><strong>SANTO DOMINGO, Rep\u00fablica Dominicana.-<\/strong>&nbsp;El Ministerio P\u00fablico, la Universidad de la Tercera Edad (UTE) y la Fundaci\u00f3n Mujeres por la Educaci\u00f3n (FUNMUJER), firmaron este jueves un acuerdo interinstitucional, el cual tiene por objeto realizar las coordinaciones de lugar que permitan impartir carreras profesionales y t\u00e9cnicas superiores a la poblaci\u00f3n de reclusos en los centros de correcci\u00f3n y rehabilitaci\u00f3n del Sistema Penitenciario en la Rep\u00fablica Dominicana.<\/p>\n\n\n\n<figure class=\"wp-block-gallery has-nested-images columns-default is-cropped wp-block-gallery-1 is-layout-flex wp-block-gallery-is-layout-flex\">\n<figure class=\"wp-block-image size-large\"><img loading=\"lazy\" decoding=\"async\" width=\"1024\" height=\"682\" data-id=\"513276\" src=\"https:\/\/diariodominicano.com\/wp-content\/uploads\/2024\/03\/La-PGR-y-DGSPC-firman-acuerdo-UTE-y-FUNMUJER_-1024x682.jpeg\" alt=\"\" class=\"wp-image-513276\" srcset=\"https:\/\/diariodominicano.com\/wp-content\/uploads\/2024\/03\/La-PGR-y-DGSPC-firman-acuerdo-UTE-y-FUNMUJER_-1024x682.jpeg 1024w, https:\/\/diariodominicano.com\/wp-content\/uploads\/2024\/03\/La-PGR-y-DGSPC-firman-acuerdo-UTE-y-FUNMUJER_-300x200.jpeg 300w, https:\/\/diariodominicano.com\/wp-content\/uploads\/2024\/03\/La-PGR-y-DGSPC-firman-acuerdo-UTE-y-FUNMUJER_-768x512.jpeg 768w, https:\/\/diariodominicano.com\/wp-content\/uploads\/2024\/03\/La-PGR-y-DGSPC-firman-acuerdo-UTE-y-FUNMUJER_-1536x1023.jpeg 1536w, https:\/\/diariodominicano.com\/wp-content\/uploads\/2024\/03\/La-PGR-y-DGSPC-firman-acuerdo-UTE-y-FUNMUJER_-816x544.jpeg 816w, https:\/\/diariodominicano.com\/wp-content\/uploads\/2024\/03\/La-PGR-y-DGSPC-firman-acuerdo-UTE-y-FUNMUJER_.jpeg 1600w\" sizes=\"auto, (max-width: 1024px) 100vw, 1024px\" \/><\/figure>\n<\/figure>\n\n\n\n<p>El acuerdo fue rubricado este por la magistrada Miriam Germ\u00e1n Brito, procuradora general de la Rep\u00fablica; por Altagracia N\u00fa\u00f1ez Batista, rectora de la UTE y Peggy Cabral Vda. Pe\u00f1a G\u00f3mez, presidenta de (FUNMUJER), en la sede de la Procuradur\u00eda General de la Rep\u00fablica.<\/p>\n\n\n\n<p>Al referirse a esta labor conjunta, Germ\u00e1n Brito destac\u00f3 la importancia de brindar las herramientas necesarias para una reinserci\u00f3n satisfactoria de los privados de libertad en la sociedad dominicana.<\/p>\n\n\n\n<figure class=\"wp-block-gallery has-nested-images columns-default is-cropped wp-block-gallery-2 is-layout-flex wp-block-gallery-is-layout-flex\">\n<figure class=\"wp-block-image size-large\"><img loading=\"lazy\" decoding=\"async\" width=\"1024\" height=\"682\" data-id=\"513275\" src=\"https:\/\/diariodominicano.com\/wp-content\/uploads\/2024\/03\/La-PGR-y-DGSPC-firman-acuerdo-con-la-UTE-y-FUNMUJER-1024x682.jpeg\" alt=\"\" class=\"wp-image-513275\" srcset=\"https:\/\/diariodominicano.com\/wp-content\/uploads\/2024\/03\/La-PGR-y-DGSPC-firman-acuerdo-con-la-UTE-y-FUNMUJER-1024x682.jpeg 1024w, https:\/\/diariodominicano.com\/wp-content\/uploads\/2024\/03\/La-PGR-y-DGSPC-firman-acuerdo-con-la-UTE-y-FUNMUJER-300x200.jpeg 300w, https:\/\/diariodominicano.com\/wp-content\/uploads\/2024\/03\/La-PGR-y-DGSPC-firman-acuerdo-con-la-UTE-y-FUNMUJER-768x512.jpeg 768w, https:\/\/diariodominicano.com\/wp-content\/uploads\/2024\/03\/La-PGR-y-DGSPC-firman-acuerdo-con-la-UTE-y-FUNMUJER-1536x1023.jpeg 1536w, https:\/\/diariodominicano.com\/wp-content\/uploads\/2024\/03\/La-PGR-y-DGSPC-firman-acuerdo-con-la-UTE-y-FUNMUJER-816x544.jpeg 816w, https:\/\/diariodominicano.com\/wp-content\/uploads\/2024\/03\/La-PGR-y-DGSPC-firman-acuerdo-con-la-UTE-y-FUNMUJER.jpeg 1600w\" sizes=\"auto, (max-width: 1024px) 100vw, 1024px\" \/><\/figure>\n<\/figure>\n\n\n\n<p>\u201cEste acuerdo tiene un valor extraordinario, esto nos permite preparar a los privados de libertad para que al salir de los centros penitenciarios tengan una herramienta para hacer un trabajo digno. Tiene un valor agregado, porque despu\u00e9s que una persona se ha preparado en una carrera, el valor extraordinario que eso tiene es porque con un trabajo de una persona formada y preparada, se inicia la reinserci\u00f3n y eso te dice que el individuo est\u00e1 realmente integrado a la sociedad\u201d.<\/p>\n\n\n\n<p>La titular del Ministerio P\u00fablico se\u00f1al\u00f3 que este tipo de formaci\u00f3n es fundamental para lograr que los privados de libertad, puedan percibir el valor que poseen como profesionales y que as\u00ed mismo sean valorados por la sociedad.&nbsp;<\/p>\n\n\n\n<figure class=\"wp-block-gallery has-nested-images columns-default is-cropped wp-block-gallery-3 is-layout-flex wp-block-gallery-is-layout-flex\">\n<figure class=\"wp-block-image size-large\"><img loading=\"lazy\" decoding=\"async\" width=\"1024\" height=\"682\" data-id=\"513276\" src=\"https:\/\/diariodominicano.com\/wp-content\/uploads\/2024\/03\/La-PGR-y-DGSPC-firman-acuerdo-UTE-y-FUNMUJER_-1024x682.jpeg\" alt=\"\" class=\"wp-image-513276\" srcset=\"https:\/\/diariodominicano.com\/wp-content\/uploads\/2024\/03\/La-PGR-y-DGSPC-firman-acuerdo-UTE-y-FUNMUJER_-1024x682.jpeg 1024w, https:\/\/diariodominicano.com\/wp-content\/uploads\/2024\/03\/La-PGR-y-DGSPC-firman-acuerdo-UTE-y-FUNMUJER_-300x200.jpeg 300w, https:\/\/diariodominicano.com\/wp-content\/uploads\/2024\/03\/La-PGR-y-DGSPC-firman-acuerdo-UTE-y-FUNMUJER_-768x512.jpeg 768w, https:\/\/diariodominicano.com\/wp-content\/uploads\/2024\/03\/La-PGR-y-DGSPC-firman-acuerdo-UTE-y-FUNMUJER_-1536x1023.jpeg 1536w, https:\/\/diariodominicano.com\/wp-content\/uploads\/2024\/03\/La-PGR-y-DGSPC-firman-acuerdo-UTE-y-FUNMUJER_-816x544.jpeg 816w, https:\/\/diariodominicano.com\/wp-content\/uploads\/2024\/03\/La-PGR-y-DGSPC-firman-acuerdo-UTE-y-FUNMUJER_.jpeg 1600w\" sizes=\"auto, (max-width: 1024px) 100vw, 1024px\" \/><\/figure>\n<\/figure>\n\n\n\n<p>\u201cEs algo inhumano tener una persona recluida y no darle un crecimiento intelectual. yo aspiro a que llegue el d\u00eda en no haya diferencia entre un privado de libertad egresado y una persona que haya hecho su trayectoria profesional en libertad, en crear las condiciones para que las personas que salen de los centros penitenciarios se sientan que tienen val\u00eda, que est\u00e1n formados, educados. Esto es, como dijo un poeta, una manifestaci\u00f3n de que se debe poner el acento en el hombro y eso es lo que estamos haciendo aqu\u00ed\u201d, sostuvo Germ\u00e1n Brito.<\/p>\n\n\n\n<p>Por su parte, N\u00fa\u00f1ez Batista destac\u00f3 el compromiso de la UTE, para lograr la formaci\u00f3n de los privados de libertad y con ello contribuir a un trato digno por parte de la sociedad dominicana.<\/p>\n\n\n\n<p>\u201cConsideramos que este es un programa con un gran car\u00e1cter humanitario, porque justamente va dirigido a favorecer y contribuir a que esos privados de libertad puedan ser reinsertados en la sociedad sin el temor a ser excluido y discriminados, entonces, en ese sentido para nosotros es de suma importancia la firma de este compendio. Hoy es el tiempo y hoy es el espacio de nosotros poder continuar contribuyendo con la formaci\u00f3n a nivel profesional de estas personas que tanto necesitan el apoyo humano, el apoyo espiritual y el apoyo intelectual de la sociedad\u201d, explic\u00f3.<\/p>\n\n\n\n<p>Cabral Vda. Pe\u00f1a G\u00f3mez, en su papel como presidenta de FUNMUJER, indic\u00f3 la prioridad que constituye esta labor para la fundaci\u00f3n que encabeza, mediante la cual procuran una nueva oportunidad y un cambio de vida para las personas privadas de libertad.<\/p>\n\n\n\n<p>\u201cTodo ser humano tiene derecho a la educaci\u00f3n, no importa en las condiciones que est\u00e9, entonces basado en eso nos hemos esforzado para que este programa crezca, para que podamos darle m\u00e1s espacio y conseguir que m\u00e1s reclusos puedan llegar a ser profesionales\u201d, precis\u00f3 .<\/p>\n\n\n\n<p>Veneficios y compromisos de este convenio<\/p>\n\n\n\n<p>Seg\u00fan lo establecido en el convenio firmado por estas instituciones, entre las carreras a impartir, en una primera etapa, se cuentan Psicolog\u00eda ,menci\u00f3n Organizacional, Administraci\u00f3n de Empresas, Mercadeo y Contabilidad.<\/p>\n\n\n\n<p>Para alcanzar el objetivo establecido en este convenio interinstitucional, el Ministerio P\u00fablico se ha comprometido a lograr que los internos realicen el pago de la inscripci\u00f3n y la reinscripci\u00f3n a un costo simb\u00f3lico de un (1.00) peso dominicano, a tomar las medidas de precauci\u00f3n necesarias a los fines de salvaguardar la integridad f\u00edsica de los facilitadores que est\u00e9n impartiendo docencia en los recintos carcelarios, as\u00ed como tambi\u00e9n en el caso de la aparici\u00f3n de cualquier brote de enfermedades infectocontagiosas que se puedan presentar en los referidos recintos.<\/p>\n\n\n\n<p>El Ministerio P\u00fablico se encargar\u00e1 de seleccionar a aquellos internos que deseen cursar una carrera de grado, los cuales deber\u00e1n cumplir con los requisitos establecidos por la UTE.<\/p>\n\n\n\n<p>El \u00f3rgano persecutor tambi\u00e9n tiene el compromiso de facilitar el acceso de la poblaci\u00f3n universitaria a los centros de correcci\u00f3n y rehabilitaci\u00f3n a nivel nacional, para que realicen trabajos de campo, investigaciones acad\u00e9micas y recorridos programados en sus instalaciones, siempre bajo la previa autorizaci\u00f3n de Direcci\u00f3n General de Servicios Penitenciarios (DGSP).<\/p>\n\n\n\n<p>El Ministerio P\u00fablico pondr\u00e1 a disposici\u00f3n de la Universidad, su cuerpo de profesores para impartir charlas y seminarios sobre los diferentes temas del Nuevo Modelo Penitenciario a su poblaci\u00f3n universitaria, as\u00ed como para consultas de los estudiantes en sus pr\u00e1cticas y trabajos de investigaci\u00f3n.<\/p>\n\n\n\n<p>Entre las responsabilidades adquiridas, la UTE se ha comprometido a cubrir los costos de matriculaci\u00f3n, a fomentar\u00e1 el esp\u00edritu de investigaci\u00f3n en la poblaci\u00f3n estudiantil de t\u00e9rmino de las diversas \u00e1reas del saber, a los fines de que elaboren su tesis de Grado y Post Grado, seleccionando temas relacionados con los asuntos penitenciarios.<\/p>\n\n\n\n<p>El centro de estudios superiores promover\u00e1 entre sus facilitadores, participantes y empleados la donaci\u00f3n de material bibliogr\u00e1fico para las bibliotecas de los centros de correcci\u00f3n y rehabilitaci\u00f3n y facilitar\u00e1 sus instalaciones para actividades educativas que sean organizadas por DGSPC, siempre que su programaci\u00f3n lo permita.<\/p>\n\n\n\n<p>Mediante el acuerdo, la UTE y FUNMUJER promover\u00e1n el desarrollo de actividades conjuntas con el Ministerio P\u00fablico, a los fines de educar a su poblaci\u00f3n de participantes sobre las particularidades y el nuevo concepto de Nuevo Modelo Penitenciario con el objetivo de cambiar la cultura penol\u00f3gica de la poblaci\u00f3n en formaci\u00f3n profesional.<\/p>\n\n\n\n<p>Este acuerdo de colaboraci\u00f3n tendr\u00e1 una duraci\u00f3n de tres (03) a\u00f1os. Vencido este plazo, si ninguna de las partes ha notificado su deseo de no formar parte de este, se entender\u00e1 que su vigencia se renueva t\u00e1cticamente por el mismo tiempo.<\/p>\n\n\n\n<p><strong>Direcci\u00f3n General de Comunicaci\u00f3n, Prensa, y RRPP<\/strong><strong><\/strong><\/p>\n\n\n\n<p>Ministerio P\u00fablico.&nbsp;R.D.<\/p>\n\n\n\n<p>Jueves, 7 de marzo de 2024<\/p>\n","protected":false},"excerpt":{"rendered":"<p>El acuerdo es por tres a\u00f1os y en su etapa inicial impartir\u00e1 las carreras de Psicolog\u00eda, menci\u00f3n Organizacional, Administraci\u00f3n de Empresas, Mercadeo y Contabilidad SANTO DOMINGO, Rep\u00fablica Dominicana.-&nbsp;El Ministerio P\u00fablico, la Universidad de la Tercera Edad (UTE) y la Fundaci\u00f3n Mujeres por la Educaci\u00f3n (FUNMUJER), firmaron este jueves un acuerdo interinstitucional, el cual tiene por [&hellip;]<\/p>\n","protected":false},"author":28,"featured_media":513277,"comment_status":"closed","ping_status":"","sticky":true,"template":"","format":"standard","meta":{"footnotes":""},"categories":[20,24,27],"tags":[],"class_list":["post-513214","post","type-post","status-publish","format-standard","has-post-thumbnail","hentry","category-dominicana-hoy","category-justicia-y-derecho","category-portada"],"_links":{"self":[{"href":"https:\/\/diariodominicano.com\/index.php?rest_route=\/wp\/v2\/posts\/513214","targetHints":{"allow":["GET"]}}],"collection":[{"href":"https:\/\/diariodominicano.com\/index.php?rest_route=\/wp\/v2\/posts"}],"about":[{"href":"https:\/\/diariodominicano.com\/index.php?rest_route=\/wp\/v2\/types\/post"}],"author":[{"embeddable":true,"href":"https:\/\/diariodominicano.com\/index.php?rest_route=\/wp\/v2\/users\/28"}],"replies":[{"embeddable":true,"href":"https:\/\/diariodominicano.com\/index.php?rest_route=%2Fwp%2Fv2%2Fcomments&post=513214"}],"version-history":[{"count":4,"href":"https:\/\/diariodominicano.com\/index.php?rest_route=\/wp\/v2\/posts\/513214\/revisions"}],"predecessor-version":[{"id":513290,"href":"https:\/\/diariodominicano.com\/index.php?rest_route=\/wp\/v2\/posts\/513214\/revisions\/513290"}],"wp:featuredmedia":[{"embeddable":true,"href":"https:\/\/diariodominicano.com\/index.php?rest_route=\/wp\/v2\/media\/513277"}],"wp:attachment":[{"href":"https:\/\/diariodominicano.com\/index.php?rest_route=%2Fwp%2Fv2%2Fmedia&parent=513214"}],"wp:term":[{"taxonomy":"category","embeddable":true,"href":"https:\/\/diariodominicano.com\/index.php?rest_route=%2Fwp%2Fv2%2Fcategories&post=513214"},{"taxonomy":"post_tag","embeddable":true,"href":"https:\/\/diariodominicano.com\/index.php?rest_route=%2Fwp%2Fv2%2Ftags&post=513214"}],"curies":[{"name":"wp","href":"https:\/\/api.w.org\/{rel}","templated":true}]}}