{"id":513207,"date":"2024-03-07T17:54:50","date_gmt":"2024-03-07T21:54:50","guid":{"rendered":"https:\/\/diariodominicano.com\/?p=513207"},"modified":"2024-03-07T17:55:44","modified_gmt":"2024-03-07T21:55:44","slug":"inicia-clasico-de-mountain-bike-la-fefada-este-domingo10-en-parque-ecodeportivo-caballona","status":"publish","type":"post","link":"https:\/\/diariodominicano.com\/?p=513207","title":{"rendered":"Inicia Cl\u00e1sico de Mountain Bike \u201cLa Fefada\u00bb este domingo10 en Parque Ecodeportivo Caballona"},"content":{"rendered":"\n<p>Santo Domingo, RD.- Con la participaci\u00f3n de m\u00e1s de 150 ciclistas inicia este domingo 10 de marzo Cl\u00e1sico de Mountain Bike \u201cLa FEFADA\u00bb en el Parque Ecodeportivo de Caballona.<\/p>\n\n\n\n<figure class=\"wp-block-image size-large\"><img loading=\"lazy\" decoding=\"async\" width=\"768\" height=\"1024\" src=\"https:\/\/diariodominicano.com\/wp-content\/uploads\/2024\/03\/MTB-Fefada-2-768x1024.jpg\" alt=\"\" class=\"wp-image-513209\" srcset=\"https:\/\/diariodominicano.com\/wp-content\/uploads\/2024\/03\/MTB-Fefada-2-768x1024.jpg 768w, https:\/\/diariodominicano.com\/wp-content\/uploads\/2024\/03\/MTB-Fefada-2-225x300.jpg 225w, https:\/\/diariodominicano.com\/wp-content\/uploads\/2024\/03\/MTB-Fefada-2-816x1088.jpg 816w, https:\/\/diariodominicano.com\/wp-content\/uploads\/2024\/03\/MTB-Fefada-2.jpg 960w\" sizes=\"auto, (max-width: 768px) 100vw, 768px\" \/><\/figure>\n\n\n\n<p>Es una serie puntuable de 4 carreras que desde el a\u00f1o 2001 viene realizando PlanetBike en el Gran Santo Domingo, en un circuito donde el ciclista es exigido desde su inicio, a partir de las 9:00 am.<\/p>\n\n\n\n<p>Participan los principales Ciclistas de la modalidad MTB de todo el pa\u00eds, distribuidos en 19 categor\u00edas que incluyen Infantiles, PreJuveniles, Juveniles, Sub23, Elite y Master en todas sus categor\u00edas, tanto en la rama masculino como femenina. Se esperan unos 200 ciclistas en esta ocasi\u00f3n.<\/p>\n\n\n\n<figure class=\"wp-block-image size-large\"><img loading=\"lazy\" decoding=\"async\" width=\"1024\" height=\"680\" src=\"https:\/\/diariodominicano.com\/wp-content\/uploads\/2024\/03\/MTB-Fefada-5-1024x680.jpg\" alt=\"\" class=\"wp-image-513210\" srcset=\"https:\/\/diariodominicano.com\/wp-content\/uploads\/2024\/03\/MTB-Fefada-5-1024x680.jpg 1024w, https:\/\/diariodominicano.com\/wp-content\/uploads\/2024\/03\/MTB-Fefada-5-300x199.jpg 300w, https:\/\/diariodominicano.com\/wp-content\/uploads\/2024\/03\/MTB-Fefada-5-768x510.jpg 768w, https:\/\/diariodominicano.com\/wp-content\/uploads\/2024\/03\/MTB-Fefada-5-816x542.jpg 816w, https:\/\/diariodominicano.com\/wp-content\/uploads\/2024\/03\/MTB-Fefada-5.jpg 1044w\" sizes=\"auto, (max-width: 1024px) 100vw, 1024px\" \/><\/figure>\n\n\n\n<p><strong>\u00daltima ser\u00e1 internacional<\/strong><\/p>\n\n\n\n<p>La novedad de esta temporada es que PlanetBike quiere concluir como una Fefada MTB Internacional, avalada por la Union de Ciclists Internacional (UCI).<\/p>\n\n\n\n<p>Para ello est\u00e1 gestionando con la Federaci\u00f3n Dominicana de Ciclismo su inclusi\u00f3n en el calendario internacional de la Uni\u00f3n Ciclista Internacional (UCI), de manera que nuestros principales corredores tengan la oportunidad de enfrentarse a ciclistas extranjeros en nuestro patio y poder adquirir puntos UCI sin tener que irlo a buscar a otros pa\u00edses.<\/p>\n\n\n\n<p>La fecha prevista de esta competencia es el 27 y 18 de julio, el escenario, La pista de MTB del Parque Ecodeportivo de Caballona.<\/p>\n\n\n\n<p>Las inscripciones est\u00e1n a\u00fan abiertas y pueden encontrar el link de inscripci\u00f3n en las redes sociales de PlanetbikeRD o llamando al tel\u00e9fono 829-535-2152.<\/p>\n\n\n\n<p>generoso castillo<\/p>\n\n\n\n<p><a target=\"_blank\" href=\"mailto:genecalia@yahoo.com\" rel=\"noreferrer noopener\">genecalia@yahoo.com<\/a><\/p>\n\n\n\n<p><strong>DR. GENEROSO CASTILLO<\/strong><\/p>\n\n\n\n<p><strong>GENECA EMPRESARIAL Y ASOC&#8230;<\/strong><\/p>\n","protected":false},"excerpt":{"rendered":"<p>Santo Domingo, RD.- Con la participaci\u00f3n de m\u00e1s de 150 ciclistas inicia este domingo 10 de marzo Cl\u00e1sico de Mountain Bike \u201cLa FEFADA\u00bb en el Parque Ecodeportivo de Caballona. Es una serie puntuable de 4 carreras que desde el a\u00f1o 2001 viene realizando PlanetBike en el Gran Santo Domingo, en un circuito donde el ciclista [&hellip;]<\/p>\n","protected":false},"author":28,"featured_media":513208,"comment_status":"closed","ping_status":"","sticky":true,"template":"","format":"standard","meta":{"footnotes":""},"categories":[36,17,25,27],"tags":[],"class_list":["post-513207","post","type-post","status-publish","format-standard","has-post-thumbnail","hentry","category-hombresmujeresycosas","category-deportes","category-gente","category-portada"],"_links":{"self":[{"href":"https:\/\/diariodominicano.com\/index.php?rest_route=\/wp\/v2\/posts\/513207","targetHints":{"allow":["GET"]}}],"collection":[{"href":"https:\/\/diariodominicano.com\/index.php?rest_route=\/wp\/v2\/posts"}],"about":[{"href":"https:\/\/diariodominicano.com\/index.php?rest_route=\/wp\/v2\/types\/post"}],"author":[{"embeddable":true,"href":"https:\/\/diariodominicano.com\/index.php?rest_route=\/wp\/v2\/users\/28"}],"replies":[{"embeddable":true,"href":"https:\/\/diariodominicano.com\/index.php?rest_route=%2Fwp%2Fv2%2Fcomments&post=513207"}],"version-history":[{"count":2,"href":"https:\/\/diariodominicano.com\/index.php?rest_route=\/wp\/v2\/posts\/513207\/revisions"}],"predecessor-version":[{"id":513212,"href":"https:\/\/diariodominicano.com\/index.php?rest_route=\/wp\/v2\/posts\/513207\/revisions\/513212"}],"wp:featuredmedia":[{"embeddable":true,"href":"https:\/\/diariodominicano.com\/index.php?rest_route=\/wp\/v2\/media\/513208"}],"wp:attachment":[{"href":"https:\/\/diariodominicano.com\/index.php?rest_route=%2Fwp%2Fv2%2Fmedia&parent=513207"}],"wp:term":[{"taxonomy":"category","embeddable":true,"href":"https:\/\/diariodominicano.com\/index.php?rest_route=%2Fwp%2Fv2%2Fcategories&post=513207"},{"taxonomy":"post_tag","embeddable":true,"href":"https:\/\/diariodominicano.com\/index.php?rest_route=%2Fwp%2Fv2%2Ftags&post=513207"}],"curies":[{"name":"wp","href":"https:\/\/api.w.org\/{rel}","templated":true}]}}