{"id":513132,"date":"2024-03-07T13:36:58","date_gmt":"2024-03-07T17:36:58","guid":{"rendered":"https:\/\/diariodominicano.com\/?p=513132"},"modified":"2024-03-07T13:36:58","modified_gmt":"2024-03-07T17:36:58","slug":"gisele-bundchen-se-une-a-arezzo-en-la-campana-on-my-way-un-encuentro-de-elegancia-y-audacia-en-la-moda-femenina","status":"publish","type":"post","link":"https:\/\/diariodominicano.com\/?p=513132","title":{"rendered":"Gisele B\u00fcndchen se une a Arezzo en la campa\u00f1a \u201cOn My Way\u201d: Un encuentro de elegancia y audacia en la moda femenina"},"content":{"rendered":"\n<p>La supermodelo internacional Gisele B\u00fcndchen anunci\u00f3 este mi\u00e9rcoles su colaboraci\u00f3n con la renombrada marca de calzado femenino Arezzo como imagen principal de la campa\u00f1a \u201cOn My Way\u201d. La alianza combina la ic\u00f3nica presencia de B\u00fcndchen con la audacia y autenticidad de Arezzo, prometiendo una experiencia \u00fanica en la moda femenina.<br><br>Bajo la direcci\u00f3n creativa de Giovanni Blanco, la colecci\u00f3n \u201cOn My Way\u201d encapsula la esencia de explorar nuevos caminos con una mezcla vanguardista de materiales y metales dorados. Desde botas altas hasta bailarinas de mu\u00f1eca, maxi bolsos y cinturones con estampados exclusivos, la colecci\u00f3n fusiona elegancia y modernidad con tonalidades c\u00e1lidas de marr\u00f3n y destellos metalizados.<br><br>Arezzo, l\u00edder mundial en moda de calzado femenino, celebra m\u00e1s de cinco d\u00e9cadas en la industria con presencia en m\u00e1s de 50 pa\u00edses a trav\u00e9s de una red de distribuci\u00f3n que incluye franquicias y 450 tiendas minoristas. Ha florecido desde sus inicios como una idea entre los hermanos Anderson y Jefferson Birman en 1972, convirti\u00e9ndose en la marca de calzado de moda femenina m\u00e1s grande de Latinoam\u00e9rica.<br>Reconocida como creadora de tendencias, Arezzo ha sido vista por figuras influyentes como Victoria Beckham, Isabela Grutman, Elena Galera, Alix Earle y Winnie Harlow. Su participaci\u00f3n en los eventos de moda m\u00e1s destacados del mundo ha consolidado su reputaci\u00f3n como una marca Top of Mind en el segmento de calzado, gracias a la calidad excepcional de sus dise\u00f1os en cuero real.<br><br>La esencia de Arezzo se inspira en la mujer real, libre y \u00fanica, que valora la comodidad sin sacrificar la elegancia. Con m\u00e1s de 7.000 personas comprometidas con la artesan\u00eda y procesos de fabricaci\u00f3n innovadores, la marca se mantiene vigente en el tiempo adaptando las tendencias desde la diversidad.<br><br>Arezzo refleja a la mujer contempor\u00e1nea, protagonista de su propia historia, ofreciendo opciones adaptadas a su realidad con un estilo \u00fanico. La colaboraci\u00f3n con Gisele B\u00fcndchen en la campa\u00f1a \u201cOn My Way\u201d promete llevar esta visi\u00f3n a nuevas alturas, trascendiendo generaciones y brindando confianza a cada mujer en su d\u00eda a d\u00eda.<br><br>M\u00e1s informaci\u00f3n sobre la colaboraci\u00f3n y la colecci\u00f3n \u201cOn My Way\u201d:\u00a0<br>Instagram:<a href=\"https:\/\/michelsuarez.us17.list-manage.com\/track\/click?u=ed4b953a69f2cd18e92677996&amp;id=6a88b98eb4&amp;e=78fbc7c4d3\" target=\"_blank\" rel=\"noreferrer noopener\"> Arezzo USA<\/a> <br>Sitio web: <a href=\"https:\/\/michelsuarez.us17.list-manage.com\/track\/click?u=ed4b953a69f2cd18e92677996&amp;id=da649f8020&amp;e=78fbc7c4d3\" target=\"_blank\" rel=\"noreferrer noopener\">Arezzo\u00a0<\/a><\/p>\n","protected":false},"excerpt":{"rendered":"<p>La supermodelo internacional Gisele B\u00fcndchen anunci\u00f3 este mi\u00e9rcoles su colaboraci\u00f3n con la renombrada marca de calzado femenino Arezzo como imagen principal de la campa\u00f1a \u201cOn My Way\u201d. La alianza combina la ic\u00f3nica presencia de B\u00fcndchen con la audacia y autenticidad de Arezzo, prometiendo una experiencia \u00fanica en la moda femenina. Bajo la direcci\u00f3n creativa de [&hellip;]<\/p>\n","protected":false},"author":7,"featured_media":513152,"comment_status":"closed","ping_status":"","sticky":true,"template":"","format":"standard","meta":{"footnotes":""},"categories":[25,27],"tags":[],"class_list":["post-513132","post","type-post","status-publish","format-standard","has-post-thumbnail","hentry","category-gente","category-portada"],"_links":{"self":[{"href":"https:\/\/diariodominicano.com\/index.php?rest_route=\/wp\/v2\/posts\/513132","targetHints":{"allow":["GET"]}}],"collection":[{"href":"https:\/\/diariodominicano.com\/index.php?rest_route=\/wp\/v2\/posts"}],"about":[{"href":"https:\/\/diariodominicano.com\/index.php?rest_route=\/wp\/v2\/types\/post"}],"author":[{"embeddable":true,"href":"https:\/\/diariodominicano.com\/index.php?rest_route=\/wp\/v2\/users\/7"}],"replies":[{"embeddable":true,"href":"https:\/\/diariodominicano.com\/index.php?rest_route=%2Fwp%2Fv2%2Fcomments&post=513132"}],"version-history":[{"count":1,"href":"https:\/\/diariodominicano.com\/index.php?rest_route=\/wp\/v2\/posts\/513132\/revisions"}],"predecessor-version":[{"id":513153,"href":"https:\/\/diariodominicano.com\/index.php?rest_route=\/wp\/v2\/posts\/513132\/revisions\/513153"}],"wp:featuredmedia":[{"embeddable":true,"href":"https:\/\/diariodominicano.com\/index.php?rest_route=\/wp\/v2\/media\/513152"}],"wp:attachment":[{"href":"https:\/\/diariodominicano.com\/index.php?rest_route=%2Fwp%2Fv2%2Fmedia&parent=513132"}],"wp:term":[{"taxonomy":"category","embeddable":true,"href":"https:\/\/diariodominicano.com\/index.php?rest_route=%2Fwp%2Fv2%2Fcategories&post=513132"},{"taxonomy":"post_tag","embeddable":true,"href":"https:\/\/diariodominicano.com\/index.php?rest_route=%2Fwp%2Fv2%2Ftags&post=513132"}],"curies":[{"name":"wp","href":"https:\/\/api.w.org\/{rel}","templated":true}]}}