{"id":513110,"date":"2024-03-07T01:38:24","date_gmt":"2024-03-07T05:38:24","guid":{"rendered":"https:\/\/diariodominicano.com\/?p=513110"},"modified":"2024-03-07T01:38:24","modified_gmt":"2024-03-07T05:38:24","slug":"eeuu-insta-al-primer-ministro-henry-a-acelerar-una-transicion-en-haiti","status":"publish","type":"post","link":"https:\/\/diariodominicano.com\/?p=513110","title":{"rendered":"EEUU insta al primer ministro Henry a \u00abacelerar\u00bb una transici\u00f3n en Hait\u00ed"},"content":{"rendered":"\n<p>El avi\u00f3n a bordo del cual lleg\u00f3 el martes el primer Ministro de Hait\u00ed, Ariel Henry, permanece estacionado en el Aeropuerto Internacional Luis Mu\u00f1oz Mar\u00edn en San Juan, Puerto Rico, el 6 de marzo de 2024.<\/p>\n\n\n\n<p>marzo 06, 2024<\/p>\n\n\n\n<ul class=\"wp-block-list\">\n<li><a href=\"https:\/\/www.vozdeamerica.com\/author\/luis-felipe-rojas\/rguyp\">Luis Felipe Rojas<\/a><\/li>\n<\/ul>\n\n\n\n<ul class=\"wp-block-list\">\n<li><a href=\"https:\/\/facebook.com\/sharer.php?u=https%3a%2f%2fwww.vozdeamerica.com%2fa%2festados-unidos-insta-ariel-henry-acelere-transicion-haiti-%2f7516461.html\" target=\"_blank\" rel=\"noreferrer noopener\"><\/a><\/li>\n\n\n\n<li><a href=\"https:\/\/twitter.com\/share?url=https%3a%2f%2fwww.vozdeamerica.com%2fa%2festados-unidos-insta-ariel-henry-acelere-transicion-haiti-%2f7516461.html&amp;text=EEUU+insta+al+primer+ministro+Henry+a+%22acelerar%22+una+transici%c3%b3n+en+Hait%c3%ad\" target=\"_blank\" rel=\"noreferrer noopener\"><\/a><\/li>\n\n\n\n<li><\/li>\n\n\n\n<li><a href=\"mailto:?body=https%3a%2f%2fwww.vozdeamerica.com%2fa%2festados-unidos-insta-ariel-henry-acelere-transicion-haiti-%2f7516461.html&amp;subject=EEUU%20insta%20al%20primer%20ministro%20Henry%20a%20%22acelerar%22%20una%20transici%C3%B3n%20en%20Hait%C3%AD\"><\/a><\/li>\n<\/ul>\n\n\n\n<p><a href=\"https:\/\/www.vozdeamerica.com\/a\/estados-unidos-insta-ariel-henry-acelere-transicion-haiti-\/7516461.html#comments\">&nbsp;Vea comentarios<\/a><\/p>\n\n\n\n<p>Estados Unidos pide al premier haitiano, Ariel Henry, que acelere un proceso de transici\u00f3n pol\u00edtica en el pa\u00eds caribe\u00f1o, azotado por la inseguridad y la violencia que han desatado las pandillas. La ONU urge a la toma de decisiones ante el aumento de la violencia.<\/p>\n\n\n\n<p>La&nbsp;<strong><em><a href=\"https:\/\/www.vozdeamerica.com\/a\/onu-llamado-haiti-\/7063976.html\" target=\"_blank\" rel=\"noreferrer noopener\">ca\u00f3tica situaci\u00f3n de seguridad<\/a><\/em><\/strong>&nbsp;que se ha desatado en Hait\u00ed en los \u00faltimos d\u00edas ha llevado al gobierno de Estados Unidos, junto a socios regionales, a pedirle al primer ministro Ariel Henry que acelere un proceso de transici\u00f3n en la naci\u00f3n caribe\u00f1a.<\/p>\n\n\n\n<p>A una pregunta de los reporteros este mi\u00e9rcoles en la rueda de prensa vespertina, el secretario de prensa del Departamento de Estado, Matthew Miller neg\u00f3 que Washington estuviera apremiando a Henry a renunciar.<\/p>\n\n\n\n<p>\u00abNo lo estamos pidiendo, ni presionando para que renuncie, pero s\u00ed lo instamos a acelerar la transici\u00f3n hacia una estructura de gobernanza empoderada e inclusiva\u00bb, dijo Miller.<\/p>\n\n\n\n<p>Explic\u00f3 que EEUU trabaja de cerca con los miembros de la Comunidad del Caribe (CARICOM), y en conjunto consideran que esta ser\u00eda la v\u00eda para \u00abayudar al pa\u00eds a prepararse para una misi\u00f3n multinacional de apoyo a la seguridad y as\u00ed abordar la situaci\u00f3n actual y allanar el camino para elecciones libres y justas\u00bb.<\/p>\n\n\n\n<p><a href=\"https:\/\/www.vozdeamerica.com\/a\/eeuu-acelera-envio-fuerza-multilalateral-haiti-\/7514855.html\"><\/a><\/p>\n\n\n\n<p><a href=\"https:\/\/www.vozdeamerica.com\/a\/eeuu-acelera-envio-fuerza-multilalateral-haiti-\/7514855.html\">TAMBI\u00c9N LEA<\/a><\/p>\n\n\n\n<h4 class=\"wp-block-heading\"><a href=\"https:\/\/www.vozdeamerica.com\/a\/eeuu-acelera-envio-fuerza-multilalateral-haiti-\/7514855.html\">Henry aterriza en Puerto Rico, mientras Hait\u00ed permanece bajo el asedio de las pandillas<\/a><\/h4>\n\n\n\n<p>Henry ocupa el cargo de primer ministro desde julio de 2021, cuando un comando internacional asesin\u00f3 al presidente Jovenel Mo\u00efse.<\/p>\n\n\n\n<p>El Consejo de Seguridad de la ONU&nbsp;<strong><em><a href=\"https:\/\/www.vozdeamerica.com\/a\/onu-autoriza-mision-seguridad-haiti-\/7293814.html\" target=\"_blank\" rel=\"noreferrer noopener\">aprob\u00f3 en octubre de 2023<\/a><\/em><\/strong>&nbsp;el uso de una fuerza multinacional para restituir la seguridad en el pa\u00eds ante el auge de la violencia de las pandillas y Henry viaj\u00f3 a Kenia la semana pasada para firmar el acuerdo con el gobierno africano.<\/p>\n\n\n\n<p>El martes&nbsp;<strong><em><a href=\"https:\/\/www.vozdeamerica.com\/a\/pandillas-intentan-tomar-el-control-del-principal-aeropuerto-de-haiti\/7514256.html\" target=\"_blank\" rel=\"noreferrer noopener\">Henry aterriz\u00f3 en San Juan<\/a><\/em><\/strong>, Puerto Rico, despu\u00e9s de que Rep\u00fablica Dominicana le negara permiso para aterrizar, seg\u00fan constat\u00f3 la&nbsp;<strong><em>Voz de Am\u00e9rica<\/em><\/strong>. Un d\u00eda antes, bandas armadas intentaron tomar por la fuerza el Aeropuerto Internacional Toussaint Louverture, de la capital haitiana, y las autoridades ordenaron el cierre de la terminal a\u00e9rea.<\/p>\n\n\n\n<p>Miller dijo que urge el nombramiento de un Consejo de Transici\u00f3n en Hait\u00ed, donde no se celebran elecciones desde 2017 en que Mo\u00efse ocup\u00f3 el poder.<\/p>\n\n\n\n<p>\u00abSiempre hemos sido claros en que tiene que haber una transici\u00f3n hacia elecciones libres y justas en Hait\u00ed\u00bb, recalc\u00f3.<\/p>\n\n\n\n<figure class=\"wp-block-image\"><a href=\"https:\/\/www.vozdeamerica.com\/a\/en-fotos-haiti-bajo-el-asedio-de-las-pandillas\/7516616.html\"><img decoding=\"async\" src=\"https:\/\/gdb.voanews.com\/01000000-c0a8-0242-2fa4-08dc3e1d336c_w650_r1_s.jpg\" alt=\"Hait\u00ed bajo el asedio de las pandillas\"\/><\/a><figcaption class=\"wp-element-caption\">Galer\u00eda de fotosHait\u00ed bajo el asedio de las pandillas<\/figcaption><\/figure>\n\n\n\n<h3 class=\"wp-block-heading\">Impulso regional<\/h3>\n\n\n\n<p>La embajadora de EEUU ante la ONU, Thomas-Greenfield, dijo que pudo conversar con Henry en la reuni\u00f3n del CARICOM a inicios de febrero, donde le expres\u00f3 los deseos de la comunidad regional.<\/p>\n\n\n\n<p>\u00abCreemos que es urgente impulsar esto directamente y luego el proceso de restauraci\u00f3n de la normalidad para el pueblo haitiano\u00bb, dijo. \u00abCreemos que es urgente impulsar esto directamente y luego el proceso de restauraci\u00f3n de la normalidad para el pueblo haitiano\u00bb.<\/p>\n\n\n\n<p>Henry no ha hecho declaraciones p\u00fablicas desde los sucesos del s\u00e1bado y domingo cuando un grupo armado liber\u00f3 a casi 4.000 presos de la principal c\u00e1rcel del pa\u00eds.<\/p>\n\n\n\n<p><a href=\"https:\/\/www.vozdeamerica.com\/a\/haiti-impone-toque-de-queda-\/7512616.html\"><\/a><\/p>\n\n\n\n<p><a href=\"https:\/\/www.vozdeamerica.com\/a\/haiti-impone-toque-de-queda-\/7512616.html\">TAMBI\u00c9N LEA<\/a><\/p>\n\n\n\n<h4 class=\"wp-block-heading\"><a href=\"https:\/\/www.vozdeamerica.com\/a\/haiti-impone-toque-de-queda-\/7512616.html\">Hait\u00ed impone toque de queda tras violento fin de semana<\/a><\/h4>\n\n\n\n<p>La agencia&nbsp;<em>Reuters<\/em>&nbsp;public\u00f3 este mi\u00e9rcoles fotos del avi\u00f3n en que el premier haitiano lleg\u00f3 a Puerto Rico.<\/p>\n\n\n\n<p>\u00abSimplemente no voy a hablar de sus planes de viaje. Creo que es apropiado que \u00e9l haga esos anuncios\u00bb, respondi\u00f3 Miller a los reporteros cuando indagaron sobre el paradero de Henry.<\/p>\n\n\n\n<p>Seg\u00fan agencias de la ONU, en 2023 ocurrieron m\u00e1s de 8.400 asesinatos en Hait\u00ed, m\u00e1s del doble de la cifra reportada en 2022.<\/p>\n\n\n\n<h3 class=\"wp-block-heading\">ONU: Proteger las vidas humanas<\/h3>\n\n\n\n<p>En la tarde de este mi\u00e9rcoles el Consejo de Seguridad de la ONU se reuni\u00f3 a puerta cerrada para ventilar la dif\u00edcil situaci\u00f3n de Hait\u00ed.<\/p>\n\n\n\n<p>El jefe de la Comisi\u00f3n de Derechos Humanos de las Naciones Unidas, Volker Turk, aprovech\u00f3 el encuentro para pedir a la comunidad internacional que act\u00fae con urgencia para ayudar a la peque\u00f1a naci\u00f3n caribe\u00f1a.<\/p>\n\n\n\n<p>\u00abEn la reuni\u00f3n del Consejo de Seguridad de hoy, ped\u00ed el despliegue urgente de la Misi\u00f3n Multinacional de Seguridad en Hait\u00ed (MSS) para apoyar a la polic\u00eda nacional, a fin de suministrar seguridad para el pueblo haitiano en condiciones que est\u00e9n de acuerdo con los est\u00e1ndares y normativas de derechos humanos\u00bb, explic\u00f3. \u201cLa realidad es que en el contexto actual no existen alternativas realistas para proteger la vida humana. El tiempo se nos acaba\u201d.<\/p>\n\n\n\n<p><a href=\"https:\/\/www.vozdeamerica.com\/a\/onu-ambiciosa-respuesta-humanitaria-haiti-\/7504944.html\"><\/a><\/p>\n\n\n\n<p><a href=\"https:\/\/www.vozdeamerica.com\/a\/onu-ambiciosa-respuesta-humanitaria-haiti-\/7504944.html\">TAMBI\u00c9N LEA<\/a><\/p>\n\n\n\n<h4 class=\"wp-block-heading\"><a href=\"https:\/\/www.vozdeamerica.com\/a\/onu-ambiciosa-respuesta-humanitaria-haiti-\/7504944.html\">La ONU impulsa ambiciosa respuesta humanitaria para Hait\u00ed<\/a><\/h4>\n\n\n\n<p>M\u00e1s tarde el portavoz del secretario general de la ONU, St\u00e9phane Dujarric, dijo en un intercambio con periodistas que la mayor\u00eda de los 15.000 desplazados internos por la violencia, son mujeres y ni\u00f1os.<\/p>\n\n\n\n<p>Dujarric apunt\u00f3 tambi\u00e9n que Antonio Guterres, secretario general de las Naciones Unidas, reitera \u201csu llamado al gobierno de Hait\u00ed y a todas las partes haitianas interesadas, a dejar de lado sus diferencias y avanzar por un camino com\u00fan hacia la restauraci\u00f3n de las instituciones democr\u00e1ticas\u201d.<\/p>\n\n\n\n<p>\u201cLa infraestructura sanitaria est\u00e1 al borde del colapso. El principal hospital p\u00fablico de Puerto Pr\u00edncipe cerr\u00f3 debido a la violencia y a la imposibilidad del personal de llegar al hospital para ayudar a las personas que necesitan ayuda\u201d, describi\u00f3 Dujarric.<\/p>\n\n\n\n<p><em>[Sandra Lemaire, del servicio en Creole de la VOA, contribuy\u00f3 con este reporte. Contiene tambi\u00e9n informaci\u00f3n de Reuters y The Associated Press]<\/em><\/p>\n\n\n\n<figure class=\"wp-block-image\"><img decoding=\"async\" src=\"https:\/\/gdb.voanews.com\/01000000-0aff-0242-c0f7-08dc3e1980ab_tv_w650_r1.jpg\" alt=\"No cesa la ola de violencia en Hait\u00ed, primer ministro permanece en Puerto Rico\" title=\"No cesa la ola de violencia en Hait\u00ed, primer ministro permanece en Puerto Rico\"\/><\/figure>\n\n\n\n<p><video poster=\"https:\/\/gdb.voanews.com\/01000000-0aff-0242-c0f7-08dc3e1980ab_tv_w650_r1.jpg\" src=\"blob:https:\/\/www.vozdeamerica.com\/e799b162-d200-441c-b459-bd1eefa4a4af\"><\/video><\/p>\n\n\n\n<p>&nbsp;INSERTAR&nbsp;SHARE<\/p>\n\n\n\n<h5 class=\"wp-block-heading\"><a href=\"https:\/\/www.vozdeamerica.com\/a\/estados-unidos-insta-ariel-henry-acelere-transicion-haiti-\/7516575.html\" target=\"_blank\" rel=\"noreferrer noopener\">No cesa la ola de violencia en Hait\u00ed, primer ministro permanece en Puerto Rico<\/a><\/h5>\n\n\n\n<p>&nbsp;INSERTAR&nbsp;SHARE<\/p>\n\n\n\n<p>El c\u00f3digo se ha copiado en su portapapeles.<\/p>\n\n\n\n<hr class=\"wp-block-separator has-alpha-channel-opacity\"\/>\n\n\n\n<p>Ancho&nbsp;&nbsp;pxAltura&nbsp;&nbsp;px<\/p>\n\n\n\n<ul class=\"wp-block-list\">\n<li><a href=\"https:\/\/facebook.com\/sharer.php?u=https%3a%2f%2fwww.vozdeamerica.com%2fa%2f7516575.html\" target=\"_blank\" rel=\"noreferrer noopener\">Comparta en Facebook<\/a><\/li>\n\n\n\n<li><a href=\"https:\/\/twitter.com\/share?url=https%3a%2f%2fwww.vozdeamerica.com%2fa%2f7516575.html&amp;text=No+cesa+la+ola+de+violencia+en+Hait%c3%ad%2c+primer+ministro+permanece+en+Puerto+Rico\" target=\"_blank\" rel=\"noreferrer noopener\">Comparta en Twitter<\/a><\/li>\n<\/ul>\n\n\n\n<hr class=\"wp-block-separator has-alpha-channel-opacity\"\/>\n\n\n\n<p>The URL has been copied to your clipboard<\/p>\n\n\n\n<ul class=\"wp-block-list\">\n<li>Auto<\/li>\n\n\n\n<li>240p<\/li>\n\n\n\n<li>360p<\/li>\n\n\n\n<li>480p<\/li>\n\n\n\n<li>720p<\/li>\n\n\n\n<li>1080p<\/li>\n<\/ul>\n\n\n\n<p>No media source currently available<\/p>\n\n\n\n<p>0:001:380:20<\/p>\n\n\n\n<ul class=\"wp-block-list\">\n<li><\/li>\n\n\n\n<li><\/li>\n\n\n\n<li><\/li>\n\n\n\n<li><\/li>\n\n\n\n<li><\/li>\n\n\n\n<li><\/li>\n<\/ul>\n\n\n\n<p><a href=\"https:\/\/www.vozdeamerica.com\/embed\/player\/Article\/7516575.html?type=video&amp;FullScreenMode=True\" target=\"_blank\" rel=\"noreferrer noopener\"><\/a><\/p>\n\n\n\n<p>&nbsp;Descargar&nbsp;<\/p>\n\n\n\n<p><em><strong>\u00a1Con\u00e9ctate con la Voz de Am\u00e9rica! Suscr\u00edbete a nuestros canales de<\/strong><a href=\"https:\/\/nam10.safelinks.protection.outlook.com\/?url=https%3A%2F%2Fwww.youtube.com%2Fredirect%3Fevent%3Dvideo_description%26redir_token%3DQUFFLUhqa0NnRmlwS0luajhoQjlQT05lLXNVWXdadTNCUXxBQ3Jtc0ttLW1XeUJ2X3dMc0dPQTFWdWtoNkFjNFdwd2tzQUJTY2FpcW9NMEtCUnZVSHpJVGM0UUxMZzJrY1YyclNBM1pqTEhDM0tfdFE0SVExZkxVUnhUZ2ExZFFYTHphdzJIb1ZsbXJ0N0UwTWhLQ0YyaENSQQ%26q%3Dhttp%253A%252F%252Fbit.ly%252F2XpJNZj&amp;data=05%7C01%7Cgocando%40associates.voanews.com%7C85e4290da0bc44559b1208db9a78d6f3%7Cba99e87c673541c2b1c1354eee3a8659%7C0%7C0%7C638273616021819023%7CUnknown%7CTWFpbGZsb3d8eyJWIjoiMC4wLjAwMDAiLCJQIjoiV2luMzIiLCJBTiI6Ik1haWwiLCJXVCI6Mn0%3D%7C3000%7C%7C%7C&amp;sdata=kRr%2FwDwZSW6a2HxHlKx5fTtATO%2FHLLvji8ystpk3eL4%3D&amp;reserved=0\" target=\"_blank\" rel=\"noreferrer noopener\"><strong>&nbsp;YouTube<\/strong><\/a><strong>,&nbsp;<\/strong><a href=\"https:\/\/nam10.safelinks.protection.outlook.com\/?url=https%3A%2F%2Fchat.whatsapp.com%2FDXySZH8uwGCECxTdlELdDI&amp;data=05%7C01%7Cgocando%40associates.voanews.com%7C85e4290da0bc44559b1208db9a78d6f3%7Cba99e87c673541c2b1c1354eee3a8659%7C0%7C0%7C638273616021819023%7CUnknown%7CTWFpbGZsb3d8eyJWIjoiMC4wLjAwMDAiLCJQIjoiV2luMzIiLCJBTiI6Ik1haWwiLCJXVCI6Mn0%3D%7C3000%7C%7C%7C&amp;sdata=0MBdqzsmJDCVgwQncezbUiCRCNCmmG51tGMAXbi%2BjOA%3D&amp;reserved=0\" target=\"_blank\" rel=\"noreferrer noopener\"><strong>WhatsApp<\/strong><\/a><strong>&nbsp;y al&nbsp;<\/strong><a href=\"https:\/\/nam10.safelinks.protection.outlook.com\/?url=https%3A%2F%2Fwww.vozdeamerica.com%2FSubscribe.html&amp;data=05%7C01%7Cgocando%40associates.voanews.com%7C85e4290da0bc44559b1208db9a78d6f3%7Cba99e87c673541c2b1c1354eee3a8659%7C0%7C0%7C638273616021819023%7CUnknown%7CTWFpbGZsb3d8eyJWIjoiMC4wLjAwMDAiLCJQIjoiV2luMzIiLCJBTiI6Ik1haWwiLCJXVCI6Mn0%3D%7C3000%7C%7C%7C&amp;sdata=Q9jqLLDg50OBNGlZK6ape%2BdbsolE4ufhSGg5osg3E90%3D&amp;reserved=0\" target=\"_blank\" rel=\"noreferrer noopener\"><strong>newsletter<\/strong><\/a><strong>. Activa las notificaciones y s\u00edguenos en&nbsp;<\/strong><a href=\"https:\/\/nam10.safelinks.protection.outlook.com\/?url=https%3A%2F%2Fwww.facebook.com%2FVozdeAmerica%2F&amp;data=05%7C01%7Cgocando%40associates.voanews.com%7C85e4290da0bc44559b1208db9a78d6f3%7Cba99e87c673541c2b1c1354eee3a8659%7C0%7C0%7C638273616021819023%7CUnknown%7CTWFpbGZsb3d8eyJWIjoiMC4wLjAwMDAiLCJQIjoiV2luMzIiLCJBTiI6Ik1haWwiLCJXVCI6Mn0%3D%7C3000%7C%7C%7C&amp;sdata=vkGAj%2BhlF7OakeTgL2O6e%2B7hDX%2BXx8%2FlWr1%2BVOyw7oI%3D&amp;reserved=0\" target=\"_blank\" rel=\"noreferrer noopener\"><strong>Facebook<\/strong><\/a><strong>,&nbsp;<\/strong><a href=\"https:\/\/nam10.safelinks.protection.outlook.com\/?url=https%3A%2F%2Ftwitter.com%2FVozdeAmerica&amp;data=05%7C01%7Cgocando%40associates.voanews.com%7C85e4290da0bc44559b1208db9a78d6f3%7Cba99e87c673541c2b1c1354eee3a8659%7C0%7C0%7C638273616021819023%7CUnknown%7CTWFpbGZsb3d8eyJWIjoiMC4wLjAwMDAiLCJQIjoiV2luMzIiLCJBTiI6Ik1haWwiLCJXVCI6Mn0%3D%7C3000%7C%7C%7C&amp;sdata=04xnVnq2F8KoAHEU5uUVoa6D0cygxmA%2FUeuEtKVON8U%3D&amp;reserved=0\" target=\"_blank\" rel=\"noreferrer noopener\"><strong>X<\/strong><\/a><strong>&nbsp;e&nbsp;<\/strong><a href=\"https:\/\/www.instagram.com\/vozdeamerica\/\" target=\"_blank\" rel=\"noreferrer noopener\"><strong>Instagram<\/strong><\/a><strong>.<\/strong><\/em><\/p>\n\n\n\n<ul class=\"wp-block-list\">\n<li><\/li>\n<\/ul>\n\n\n\n<ul class=\"wp-block-list\">\n<li><a href=\"https:\/\/www.vozdeamerica.com\/author\/luis-felipe-rojas\/rguyp\"><\/a><a href=\"https:\/\/www.vozdeamerica.com\/author\/luis-felipe-rojas\/rguyp\"><\/a><a href=\"https:\/\/www.vozdeamerica.com\/author\/luis-felipe-rojas\/rguyp\">Luis Felipe Rojas<\/a>Periodista cubano radicado en Miami; escritor de ficci\u00f3n y poes\u00eda. Ejerci\u00f3 el periodismo independiente en su pa\u00eds por diez a\u00f1os, lo que le acab\u00f3 llevando al exilio. Se desempe\u00f1\u00f3 como realizador del programa radiof\u00f3nico Contacto Cuba, de la emisora Radio Mart\u00ed, y tambi\u00e9n escribi\u00f3 para el sitio digital Mart\u00ed Noticias.<a href=\"https:\/\/twitter.com\/@alambradas\">\u00a0SIGA<\/a>\u00a0<a href=\"https:\/\/www.vozdeamerica.com\/api\/arguypeumkyp\">\u00a0SUSCR\u00cdBASE<\/a><\/li>\n<\/ul>\n\n\n\n<h3 class=\"wp-block-heading\">Foro<\/h3>\n\n\n\n<p>https:\/\/disqus.com\/embed\/comments\/?base=default&#038;f=voa-es-438&#038;t_i=7516461&#038;t_u=https%3A%2F%2Fwww.vozdeamerica.com%2Fa%2Festados-unidos-insta-ariel-henry-acelere-transicion-haiti-%2F7516461.html&#038;t_d=%0AEEUU%20insta%20al%20primer%20ministro%20Henry%20a%20%22acelerar%22%20una%20transici%C3%B3n%20en%20Hait%C3%AD%0A&#038;t_t=%0AEEUU%20insta%20al%20primer%20ministro%20Henry%20a%20%22acelerar%22%20una%20transici%C3%B3n%20en%20Hait%C3%AD%0A&#038;s_o=default#version=73089b0e9a0024b949a6fc2641b276de<\/p>\n\n\n\n<h2 class=\"wp-block-heading\">Relacionados<\/h2>\n\n\n\n<ul class=\"wp-block-list\">\n<li><a href=\"https:\/\/www.vozdeamerica.com\/a\/que-sucede-en-haiti-recibira-la-fuerza-internacional-prometida-\/7515006.html\"><\/a><a href=\"https:\/\/www.vozdeamerica.com\/a\/que-sucede-en-haiti-recibira-la-fuerza-internacional-prometida-\/7515006.html\"><\/a><a href=\"https:\/\/www.vozdeamerica.com\/a\/que-sucede-en-haiti-recibira-la-fuerza-internacional-prometida-\/7515006.html\"><\/a><a href=\"https:\/\/www.vozdeamerica.com\/a\/que-sucede-en-haiti-recibira-la-fuerza-internacional-prometida-\/7515006.html\">\u00bfQu\u00e9 sucede en Hait\u00ed? \u00bfRecibir\u00e1 la fuerza internacional prometida?<\/a><\/li>\n\n\n\n<li><a href=\"https:\/\/www.vozdeamerica.com\/a\/presidente-republica-dominicana-no-habra-campos-refugiados-haitianos\/7513587.html\"><\/a><a href=\"https:\/\/www.vozdeamerica.com\/a\/presidente-republica-dominicana-no-habra-campos-refugiados-haitianos\/7513587.html\"><\/a><a href=\"https:\/\/www.vozdeamerica.com\/a\/presidente-republica-dominicana-no-habra-campos-refugiados-haitianos\/7513587.html\"><\/a><a href=\"https:\/\/www.vozdeamerica.com\/a\/presidente-republica-dominicana-no-habra-campos-refugiados-haitianos\/7513587.html\">Presidente de Rep\u00fablica Dominicana dice que no habr\u00e1 campos de refugiados haitianos<\/a><\/li>\n\n\n\n<li><a href=\"https:\/\/www.vozdeamerica.com\/a\/peligro-familiares-presos-colombianos-haiti-magnicidio-moise\/7513372.html\"><\/a><a href=\"https:\/\/www.vozdeamerica.com\/a\/peligro-familiares-presos-colombianos-haiti-magnicidio-moise\/7513372.html\"><\/a><a href=\"https:\/\/www.vozdeamerica.com\/a\/peligro-familiares-presos-colombianos-haiti-magnicidio-moise\/7513372.html\"><\/a><a href=\"https:\/\/www.vozdeamerica.com\/a\/peligro-familiares-presos-colombianos-haiti-magnicidio-moise\/7513372.html\">\u201cEst\u00e1n corriendo enorme peligro\u201d: familiares de colombianos presos en Hait\u00ed por el magnicidio de Jovenel Mo\u00efse<\/a><\/li>\n<\/ul>\n\n\n\n<figure class=\"wp-block-image\"><a href=\"https:\/\/www.vozdeamerica.com\/a\/voa-pone-a-disposicion-su-canal-de-whatsapp\/7045988.html?nocache=1\"><img decoding=\"async\" src=\"https:\/\/gdb.voanews.com\/01000000-0aff-0242-28df-08db3aba4946_w250_r0_s.png\" alt=\"\"\/><\/a><\/figure>\n\n\n\n<h2 class=\"wp-block-heading\">M\u00e1s noticias de Am\u00e9rica Latina<\/h2>\n\n\n\n<ul class=\"wp-block-list\">\n<li><a href=\"https:\/\/www.vozdeamerica.com\/a\/al-menos-126-defensores-derechos-ambientalistas-asesinados-latinoamerica-2023\/7516637.html\"><\/a><a href=\"https:\/\/www.vozdeamerica.com\/a\/al-menos-126-defensores-derechos-ambientalistas-asesinados-latinoamerica-2023\/7516637.html\">Al menos 126 defensores de derechos y ambientalistas fueron asesinados en Latinoam\u00e9rica en 2023<\/a><\/li>\n\n\n\n<li><a href=\"https:\/\/www.vozdeamerica.com\/a\/estados-unidos-insta-ariel-henry-acelere-transicion-haiti-\/7516461.html\"><\/a><a href=\"https:\/\/www.vozdeamerica.com\/a\/estados-unidos-insta-ariel-henry-acelere-transicion-haiti-\/7516461.html\">EEUU insta al primer ministro Henry a \u00abacelerar\u00bb una transici\u00f3n en Hait\u00ed<\/a><\/li>\n\n\n\n<li><a href=\"https:\/\/www.vozdeamerica.com\/a\/que-sucede-en-haiti-recibira-la-fuerza-internacional-prometida-\/7515006.html\"><\/a><a href=\"https:\/\/www.vozdeamerica.com\/a\/que-sucede-en-haiti-recibira-la-fuerza-internacional-prometida-\/7515006.html\">\u00bfQu\u00e9 sucede en Hait\u00ed? \u00bfRecibir\u00e1 la fuerza internacional prometida?<\/a><\/li>\n\n\n\n<li><a href=\"https:\/\/www.vozdeamerica.com\/a\/eeuu-acelera-envio-fuerza-multilalateral-haiti-\/7514855.html\"><\/a><a href=\"https:\/\/www.vozdeamerica.com\/a\/eeuu-acelera-envio-fuerza-multilalateral-haiti-\/7514855.html\">Henry aterriza en Puerto Rico, mientras Hait\u00ed permanece bajo el asedio de las pandillas<\/a><\/li>\n\n\n\n<li><a href=\"https:\/\/www.vozdeamerica.com\/a\/pandillas-intentan-tomar-el-control-del-principal-aeropuerto-de-haiti\/7514256.html\"><\/a><a href=\"https:\/\/www.vozdeamerica.com\/a\/pandillas-intentan-tomar-el-control-del-principal-aeropuerto-de-haiti\/7514256.html\">Pandillas intentan tomar el control del principal aeropuerto de Hait\u00ed<\/a><\/li>\n\n\n\n<li><a href=\"https:\/\/www.vozdeamerica.com\/a\/presidente-republica-dominicana-no-habra-campos-refugiados-haitianos\/7513587.html\"><\/a><a href=\"https:\/\/www.vozdeamerica.com\/a\/presidente-republica-dominicana-no-habra-campos-refugiados-haitianos\/7513587.html\">Presidente de Rep\u00fablica Dominicana dice que no habr\u00e1 campos de refugiados haitianos<\/a><\/li>\n<\/ul>\n\n\n\n<figure class=\"wp-block-image\"><img decoding=\"async\" src=\"https:\/\/gdb.voanews.com\/01000000-0aff-0242-1204-08dbaa435093_w250_r0_s.png\" alt=\"\"\/><\/figure>\n\n\n\n<ul class=\"wp-block-list\">\n<li><a href=\"https:\/\/www.vozdeamerica.com\/a\/eeuu-camara-representantes-aprueba-paquete-gastos\/7517197.html\"><\/a><a href=\"https:\/\/www.vozdeamerica.com\/a\/eeuu-camara-representantes-aprueba-paquete-gastos\/7517197.html\"><\/a><a href=\"https:\/\/www.vozdeamerica.com\/a\/eeuu-camara-representantes-aprueba-paquete-gastos\/7517197.html\"><\/a><a href=\"https:\/\/www.vozdeamerica.com\/a\/eeuu-camara-representantes-aprueba-paquete-gastos\/7517197.html\">EEUU: C\u00e1mara de Representantes aprueba paquete de gastos por 460.000 millones de d\u00f3lares<\/a><\/li>\n<\/ul>\n\n\n\n<ul class=\"wp-block-list\">\n<li>S\u00cdGANOS\n<ul class=\"wp-block-list\">\n<li><a href=\"https:\/\/www.facebook.com\/VozDeAmerica\" target=\"_blank\" rel=\"noreferrer noopener\"><\/a><\/li>\n\n\n\n<li><a href=\"https:\/\/twitter.com\/VozdeAmerica\" target=\"_blank\" rel=\"noreferrer noopener\"><\/a><\/li>\n\n\n\n<li><a href=\"https:\/\/www.youtube.com\/user\/vozdeamerica\" target=\"_blank\" rel=\"noreferrer noopener\"><\/a><\/li>\n\n\n\n<li><a href=\"https:\/\/www.vozdeamerica.com\/rssfeeds\"><\/a><\/li>\n\n\n\n<li><a href=\"https:\/\/www.vozdeamerica.com\/podcasts\"><\/a><\/li>\n\n\n\n<li><a href=\"https:\/\/www.vozdeamerica.com\/subscribe.html\"><\/a><\/li>\n\n\n\n<li><a href=\"https:\/\/www.instagram.com\/vozdeamerica\" target=\"_blank\" rel=\"noreferrer noopener\"><\/a><\/li>\n<\/ul>\n<\/li>\n\n\n\n<li>CONTACTO\n<ul class=\"wp-block-list\">\n<li><a href=\"https:\/\/www.vozdeamerica.com\/p\/6119.html\">Para afiliarse a la Voz de Am\u00e9rica<\/a><\/li>\n\n\n\n<li><a href=\"https:\/\/www.vozdeamerica.com\/p\/3847.html\">Contacto<\/a><\/li>\n<\/ul>\n<\/li>\n\n\n\n<li>SOBRE NOSOTROS\n<ul class=\"wp-block-list\">\n<li><a href=\"https:\/\/www.vozdeamerica.com\/p\/3858.html\">\u00bfQui\u00e9nes somos?<\/a><\/li>\n\n\n\n<li><a href=\"https:\/\/www.vozdeamerica.com\/p\/3855.html\">Pol\u00edtica de privacidad<\/a><\/li>\n<\/ul>\n<\/li>\n\n\n\n<li>ACCESIBILIDAD\n<ul class=\"wp-block-list\">\n<li><a href=\"https:\/\/www.vozdeamerica.com\/p\/7284.html\">Acceso a la informaci\u00f3n<\/a><\/li>\n\n\n\n<li><a href=\"https:\/\/www.vozdeamerica.com\/a\/que-es-voa-verifica-\/6843776.html\">\u00bfQu\u00e9 es VOA Verifica?<\/a><\/li>\n<\/ul>\n<\/li>\n\n\n\n<li>EDITORIALES\n<ul class=\"wp-block-list\">\n<li><a href=\"https:\/\/editorials.voa.gov\/z\/3305\" target=\"_blank\" rel=\"noreferrer noopener\">Punto de Vista<\/a><\/li>\n<\/ul>\n<\/li>\n<\/ul>\n\n\n\n<p>SM<\/p>\n","protected":false},"excerpt":{"rendered":"<p>El avi\u00f3n a bordo del cual lleg\u00f3 el martes el primer Ministro de Hait\u00ed, Ariel Henry, permanece estacionado en el Aeropuerto Internacional Luis Mu\u00f1oz Mar\u00edn en San Juan, Puerto Rico, el 6 de marzo de 2024. marzo 06, 2024 &nbsp;Vea comentarios Estados Unidos pide al premier haitiano, Ariel Henry, que acelere un proceso de transici\u00f3n [&hellip;]<\/p>\n","protected":false},"author":28,"featured_media":513111,"comment_status":"closed","ping_status":"","sticky":true,"template":"","format":"standard","meta":{"footnotes":""},"categories":[112,27],"tags":[],"class_list":["post-513110","post","type-post","status-publish","format-standard","has-post-thumbnail","hentry","category-haiti","category-portada"],"_links":{"self":[{"href":"https:\/\/diariodominicano.com\/index.php?rest_route=\/wp\/v2\/posts\/513110","targetHints":{"allow":["GET"]}}],"collection":[{"href":"https:\/\/diariodominicano.com\/index.php?rest_route=\/wp\/v2\/posts"}],"about":[{"href":"https:\/\/diariodominicano.com\/index.php?rest_route=\/wp\/v2\/types\/post"}],"author":[{"embeddable":true,"href":"https:\/\/diariodominicano.com\/index.php?rest_route=\/wp\/v2\/users\/28"}],"replies":[{"embeddable":true,"href":"https:\/\/diariodominicano.com\/index.php?rest_route=%2Fwp%2Fv2%2Fcomments&post=513110"}],"version-history":[{"count":1,"href":"https:\/\/diariodominicano.com\/index.php?rest_route=\/wp\/v2\/posts\/513110\/revisions"}],"predecessor-version":[{"id":513112,"href":"https:\/\/diariodominicano.com\/index.php?rest_route=\/wp\/v2\/posts\/513110\/revisions\/513112"}],"wp:featuredmedia":[{"embeddable":true,"href":"https:\/\/diariodominicano.com\/index.php?rest_route=\/wp\/v2\/media\/513111"}],"wp:attachment":[{"href":"https:\/\/diariodominicano.com\/index.php?rest_route=%2Fwp%2Fv2%2Fmedia&parent=513110"}],"wp:term":[{"taxonomy":"category","embeddable":true,"href":"https:\/\/diariodominicano.com\/index.php?rest_route=%2Fwp%2Fv2%2Fcategories&post=513110"},{"taxonomy":"post_tag","embeddable":true,"href":"https:\/\/diariodominicano.com\/index.php?rest_route=%2Fwp%2Fv2%2Ftags&post=513110"}],"curies":[{"name":"wp","href":"https:\/\/api.w.org\/{rel}","templated":true}]}}