{"id":513072,"date":"2024-03-07T00:33:19","date_gmt":"2024-03-07T04:33:19","guid":{"rendered":"https:\/\/diariodominicano.com\/?p=513072"},"modified":"2024-03-07T00:33:30","modified_gmt":"2024-03-07T04:33:30","slug":"pld-lamenta-el-fallecimiento-del-periodista-wilfredo-medina","status":"publish","type":"post","link":"https:\/\/diariodominicano.com\/?p=513072","title":{"rendered":"PLD\u00a0lamenta el fallecimiento del periodista\u00a0Wilfredo Medina"},"content":{"rendered":"\n<p>Wilfredo Medina <\/p>\n\n\n\n<p><strong>El Partido de la Liberaci\u00f3n Dominicana (PLD)<\/strong>\u00a0lament\u00f3 el fallecimiento del periodista Wilfredo Medina, quien combin\u00f3 sus responsabilidades como periodista y gremialista con la militancia partidaria en el PLD.<\/p>\n\n\n\n<p>Un despacho de la Secretar\u00eda de Comunicaciones del PLD manifiesta el pesar por el repentino fallecimiento de&nbsp;<strong>Wilfredo Medina<\/strong>, quien hab\u00eda sufrido una ca\u00edda en las escaleras de su vivienda, la cual le produjo fracturas en el cr\u00e1neo; e impacto en el tejido cerebral, por lo que tuvieron que intervenirlo quir\u00fargicamente.<\/p>\n\n\n\n<p>Medina fue director de prensa del desaparecido Centro de Informaci\u00f3n Gubernamental (CIG), as\u00ed como un gremialista del Colegio Dominicano de Periodistas (CDP) y del Sindicato Nacional de Trabajadores de la Prensa (SNTP) y labor\u00f3 en la Direcci\u00f3n General de Comunicaci\u00f3n (Dicom).<\/p>\n\n\n\n<p>Sus familiares confirmaron que a partir del mediod\u00eda de este mi\u00e9rcoles su cuerpo se expondr\u00e1 en la capilla Columbarios de la Funeraria Blandino de la avenida Luper\u00f3n y que recibir\u00e1 cristiana sepultura en el cementerio Cristo Redentor el jueves en horas de la ma\u00f1ana.<\/p>\n\n\n\n<p>Que descanse en paz.<\/p>\n\n\n\n<p><strong>SECRETARIA DE COMUNICACIONES<\/strong><strong><\/strong><\/p>\n\n\n\n<p><strong>06 DE MARZO, 2024.-<\/strong><strong><\/strong><\/p>\n","protected":false},"excerpt":{"rendered":"<p>Wilfredo Medina El Partido de la Liberaci\u00f3n Dominicana (PLD)\u00a0lament\u00f3 el fallecimiento del periodista Wilfredo Medina, quien combin\u00f3 sus responsabilidades como periodista y gremialista con la militancia partidaria en el PLD. Un despacho de la Secretar\u00eda de Comunicaciones del PLD manifiesta el pesar por el repentino fallecimiento de&nbsp;Wilfredo Medina, quien hab\u00eda sufrido una ca\u00edda en las [&hellip;]<\/p>\n","protected":false},"author":28,"featured_media":513073,"comment_status":"closed","ping_status":"","sticky":true,"template":"","format":"standard","meta":{"footnotes":""},"categories":[20,26,27],"tags":[],"class_list":["post-513072","post","type-post","status-publish","format-standard","has-post-thumbnail","hentry","category-dominicana-hoy","category-efemerides","category-portada"],"_links":{"self":[{"href":"https:\/\/diariodominicano.com\/index.php?rest_route=\/wp\/v2\/posts\/513072","targetHints":{"allow":["GET"]}}],"collection":[{"href":"https:\/\/diariodominicano.com\/index.php?rest_route=\/wp\/v2\/posts"}],"about":[{"href":"https:\/\/diariodominicano.com\/index.php?rest_route=\/wp\/v2\/types\/post"}],"author":[{"embeddable":true,"href":"https:\/\/diariodominicano.com\/index.php?rest_route=\/wp\/v2\/users\/28"}],"replies":[{"embeddable":true,"href":"https:\/\/diariodominicano.com\/index.php?rest_route=%2Fwp%2Fv2%2Fcomments&post=513072"}],"version-history":[{"count":2,"href":"https:\/\/diariodominicano.com\/index.php?rest_route=\/wp\/v2\/posts\/513072\/revisions"}],"predecessor-version":[{"id":513075,"href":"https:\/\/diariodominicano.com\/index.php?rest_route=\/wp\/v2\/posts\/513072\/revisions\/513075"}],"wp:featuredmedia":[{"embeddable":true,"href":"https:\/\/diariodominicano.com\/index.php?rest_route=\/wp\/v2\/media\/513073"}],"wp:attachment":[{"href":"https:\/\/diariodominicano.com\/index.php?rest_route=%2Fwp%2Fv2%2Fmedia&parent=513072"}],"wp:term":[{"taxonomy":"category","embeddable":true,"href":"https:\/\/diariodominicano.com\/index.php?rest_route=%2Fwp%2Fv2%2Fcategories&post=513072"},{"taxonomy":"post_tag","embeddable":true,"href":"https:\/\/diariodominicano.com\/index.php?rest_route=%2Fwp%2Fv2%2Ftags&post=513072"}],"curies":[{"name":"wp","href":"https:\/\/api.w.org\/{rel}","templated":true}]}}