{"id":51306,"date":"2020-07-24T22:57:25","date_gmt":"2020-07-24T22:57:25","guid":{"rendered":"http:\/\/diariodominicano.ddns.net\/?p=51306"},"modified":"2020-07-24T22:57:25","modified_gmt":"2020-07-24T22:57:25","slug":"gobierno-dominicano-de-santana-rechaza-peticion-de-francia-para-que-rd-ayude-a-pagar-la-deuda-externa-de-haiti","status":"publish","type":"post","link":"https:\/\/diariodominicano.com\/?p=51306","title":{"rendered":"Gobierno dominicano  de Santana rechaza petici\u00f3n de Francia para que  RD ayude a pagar la deuda externa de Hait\u00ed"},"content":{"rendered":"<p><body><\/p>\n<p><img decoding=\"async\" src=\"img3\/Ulises Lilis Heureaux 1.jpg\" \/>  <\/p>\n<p><strong>Diariodominicano.com<\/strong><\/p>\n<p><strong>Gobierno de Santana rechaza petici\u00f3n de Francia para que  RD ayude a pagar la deuda externa de Hait\u00ed<\/strong><\/p>\n<p> En el momento que se hizo la petici\u00f3n,  Hait\u00ed continuaba sus agresiones contra la Rep\u00fablica Dominicana, que hab\u00eda sido  proclamada el 27 de febrero de 1844, con lo que termin\u00f3 el dominio haitiano en  la parte oriental de la Isla de Santo Domingo.<\/p>\n<p><strong>Por HTN<\/strong><\/p>\n<p><strong>Diariodominicano.com<\/strong><\/p>\n<p><strong>SANTO DOMINGO, el 25 de julio de 1845,<\/strong> el Presidente Pedro Santana comunic\u00f3 de manera formal al c\u00f3nsul franc\u00e9s  Saint-Denis, el rechazo del Gobierno dominicano a una petici\u00f3n de Francia para que Rep\u00fablica Dominicana ayudara a pagar la deuda  externa contra\u00edda por Hait\u00ed.<\/p>\n<\/p>\n<p>   El Gobierno de Francia, a trav\u00e9s de su c\u00f3nsul en Santo Domingo, hab\u00eda sugerido al Gobierno dominicano que ayudara a pagar la deuda externa que hab\u00eda contra\u00eddo Hait\u00ed con Francia.<\/p>\n<\/p>\n<p>    En el momento que se hizo la petici\u00f3n,  Hait\u00ed continuaba sus agresiones contra la Rep\u00fablica Dominicana, que hab\u00eda sido  proclamada el 27 de febrero de 1844, con lo que termin\u00f3 el dominio haitiano en  la parte oriental de la Isla de Santo Domingo.<\/p>\n<\/p>\n<p>    El 24 de julio de 1845, tropas haitianas tomaron el Fuerte de Cachim\u00e1n y Las Matas de Farf\u00e1n. <\/p>\n<\/p>\n<p> Como consecuencia de ese hecho, el general Antonio Duverg\u00e9 Duval, estableci\u00f3 su cuartel en San Juan de la Maguana.<\/p>\n<\/p>\n<h6> 2020-07-24 22:57:25 <\/h6>\n<p><!--\n<link rel=\"stylesheet\" href=\"css\/bootstrap.min.css\">\n\n\n<ul class=\"pagination\">\n\t    \n\t\n\n<li >\n\t<a href='?page_no=375'>Previous<\/a>\n\t<\/li>\n\n\n       \n    \n\n<li><a href='?page_no=1'>1<\/a><\/li>\n\n\n\n<li><a href='?page_no=2'>2<\/a><\/li>\n\n\n\n<li><a>...<\/a><\/li>\n\n\n\n<li><a href='?page_no=374'>374<\/a><\/li>\n\n\n\n<li><a href='?page_no=375'>375<\/a><\/li>\n\n\n\n<li class='active'><a>376<\/a><\/li>\n\n\n\n<li><a href='?page_no=377'>377<\/a><\/li>\n\n\n\n<li><a href='?page_no=378'>378<\/a><\/li>\n\n\n\n<li><a>...<\/a><\/li>\n\n\n\n<li><a href='?page_no=22911'>22911<\/a><\/li>\n\n\n\n<li><a href='?page_no=22912'>22912<\/a><\/li>\n\n    \n\t\n\n<li >\n\t<a href='?page_no=377'>Next<\/a>\n\t<\/li>\n\n\n    \n\n<li><a href='?page_no=22912'>Last &rsaquo;&rsaquo;<\/a><\/li>\n\n<\/ul>\n\n\n--><br \/>\n<\/body><\/p>\n","protected":false},"excerpt":{"rendered":"<p>Diariodominicano.com Gobierno de Santana rechaza petici\u00f3n de Francia para que RD ayude a pagar la deuda externa de Hait\u00ed En el momento que se hizo la petici\u00f3n, Hait\u00ed continuaba sus agresiones contra la Rep\u00fablica Dominicana, que hab\u00eda sido proclamada el 27 de febrero de 1844, con lo que termin\u00f3 el dominio haitiano en la parte [&hellip;]<\/p>\n","protected":false},"author":3,"featured_media":0,"comment_status":"open","ping_status":"open","sticky":false,"template":"","format":"standard","meta":{"footnotes":""},"categories":[21],"tags":[],"class_list":["post-51306","post","type-post","status-publish","format-standard","hentry","category-cultura"],"_links":{"self":[{"href":"https:\/\/diariodominicano.com\/index.php?rest_route=\/wp\/v2\/posts\/51306","targetHints":{"allow":["GET"]}}],"collection":[{"href":"https:\/\/diariodominicano.com\/index.php?rest_route=\/wp\/v2\/posts"}],"about":[{"href":"https:\/\/diariodominicano.com\/index.php?rest_route=\/wp\/v2\/types\/post"}],"author":[{"embeddable":true,"href":"https:\/\/diariodominicano.com\/index.php?rest_route=\/wp\/v2\/users\/3"}],"replies":[{"embeddable":true,"href":"https:\/\/diariodominicano.com\/index.php?rest_route=%2Fwp%2Fv2%2Fcomments&post=51306"}],"version-history":[{"count":0,"href":"https:\/\/diariodominicano.com\/index.php?rest_route=\/wp\/v2\/posts\/51306\/revisions"}],"wp:attachment":[{"href":"https:\/\/diariodominicano.com\/index.php?rest_route=%2Fwp%2Fv2%2Fmedia&parent=51306"}],"wp:term":[{"taxonomy":"category","embeddable":true,"href":"https:\/\/diariodominicano.com\/index.php?rest_route=%2Fwp%2Fv2%2Fcategories&post=51306"},{"taxonomy":"post_tag","embeddable":true,"href":"https:\/\/diariodominicano.com\/index.php?rest_route=%2Fwp%2Fv2%2Ftags&post=51306"}],"curies":[{"name":"wp","href":"https:\/\/api.w.org\/{rel}","templated":true}]}}