{"id":512987,"date":"2024-03-06T20:34:11","date_gmt":"2024-03-07T00:34:11","guid":{"rendered":"https:\/\/diariodominicano.com\/?p=512987"},"modified":"2024-03-06T20:34:11","modified_gmt":"2024-03-07T00:34:11","slug":"ministro-de-defensa-asegura-frontera-rd-haiti-esta-resguardada-y-en-orden-tras-finalizar-recorrido","status":"publish","type":"post","link":"https:\/\/diariodominicano.com\/?p=512987","title":{"rendered":"Ministro de Defensa asegura frontera RD-Hait\u00ed est\u00e1 resguardada y en orden, tras finalizar recorrido"},"content":{"rendered":"\n<p>diariodominicano.com<\/p>\n\n\n\n<p>El\u00edas Pi\u00f1a-Dajab\u00f3n, 6 de marzo, 2024.- Luego de\u00a0<strong>tres d\u00edas de recorrido por tierra<\/strong>\u00a0a lo largo de la\u00a0<strong>frontera dom\u00ednico-haitiana<\/strong>, el ministro de Defensa\u00a0<strong>teniente general Carlos Luciano D\u00edaz Morfa, ERD<\/strong>, asegur\u00f3 que,\u00a0<strong>de norte a sur<\/strong>\u00a0la frontera terrestre\u00a0<strong>est\u00e1 resguardada<\/strong>, por las capacidades de que disponen las\u00a0<strong>Fuerzas Armadas<\/strong>, cuyas instituciones militares trabajan en estrecha colaboraci\u00f3n con las\u00a0<strong>agencias de seguridad del Estado dominicano<\/strong>.<\/p>\n\n\n\n<p>Antes de retornar a Santo Domingo, el titular del MIDE dijo que&nbsp;<em>\u201clas Fuerzas Armadas y sus militares est\u00e1n preparados en todo momento para hacer frente a cualquier eventualidad que pueda presentarse; pero por el momento la frontera est\u00e1 en calma, y nuestra prioridad es garantizar la seguridad de nuestros ciudadanos y mantener la soberan\u00eda de nuestra naci\u00f3n\u201d.&nbsp;<\/em><\/p>\n\n\n\n<p>D\u00edaz Morfa tambi\u00e9n se refiri\u00f3 a la&nbsp;<strong>verja perimetral fronteriza inteligente<\/strong>, la cual dijo que es un proyecto con&nbsp;<strong>enfoque integral&nbsp;<\/strong>liderado por el Gobierno dominicano, para&nbsp;<strong>reforzar y garantizar<\/strong>&nbsp;la seguridad de la l\u00ednea lim\u00edtrofe, que busca promover el orden y&nbsp;<strong>proteger la soberan\u00eda<\/strong>&nbsp;del pa\u00eds.&nbsp;<\/p>\n\n\n\n<p>El recorrido por tierra del ministro de Defensa, quien se hizo acompa\u00f1ar de una comitiva de oficiales generales del Estado Mayor Conjunto de las FF. AA, inici\u00f3 el pasado lunes y concluy\u00f3 este mi\u00e9rcoles, tuvo por objetivo&nbsp;<strong>supervisar<\/strong>&nbsp;las dotaciones, destacamentos militares y las tropas responsables de la vigilancia en la frontera. Tambi\u00e9n&nbsp;<strong>verificar los avances<\/strong>&nbsp;en la construcci\u00f3n de la verja perimetral.&nbsp;<\/p>\n\n\n<div class=\"wp-block-image\">\n<figure class=\"alignleft is-resized\"><img decoding=\"async\" src=\"https:\/\/presidencia.gob.do\/sites\/default\/files\/inline-images\/dcf3ac8f-afce-4ea5-b47d-85a67abadd99.jpeg\" alt=\"\" style=\"width:348px;height:auto\"\/><\/figure>\n<\/div>\n\n\n<p>El recorrido inici\u00f3 en el sur, en Pedernales e incluy\u00f3 a las provincias&nbsp;<strong>Independencia, Bahoruco, El\u00edas Pi\u00f1a, Santiago Rodr\u00edguez, Montecristi y Dajab\u00f3n,<\/strong>&nbsp;al norte del pa\u00eds. A su llegada el d\u00eda lunes, fue recibido por el general de brigada, Freddy R. Soto Thorman, ERD, director del Cuerpo Especializado de Seguridad Fronteriza Terrestre (Cesfront), para luego ir al tramo de la verja comprendido entre la pir\u00e1mide No. 311, donde est\u00e1 la desembocadura del r\u00edo Pedernales, hasta la pir\u00e1mide No. 304, en el Paso Sena.&nbsp;<\/p>\n\n\n\n<p>De all\u00ed, el ministro D\u00edaz Morfa continu\u00f3 su recorrido hacia los destacamentos del Ej\u00e9rcito El Banano, Cabeza de Agua, Don Juan, Los Arroyos, El Aguacate, Puerto Escondido, as\u00ed como la sede del 14to. Batall\u00f3n de la fuerza militar terrestre, ubicado en Duverg\u00e9, donde comparti\u00f3 un almuerzo con los militares de servicio en esa zona. Tambi\u00e9n visit\u00f3 los destacamentos de Los Pinos del Ed\u00e9n y Cacique Enriquillo, Aniceto Mart\u00ednez, Hondo Valle, Calimete, La Laguna, Carrizal y Pedro Santana hasta la comunidad de Comendador, en El\u00edas Pi\u00f1a.&nbsp;&nbsp;<\/p>\n\n\n\n<p>Finalizaron el viaje por Pedro Santana, recorriendo la inh\u00f3spita carretera Internacional, donde est\u00e1n ubicados los destacamentos del Ej\u00e9rcito, La Cadena, Los Cacaos, El Corte, Sombrero, La Palmita, Los Algodones y Villa Anacaona, para llegar a Restauraci\u00f3n, Loma de Cabrera y Capotillo. Luego de una parada en el destacamento del Cesfront, el recorrido de inspecci\u00f3n continu\u00f3 por La Pe\u00f1ita, Tamarindo, Don Miguel, La Bomba, las pir\u00e1mides 21, 17 y 01, en Pepillo Salcedo, desde donde retorn\u00f3 a Santo Domingo.&nbsp;<\/p>\n\n\n\n<p>Acompa\u00f1aron al ministro en el recorrido, el director del Centro de Comando, Control, Comunicaciones, Computadoras y Ciberseguridad (C5i), vicealmirante, Luis Rafael Lee Ballester, ARD; el director de Planes y Operaciones del Estado Mayor Conjunto del MIDE, (J-3), general de Brigada Rafael Antonio N\u00fa\u00f1ez Veloz, ERD y el supervisor de la verja perimetral, general de Brigada Luis A. Coronado Abreu, ERD.&nbsp;<\/p>\n\n\n\n<p>En la comisi\u00f3n que viaj\u00f3 con el ministro D\u00edaz Morfa se encontraban, el director de Asuntos Civiles del Estado Mayor Conjunto del MIDE (J-5) general de Brigada Piloto, Juan Carlos Vicente P\u00e9rez, FARD; el coronel Dante Luis Ovalle Lugo, ERD y el teniente coronel, ingeniero Zen\u00f3n Osvaldo Cubilete Mateo.<\/p>\n\n\n\n<p>Fuente: Direcci\u00f3n de Estrategia y Comunicaci\u00f3n<\/p>\n\n\n\n<p>Ministerio Administrativo de la Presidencia de la Rep\u00fablica Dominicana<\/p>\n","protected":false},"excerpt":{"rendered":"<p>diariodominicano.com El\u00edas Pi\u00f1a-Dajab\u00f3n, 6 de marzo, 2024.- Luego de\u00a0tres d\u00edas de recorrido por tierra\u00a0a lo largo de la\u00a0frontera dom\u00ednico-haitiana, el ministro de Defensa\u00a0teniente general Carlos Luciano D\u00edaz Morfa, ERD, asegur\u00f3 que,\u00a0de norte a sur\u00a0la frontera terrestre\u00a0est\u00e1 resguardada, por las capacidades de que disponen las\u00a0Fuerzas Armadas, cuyas instituciones militares trabajan en estrecha colaboraci\u00f3n con las\u00a0agencias de [&hellip;]<\/p>\n","protected":false},"author":5,"featured_media":512988,"comment_status":"closed","ping_status":"","sticky":true,"template":"","format":"standard","meta":{"footnotes":""},"categories":[20,24,27],"tags":[],"class_list":["post-512987","post","type-post","status-publish","format-standard","has-post-thumbnail","hentry","category-dominicana-hoy","category-justicia-y-derecho","category-portada"],"_links":{"self":[{"href":"https:\/\/diariodominicano.com\/index.php?rest_route=\/wp\/v2\/posts\/512987","targetHints":{"allow":["GET"]}}],"collection":[{"href":"https:\/\/diariodominicano.com\/index.php?rest_route=\/wp\/v2\/posts"}],"about":[{"href":"https:\/\/diariodominicano.com\/index.php?rest_route=\/wp\/v2\/types\/post"}],"author":[{"embeddable":true,"href":"https:\/\/diariodominicano.com\/index.php?rest_route=\/wp\/v2\/users\/5"}],"replies":[{"embeddable":true,"href":"https:\/\/diariodominicano.com\/index.php?rest_route=%2Fwp%2Fv2%2Fcomments&post=512987"}],"version-history":[{"count":1,"href":"https:\/\/diariodominicano.com\/index.php?rest_route=\/wp\/v2\/posts\/512987\/revisions"}],"predecessor-version":[{"id":512989,"href":"https:\/\/diariodominicano.com\/index.php?rest_route=\/wp\/v2\/posts\/512987\/revisions\/512989"}],"wp:featuredmedia":[{"embeddable":true,"href":"https:\/\/diariodominicano.com\/index.php?rest_route=\/wp\/v2\/media\/512988"}],"wp:attachment":[{"href":"https:\/\/diariodominicano.com\/index.php?rest_route=%2Fwp%2Fv2%2Fmedia&parent=512987"}],"wp:term":[{"taxonomy":"category","embeddable":true,"href":"https:\/\/diariodominicano.com\/index.php?rest_route=%2Fwp%2Fv2%2Fcategories&post=512987"},{"taxonomy":"post_tag","embeddable":true,"href":"https:\/\/diariodominicano.com\/index.php?rest_route=%2Fwp%2Fv2%2Ftags&post=512987"}],"curies":[{"name":"wp","href":"https:\/\/api.w.org\/{rel}","templated":true}]}}