{"id":51295,"date":"2020-07-26T08:52:50","date_gmt":"2020-07-26T08:52:50","guid":{"rendered":"http:\/\/diariodominicano.ddns.net\/?p=51295"},"modified":"2020-07-26T08:52:50","modified_gmt":"2020-07-26T08:52:50","slug":"mataron-al-dictador-ulises-lilis-heureaux-los-amigos-del-poder-abandonaron-el-cadaver-del-presidente-de-la-republica","status":"publish","type":"post","link":"https:\/\/diariodominicano.com\/?p=51295","title":{"rendered":"Mataron al dictador Ulises -Lil\u00eds-  Heureaux. Los amigos del poder abandonaron el cad\u00e1ver del Presidente de la Rep\u00fablica"},"content":{"rendered":"<p><body><\/p>\n<p><img decoding=\"async\" src=\"img3\/Ulises-Lilis-Heureaux-13.jpg\" \/>  <\/p>\n<p><strong><span class=\"text1noticias\">Mataron al dictador Ulises -Lil\u00eds-  Heureaux. Los amigos del poder abandonaron su cad\u00e1ver <\/span><\/strong><\/p>\n<p><strong><span class=\"text1noticias\">Tan pronto cay\u00f3 el hombre m\u00e1s poderoso de Rep\u00fablica Dominicana,  sus partidarios y amigos lo abandonaron,  por lo que horas despu\u00e9s el  cad\u00e1ver fue trasladado a la ciudad de Santiago de los Caballeros, por el gobernador de la provincia Santiago, general Perico Pep\u00edn, quien  se abri\u00f3 paso a balazos con lo que \u00e9l y sus hombres despejaron el camino y tomaron el cuerpo  sin vida del Presidente  para llevarlo a la Capital del Cibao.<\/span><\/strong><\/p>\n<p><span class=\"text1noticias\"> <\/span><\/p>\n<p><span class=\"text1noticias\"><strong>Por H\u00e9ctor Tineo Nolasco<\/strong><\/span><\/p>\n<p><span class=\"text1noticias\"><strong>Diariodominicano.com<\/strong><\/span><\/p>\n<p><span class=\"text1noticias\"><strong> <\/strong><\/span><\/p>\n<p><span class=\"text1noticias\"><strong>MOCA, el  26 de julio de 1899,<\/strong> el dictador general Ulises Heureaux (Lil\u00eds) fue asesinado en  la ciudad de Moca. Fue  uno de los militares y pol\u00edticos de mayor influencia en la vida pol\u00edtica dominicana  durante las \u00faltimas dos  d\u00e9cadas del siglo XIX. En el hecho participaron los j\u00f3venes Horacio V\u00e1squez, Ram\u00f3n C\u00e1ceres  y Jacobito de Lara. <\/span><\/p>\n<p><span class=\"text1noticias\"> <\/span><\/p>\n<p><span class=\"text1noticias\">Tan pronto cay\u00f3 el cuerpo del Presidente de la Rep\u00fablica,  sus partidarios y amigos lo abandonaron,  por lo que horas despu\u00e9s el  cad\u00e1ver fue trasladado a la ciudad de Santiago de los Caballeros, por el gobernador de la provincia Santiago, general Perico Pep\u00edn, quien  se abri\u00f3 paso a balazos con lo que \u00e9l y sus hombres despejaron el camino para tomar el cuerpo  sin vida del Presidente  para llevarlo a la Capital del Cibao.<\/span><\/p>\n<p><span class=\"text1noticias\"> <\/span><\/p>\n<p><span class=\"text1noticias\">    Una de las heridas que acab\u00f3 con la vida de Lil\u00eds  Heureaux,  hizo impacto en su coraz\u00f3n. En el  momento que fue abatido  se dispon\u00eda a viajar a Santiago. <\/span><\/p>\n<p><span class=\"text1noticias\"> <\/span><\/p>\n<p><span class=\"text1noticias\">   <strong> Ulises Heureaux, llamado por sus amigos y familiares Lil\u00eds,  hab\u00eda nacido  en el hogar de dos inmigrantes pobres, pero de  joven alcanz\u00f3 posiciones de importancia por su inteligencia, valent\u00eda, liderazgo y capacidad de gobernar.<\/strong><\/span><\/p>\n<p><span class=\"text1noticias\"> <\/span><\/p>\n<p><span class=\"text1noticias\">    Hab\u00eda ido a Moca,  como parte de un recorrido que inici\u00f3 el d\u00eda 21 de julio de 1899, para calmar a los hombres de negocio que estaban muy disgustados por los efectos de las emisiones inorg\u00e1nicas que hab\u00eda autorizado el Gobierno.<\/span><\/p>\n<p><span class=\"text1noticias\"> <\/span><\/p>\n<p><span class=\"text1noticias\">    Lil\u00eds Heureaux,  les  prometi\u00f3 a los comerciantes que estaba en \u00e1nimo de incinerar los billetes que hab\u00eda emitido para restaurar la confianza en su Gobierno. Su gira la comenz\u00f3 en S\u00e1nchez donde cumpli\u00f3 su promesa. El 25 de julio quem\u00f3 4 mil pesos en La Vega y luego se traslad\u00f3 a Moca.<\/span><\/p>\n<p><span class=\"text1noticias\"> <\/span><\/p>\n<p><span class=\"text1noticias\">    En esa ciudad,  el d\u00eda 25 de julio,  en la  noche,  le ofrecieron  una recepci\u00f3n.<\/span><\/p>\n<p><span class=\"text1noticias\"><strong>Un Gobierno intolerante y de realizaciones <\/strong><\/span><\/p>\n<p><span class=\"text1noticias\"> <\/span><\/p>\n<p><span class=\"text1noticias\"> <\/span><\/p>\n<p><span class=\"text1noticias\">     La intolerancia fue una nota caracter\u00edstica en la administraci\u00f3n del dictador  Heureaux, a partir de su segunda administraci\u00f3n en el a\u00f1o 1886; en su administraci\u00f3n  el pa\u00eds obtuvo logros materiales extraordinarios, incluida  la instalaci\u00f3n del servicio de electricidad.<\/span><\/p>\n<p><span class=\"text1noticias\"> <\/span><\/p>\n<p><span class=\"text1noticias\">    <strong>D\u00e1ndole continuidad a un proyecto que hab\u00eda iniciado el Gobierno del Partido Azul,  del  presidente  general Gregorio Luper\u00f3n, puso en servicio el 18 de octubre de 1883, la primera locomotora  y a partir de 1887, ya su Gobierno ten\u00eda en servicio el primer  ferrocarril que iba de Saman\u00e1 a Santiago. En esa  primera etapa fue construida la red vial de S\u00e1nchez-La Vega con una longitud de 130 kil\u00f3metros.<\/strong><\/span><\/p>\n<p><span class=\"text1noticias\"><strong> <\/strong><\/span><\/p>\n<p><span class=\"text1noticias\">    En el mismo a\u00f1o 1887, tambi\u00e9n construy\u00f3 los puentes sobre el Arroyo Nibaje, y el de Gurabito, en Santiago.<\/span><\/p>\n<p><span class=\"text1noticias\"> <\/span><\/p>\n<p><span class=\"text1noticias\">   En la ciudad de Santo Domingo, construy\u00f3 en 1890, el puente Presidente Heureaux,  para unir la parte occidental de la Capital con la zona oriental. <\/span><\/p>\n<p><span class=\"text1noticias\"> <\/span><\/p>\n<p><span class=\"text1noticias\">    En el a\u00f1o 1893,  inici\u00f3 la construcci\u00f3n del acueducto de Santo Domingo. Y en el a\u00f1o 1896, se conoci\u00f3 el primer presupuesto del pa\u00eds en el que fueron incluidos los gastos del alumbrado el\u00e9ctrico en el Ayuntamiento de la Capital.<\/span><\/p>\n<p><span class=\"text1noticias\"> <\/span><\/p>\n<p><span class=\"text1noticias\">     En 1895 construy\u00f3 el ramal Jima-San Francisco de Macor\u00eds.<\/span><\/p>\n<p><span class=\"text1noticias\"> <\/span><\/p>\n<p><span class=\"text1noticias\">    En el a\u00f1o 1897, el presidente Heureaux construy\u00f3 el Ferrocarril Central Dominicano, que un\u00eda a Puerto Plata y a  Santiago. <\/span><\/p>\n<p><span class=\"text1noticias\"> <\/span><\/p>\n<p><span class=\"text1noticias\">   <strong> La mayor\u00eda de los historiadores dominicanos que tratan sobre la figura de Lil\u00eds lo hacen influidos  por los prejuicios. En ocasiones se quedan en las an\u00e9cdotas que opacan la valent\u00eda e inteligencia del militar y pol\u00edtico.<\/strong><\/span><\/p>\n<p><span class=\"text1noticias\"> <\/span><\/p>\n<p><span class=\"text1noticias\">    Un tratamiento diferente  le da la  historiadora Mu Kien Adriana  Sang, en su obra \u00abUlises Heureaux Biograf\u00eda de un Dictador\u00bb, publicada por el Instituto Tecnol\u00f3gico de Santo Domingo en 1987,  afirma que las cualidades de la personalidad  de Ulises  Heureaux, \u00abLe permitieron vencer las hostilidades pol\u00edticas y los inmensos obst\u00e1culos que se le presentaban\u00bb.<\/span><\/p>\n<p><span class=\"text1noticias\"> <\/span><\/p>\n<p><span class=\"text1noticias\">    <strong>El escritor Harry Hoetink, en su obra \u00abEl Pueblo Dominicano. 1850-1900\u00bb, publicada en 197, por la Universidad Cat\u00f3lica Madre y Maestra de Santiago,  sostiene: <\/strong><\/span><\/p>\n<p><span class=\"text1noticias\">  <\/span><\/p>\n<p><span class=\"text1noticias\">    <strong>\u00abEn el pensamiento de Heureaux, como t\u00edpico dictador criollo, apenas cab\u00edan principios ideol\u00f3gicos.<\/strong><\/span><\/p>\n<p><span class=\"text1noticias\"> <\/span><\/p>\n<p><span class=\"text1noticias\">     \u00abVe\u00eda la actividad pol\u00edtica como artesan\u00eda, el aparato pol\u00edtico como un artefacto de trabajo, la estructura pol\u00edtica  como un total delicado, pero est\u00e1tico.   \u00abEl papel del Parlamento en la dictadura criolla estaba de acuerdo con el car\u00e1cter no ideol\u00f3gico, artesanal del sistema pol\u00edtico\u00bb.<\/span><\/p>\n<p><span class=\"text1noticias\"> <\/span><\/p>\n<p><span class=\"text1noticias\">       La figura de Lil\u00eds tambi\u00e9n fue motivo de burla para sus adversarios pol\u00edticos. En 1890  circul\u00f3 un panfleto en el que se anot\u00f3:<\/span><\/p>\n<p><span class=\"text1noticias\"> <\/span><\/p>\n<p><span class=\"text1noticias\">       \u00abEse que veis ah\u00ed arriba, ancho de p\u00f3mulos y largo de boca, con la nariz  dilatada como gato que olfatea sangre, torvos los ojos, la piel cetrina y la frente achatada de los criminales natos\u00bb.<\/span><\/p>\n<p><span class=\"text1noticias\"> <\/span><\/p>\n<p><span class=\"text1noticias\">   <strong>En 1882, el diplom\u00e1tico franc\u00e9s Alphonse Garrus, escribi\u00f3 sorprendido a sus superiores que  \u00abun hombre casi negro tuviese un tan  arraigo en la poblaci\u00f3n\u00bb. En ese momento el liderazgo de Lil\u00eds estaba en la cumbre con el apoyo de su padre militar y pol\u00edtico, el general Gregorio Luper\u00f3n.<\/strong><\/span><\/p>\n<p><span class=\"text1noticias\"> <\/span><\/p>\n<p><span class=\"text1noticias\">     En ese a\u00f1o se visti\u00f3 por primera vez de Presidente de la Rep\u00fablica. El acontecimiento no impidi\u00f3 que personas se manifestaran en tono de burla sobre la persona de Ulises Heureauk, como la frase siguiente:<\/span><\/p>\n<p><span class=\"text1noticias\"> <\/span><\/p>\n<p><span class=\"text1noticias\">   <strong> \u00abEl muchacho que le ba\u00f1aba el perro a Fransu\u00e1 Dambru\u00e1, Presidente.<\/strong><\/span><\/p>\n<p><span class=\"text1noticias\"> <\/span><\/p>\n<p><span class=\"text1noticias\">      El primer Gobierno de Ulises Heureaux comenz\u00f3 el 1 de septiembre de 1882. Al enjuiciar su primera administraci\u00f3n en Las Notas Autobiogr\u00e1ficas, el general Gregorio Luper\u00f3n sostiene que Heureaux respet\u00f3 los principios del Partido Azul.<\/span><\/p>\n<p><span class=\"text1noticias\">   \u00abEl Gobierno del General Hereaux se condujo bien, respetando la Ley de los principios  del partido que lo  llev\u00f3 al poder\u00bb.<\/span><\/p>\n<p><span class=\"text1noticias\"> <\/span><\/p>\n<p><span class=\"text1noticias\">     Al terminar su primer Gobierno, Ulises Heureaux era un hombre con poder pol\u00edtico y militar. Por ello, mientras estuvo fuera del poder durante el per\u00edodo 1884-1886, se dedic\u00f3 a tomar acciones para quitar el control del Partido Azul a su l\u00edder,  Luper\u00f3n. As\u00ed, en el proceso para escoger el binomio que presentar\u00eda el Partido Azul en 1884, Heureaux logr\u00f3 imponer a  Francisco Gregorio Billini y a Alejandro Woss y Gil, a pesar de que Luper\u00f3n quer\u00eda el binomio Segundo Imbert-Casimiro de Moya.<\/span><\/p>\n<p><span class=\"text1noticias\"> <\/span><\/p>\n<p><span class=\"text1noticias\">     <strong>Al imponerse  Heureaux,  Luper\u00f3n lo acus\u00f3 de ejecutar un fraude electoral: \u00abHeureaux hombre p\u00edcaro, tramposo y corrompido viol\u00f3 groseramente la ley, metiendo 15 mil votos en las urnas\u00bb. En las elecciones de 1886, Ulises Heureaux se impuso como candidato del Partido Azul, a pesar de que el General Gregorio Luper\u00f3n favorec\u00eda  a Casimiro de Moya.<\/strong><\/span><\/p>\n<p><span class=\"text1noticias\">Por ello, el 21 de julio de 1886, seguidores del dirigente del Partido Azul, Casimiro N. De Moya, iniciaron un movimiento armado con el objetivo de quitar el poder militar y pol\u00edtico al General  Heureaux.<\/span><\/p>\n<p><span class=\"text1noticias\"> <\/span><\/p>\n<p><span class=\"text1noticias\">   Acusaron a Heureaux de cometer un fraude en las elecciones del 1 de julio,  ya que entend\u00edan Casimiro de Moya era el candidato m\u00e1s popular entre las opciones del Partido Azul, liderado por el pr\u00f3cer  Luper\u00f3n,  quien hab\u00eda expresado que \u00abMoya contaba con la mayor\u00eda del pa\u00eds\u00bb.<\/span><\/p>\n<p><span class=\"text1noticias\"> <\/span><\/p>\n<p><span class=\"text1noticias\">     Sin embargo, en la lucha por la candidatura Presidencial,  Ulises Heureaux, quien se desempe\u00f1aba como Ministro de Guerra y Marina, de Alejandro Woss y Gil, logr\u00f3 el apoyo por las circunstancias imperantes,  del l\u00edder de la organizaci\u00f3n, el ex Presidente  Luper\u00f3n.<\/span><\/p>\n<p><span class=\"text1noticias\"> <\/span><\/p>\n<p><span class=\"text1noticias\">    <strong> En el Partido Azul,  Casimiro de Moya, representaba el ala liberal  y Ulises Heureaux, a los conservadores.<\/strong><\/span><\/p>\n<p><span class=\"text1noticias\"> <\/span><\/p>\n<p><span class=\"text1noticias\">     Ulises Heureaux tambi\u00e9n logr\u00f3 sobornar a varios seguidores de Casimiro de Moya y a otros los reprimi\u00f3 para que no pudieran ejercer el derecho al voto. A otros se les impidi\u00f3 votar.<\/span><\/p>\n<p><span class=\"text1noticias\"> <\/span><\/p>\n<p><span class=\"text1noticias\">     Esa situaci\u00f3n disgust\u00f3 a los partidarios de Casimiro de Moya y por ello el d\u00eda 21 de julio de 1886, iniciaron un movimiento armado para quitar el poder a  Heureaux.<\/span><\/p>\n<p><span class=\"text1noticias\"> <\/span><\/p>\n<p><span class=\"text1noticias\">   Los moyistas eran encabezados por el general Benito Monci\u00f3n, pero Gregorio Luper\u00f3n apoy\u00f3 al Gobierno y ayud\u00f3 a Heureaux a combatir a los revolucionarios.<\/span><\/p>\n<p><span class=\"text1noticias\"> <\/span><\/p>\n<p><span class=\"text1noticias\">    Para imponerse,  Heureaux tambi\u00e9n compr\u00f3 a varios de los generales de sus enemigos pol\u00edticos, lo que le permiti\u00f3 despejar el camino.  En la guerra murieron m\u00e1s de 600 hombres.<\/span><\/p>\n<p><span class=\"text1noticias\"> <\/span><\/p>\n<p><span class=\"text1noticias\">      Ulises Heureaux se mantuvo en el poder hasta el d\u00eda 26 de julio de 1899, cuando fue asesinado en Moca.<\/span><\/p>\n<p><span class=\"text1noticias\">     <\/span><\/p>\n<p><span class=\"text1noticias\">    Su vida estuvo marcada por los acontecimientos de la \u00e9poca. El hecho de que lograra reunir a su alrededor a los grupos de mayor influencia social y econ\u00f3mica, le aseguraron el mejor ambiente a su r\u00e9gimen.<\/span><\/p>\n<p><span class=\"text1noticias\"> <\/span><\/p>\n<p><span class=\"text1noticias\">    Como base de su r\u00e9gimen, enarbol\u00f3 su defensa a la nacionalidad, la legalidad y la moralidad.<\/span><\/p>\n<p><span class=\"text1noticias\"> <\/span><\/p>\n<p><span class=\"text1noticias\"><strong>El m\u00e9rito de Restaurador<\/strong><\/span><\/p>\n<p><span class=\"text1noticias\"> <\/span><\/p>\n<p><span class=\"text1noticias\">Cuando  apenas sobrepasaba la adolescencia,  Heureaux entr\u00f3 a la Guerra de la Restauraci\u00f3n (1863) junto al general Gregorio Luper\u00f3n. Cuando terminaron las hostilidades en julio de 1865, con el retiro de los \u00faltimos soldados espa\u00f1oles que permanec\u00edan en el territorio nacional; con 20 a\u00f1os de edad, Lil\u00eds figur\u00f3 en la lista de militares que fueron distinguidos con el m\u00e9rito de \u00abRestaurador\u00bb, otorgado a los soldados que se distinguieron en la lucha contra los espa\u00f1oles del Gobierno de la Anexi\u00f3n.<\/span><\/p>\n<p><span class=\"text1noticias\"> <\/span><\/p>\n<p><span class=\"text1noticias\"> <strong> Tambi\u00e9n a los 20 a\u00f1os fue ascendido al rango de teniente del Ej\u00e9rcito Dominicano. El pr\u00f3cer Gregorio Luper\u00f3n lo escogi\u00f3 como uno de los hombres en que llegar\u00eda a depositar la mayor confianza.<\/strong><\/span><\/p>\n<p><span class=\"text1noticias\"><strong> <\/strong><\/span><\/p>\n<p><span class=\"text1noticias\">   En 1869, cuando Luper\u00f3n encabez\u00f3 una invasi\u00f3n en el buque  El Tel\u00e9grafo contra el Gobierno de Buenaventura B\u00e1ez, su acompa\u00f1ante militar para compartir decisiones fue Lil\u00eds Heureaux.<\/span><\/p>\n<p><span class=\"text1noticias\"> <\/span><\/p>\n<p><span class=\"text1noticias\">     En 1878,  Heureaux fue la figura clave para que culminara con \u00e9xito el movimiento que inici\u00f3  Luper\u00f3n para derrocar al Presidente General Ces\u00e1reo Guillermo,  quien se embarc\u00f3 con destino a Puerto Rico, el 6 de diciembre de 1879.<\/span><\/p>\n<p><span class=\"text1noticias\"> <\/span><\/p>\n<p><span class=\"text1noticias\">    <strong>Al asumir el poder como Presidente Provisional, el general Gregorio Luper\u00f3n nombr\u00f3 a  Heureaux, con 34 a\u00f1os de edad, Ministro de Guerra y Marina, con la responsabilidad de atender los asuntos militares y pol\u00edticos de la Capital dominicana y del sur del pa\u00eds.<\/strong><\/span><\/p>\n<p><span class=\"text1noticias\"> <\/span><\/p>\n<p><span class=\"text1noticias\"><strong>    La sede del Gobierno Provisional de Luper\u00f3n estaba en Puerto Plata. <\/strong><\/span><\/p>\n<p><span class=\"text1noticias\"> <\/span><\/p>\n<p><span class=\"text1noticias\">Heureaux naci\u00f3 el 21 de octubre de 1845, hijo  de la se\u00f1ora Josefa Level, santome\u00f1a que se hab\u00eda establecido en Puerto Plata, y el ciudadano haitiano D?ssas Heureaux. La madre lo declar\u00f3 con el nombre de Hilario Level, pero luego su padre lo reconoci\u00f3 y le puso el nombre de Ulises Heureaux Level.<\/span><\/p>\n<p><span class=\"text1noticias\"> <\/span><\/p>\n<p><span class=\"text1noticias\">     <strong>Del origen de los padres de Ulises Heureaux es muy poco lo que se sabe, pero est\u00e1 la versi\u00f3n del historiador Horacio Fombona que indica que la madre era hija de un pr\u00f3cer venezolano identificado como Andr\u00e9s Level de Goda.  En cambio,  el historiador Emilio Rodr\u00edguez Demorizi, menciona a la madre  como Josefa Lebert, como lo escribi\u00f3 Fombona.<\/strong><\/span><\/p>\n<p><span class=\"text1noticias\"> <\/span><\/p>\n<p><span class=\"text1noticias\">   Del padre, D,Assas Heureaux, Fombona anota que fue un hombre serio y respetado.<\/span><\/p>\n<p><span class=\"text1noticias\"> <\/span><\/p>\n<p><span class=\"text1noticias\"> <\/span><\/p>\n<p><span class=\"text1noticias\"><strong>Mademoiselle Rose<\/strong><\/span><\/p>\n<p><span class=\"text1noticias\"> <\/span><\/p>\n<p><span class=\"text1noticias\"> <\/span><\/p>\n<p><span class=\"text1noticias\">    De la infancia de Ulises Heureaux, tampoco se conoce mucho, pero resalta el hecho de que como era de una familia pobre,  sus padres lo entregaron a la se\u00f1ora Mademoiselle Rose, quien lo protegi\u00f3 hasta terminar su adolescencia.<\/span><\/p>\n<p><span class=\"text1noticias\"> <\/span><\/p>\n<p><span class=\"text1noticias\">    <strong>De la se\u00f1ora Rose, tampoco se conocen detalles, ni c\u00f3mo lleg\u00f3 a Puerto Plata, pero se destaca el hecho de que era una persona de posici\u00f3n acomodada, que contribuy\u00f3 a la formaci\u00f3n y educaci\u00f3n de Ulises Heureux, a quien la gente llamaba Lil\u00eds.<\/strong><\/span><\/p>\n<p><span class=\"text1noticias\"><strong> <\/strong><\/span><\/p>\n<p><span class=\"text1noticias\"><strong>     Mademoiselle Rose ense\u00f1\u00f3 a  Lil\u00eds, el gusto por la lectura, y a escribir bien los idiomas franc\u00e9s e ingl\u00e9s.<\/strong><\/span><\/p>\n<p><span class=\"text1noticias\"> <\/span><\/p>\n<p><span class=\"text1noticias\">     El escritor M. Malek, en su obra \u00abEl r\u00e9gimen de U. Heureaux, 1882-1889, destaca que en 1899 el delegado comercial de Estados Unidos, escribi\u00f3  sorprendido a su superior luego de una  entrevista que sostuvo con el Presidente Heureaux:  el  presidente dominicano   \u00abadem\u00e1s de su lengua nativa habla franc\u00e9s e ingl\u00e9s, este \u00faltimo bastante bien\u00bb.<\/span><\/p>\n<p><span class=\"text1noticias\"> <\/span><\/p>\n<p><span class=\"text1noticias\"> <\/span><\/p>\n<p><span class=\"text1noticias\"><strong>Robaron  sus bienes y les crearon deudas<\/strong><\/span><\/p>\n<p><span class=\"text1noticias\"> <\/span><\/p>\n<p><span class=\"text1noticias\"> <\/span><\/p>\n<p><span class=\"text1noticias\">Cuando fue asesinado el 26 de julio de 1899, Lil\u00eds Heureaux era un hombre rico. Ten\u00eda acciones o participaci\u00f3n en m\u00faltiples actividades de negocios con empresarios y \u00abamigos\u00bb. Pero desde el momento en que se confirm\u00f3 su muerte, todo comenz\u00f3 a cambiar. En el balance final aparece muy poco del conjunto de sus propiedades.<\/span><\/p>\n<p><span class=\"text1noticias\"> <\/span><\/p>\n<p><span class=\"text1noticias\"><strong>Socios y testaferros comenzaron a deshacer pruebas y en d\u00edas  borraron las m\u00e1s importantes.<\/strong><\/span><\/p>\n<p><span class=\"text1noticias\"> <\/span><\/p>\n<p><span class=\"text1noticias\"> Los antiguos socios \u00abaclararon\u00bb con vehemencia que nunca tuvo inversiones en sus empresas y otras propiedades. En \u00abUlises Heureaux biograf\u00eda de un dictador\u00bb, la historiadora y educadora Mu-Kien Adriana Sang, hace una descripci\u00f3n que permite una idea del ambiente reinante post asesinato. \u00abMuerto Heureaux, sus antiguos aliados quisieron limpiar o negar sus relaciones con el difunto, present\u00e1ndose ante el nuevo gobierno como desligados de negocios turbios. Por otra parte, desaparecido el Jefe, no hab\u00eda nadie a quien temer ni a quien dar cuenta, por lo que esos mismos aliados aprovecharon la circunstancia y se quedaron con la mayor\u00eda de los negocios. No era, por consiguiente, extra\u00f1o que el desorden y la confusi\u00f3n reinaran en aquel recinto, tan tard\u00edamente sellado del Palacio\u00bb.<\/span><\/p>\n<p><span class=\"text1noticias\"> <\/span><\/p>\n<p><span class=\"text1noticias\">La historiadora cita entre sus fuentes el Resumen General del Activo y Pasivo de la Sucesi\u00f3n Heureaux, las irregularidades en las operaciones realizadas, sumadas al caos producido por el asesinato del dictador, facilitaron que sus antiguos amigos-aliados, demostraran a la comisi\u00f3n formada luego de la muerte, que su participaci\u00f3n en los negocios que dirig\u00edan era nula. Despu\u00e9s de la muerte se achic\u00f3 el patrimonio y crecieron las deudas que se imputaban al difunto. \u00abDesaparecieron acciones y propiedades de Heureaux, aparecieron cientos de personas con vales que acreditaban al dictador como deudor. Dada la falta de pruebas de la veracidad o no de estos vales, la mayor\u00eda fueron incorporados a la deuda del dictador\u00bb.<\/span><\/p>\n<p><span class=\"text1noticias\"> <\/span><\/p>\n<p><span class=\"text1noticias\">Al final los  bienes de Lil\u00eds se calcularon en dos millones 877,228 pesos oro con 68 centavos y la deuda ascendi\u00f3 a dos millones 438,779 pesos oro con 82 centavos. Los sucesores de Lil\u00eds s\u00f3lo heredaron 439,448 pesos oro con 86 centavos. <\/span><\/p>\n<\/p>\n<\/p>\n<\/p>\n<h6> 2020-07-26 08:52:50 <\/h6>\n<p><!--\n<link rel=\"stylesheet\" href=\"css\/bootstrap.min.css\">\n\n\n<ul class=\"pagination\">\n\t    \n\t\n\n<li >\n\t<a href='?page_no=374'>Previous<\/a>\n\t<\/li>\n\n\n       \n    \n\n<li><a href='?page_no=1'>1<\/a><\/li>\n\n\n\n<li><a href='?page_no=2'>2<\/a><\/li>\n\n\n\n<li><a>...<\/a><\/li>\n\n\n\n<li><a href='?page_no=373'>373<\/a><\/li>\n\n\n\n<li><a href='?page_no=374'>374<\/a><\/li>\n\n\n\n<li class='active'><a>375<\/a><\/li>\n\n\n\n<li><a href='?page_no=376'>376<\/a><\/li>\n\n\n\n<li><a href='?page_no=377'>377<\/a><\/li>\n\n\n\n<li><a>...<\/a><\/li>\n\n\n\n<li><a href='?page_no=22911'>22911<\/a><\/li>\n\n\n\n<li><a href='?page_no=22912'>22912<\/a><\/li>\n\n    \n\t\n\n<li >\n\t<a href='?page_no=376'>Next<\/a>\n\t<\/li>\n\n\n    \n\n<li><a href='?page_no=22912'>Last &rsaquo;&rsaquo;<\/a><\/li>\n\n<\/ul>\n\n\n--><br \/>\n<\/body><\/p>\n","protected":false},"excerpt":{"rendered":"<p>Mataron al dictador Ulises -Lil\u00eds- Heureaux. Los amigos del poder abandonaron su cad\u00e1ver Tan pronto cay\u00f3 el hombre m\u00e1s poderoso de Rep\u00fablica Dominicana, sus partidarios y amigos lo abandonaron, por lo que horas despu\u00e9s el cad\u00e1ver fue trasladado a la ciudad de Santiago de los Caballeros, por el gobernador de la provincia Santiago, general Perico [&hellip;]<\/p>\n","protected":false},"author":3,"featured_media":0,"comment_status":"open","ping_status":"open","sticky":false,"template":"","format":"standard","meta":{"footnotes":""},"categories":[21],"tags":[],"class_list":["post-51295","post","type-post","status-publish","format-standard","hentry","category-cultura"],"_links":{"self":[{"href":"https:\/\/diariodominicano.com\/index.php?rest_route=\/wp\/v2\/posts\/51295","targetHints":{"allow":["GET"]}}],"collection":[{"href":"https:\/\/diariodominicano.com\/index.php?rest_route=\/wp\/v2\/posts"}],"about":[{"href":"https:\/\/diariodominicano.com\/index.php?rest_route=\/wp\/v2\/types\/post"}],"author":[{"embeddable":true,"href":"https:\/\/diariodominicano.com\/index.php?rest_route=\/wp\/v2\/users\/3"}],"replies":[{"embeddable":true,"href":"https:\/\/diariodominicano.com\/index.php?rest_route=%2Fwp%2Fv2%2Fcomments&post=51295"}],"version-history":[{"count":0,"href":"https:\/\/diariodominicano.com\/index.php?rest_route=\/wp\/v2\/posts\/51295\/revisions"}],"wp:attachment":[{"href":"https:\/\/diariodominicano.com\/index.php?rest_route=%2Fwp%2Fv2%2Fmedia&parent=51295"}],"wp:term":[{"taxonomy":"category","embeddable":true,"href":"https:\/\/diariodominicano.com\/index.php?rest_route=%2Fwp%2Fv2%2Fcategories&post=51295"},{"taxonomy":"post_tag","embeddable":true,"href":"https:\/\/diariodominicano.com\/index.php?rest_route=%2Fwp%2Fv2%2Ftags&post=51295"}],"curies":[{"name":"wp","href":"https:\/\/api.w.org\/{rel}","templated":true}]}}