{"id":512936,"date":"2024-03-06T13:38:21","date_gmt":"2024-03-06T17:38:21","guid":{"rendered":"https:\/\/diariodominicano.com\/?p=512936"},"modified":"2024-03-06T13:50:18","modified_gmt":"2024-03-06T17:50:18","slug":"ministro-de-defensa-asegura-se-mantienen-estrictas-medidas-de-seguridad-en-frontera-rd-haiti-y-los-mercados-binacionales-siguen-funcionando","status":"publish","type":"post","link":"https:\/\/diariodominicano.com\/?p=512936","title":{"rendered":"Ministro de Defensa asegura se mantienen estrictas medidas de seguridad en frontera RD-Hait\u00ed y los mercados binacionales siguen funcionando"},"content":{"rendered":"\n<p>El Ministro de Defensa teniente general Carlos Luciano D\u00edaz Morfa, en recorrido de supervisi\u00f3n.<\/p>\n\n\n\n<figure class=\"wp-block-image size-large\"><img loading=\"lazy\" decoding=\"async\" width=\"1024\" height=\"678\" src=\"https:\/\/diariodominicano.com\/wp-content\/uploads\/2024\/03\/WhatsApp-Image-2024-03-06-at-5.49.40-AM-1-1024x678.jpeg\" alt=\"\" class=\"wp-image-512945\" srcset=\"https:\/\/diariodominicano.com\/wp-content\/uploads\/2024\/03\/WhatsApp-Image-2024-03-06-at-5.49.40-AM-1-1024x678.jpeg 1024w, https:\/\/diariodominicano.com\/wp-content\/uploads\/2024\/03\/WhatsApp-Image-2024-03-06-at-5.49.40-AM-1-300x199.jpeg 300w, https:\/\/diariodominicano.com\/wp-content\/uploads\/2024\/03\/WhatsApp-Image-2024-03-06-at-5.49.40-AM-1-768x508.jpeg 768w, https:\/\/diariodominicano.com\/wp-content\/uploads\/2024\/03\/WhatsApp-Image-2024-03-06-at-5.49.40-AM-1-1536x1017.jpeg 1536w, https:\/\/diariodominicano.com\/wp-content\/uploads\/2024\/03\/WhatsApp-Image-2024-03-06-at-5.49.40-AM-1-816x540.jpeg 816w, https:\/\/diariodominicano.com\/wp-content\/uploads\/2024\/03\/WhatsApp-Image-2024-03-06-at-5.49.40-AM-1.jpeg 1600w\" sizes=\"auto, (max-width: 1024px) 100vw, 1024px\" \/><\/figure>\n\n\n\n<p><strong>EL\u00cdAS PI\u00d1A &#8211; HONDO VALLE.-<\/strong>\u00a0El ministro de Defensa, teniente general Carlos Luciano D\u00edaz Morfa, ERD, afirm\u00f3 aqu\u00ed que se mantienen estrictas medidas de seguridad en la frontera territorial dom\u00ednico-haitiana, tras la reciente fuga masiva de reclusos en el vecino pa\u00eds.<\/p>\n\n\n\n<figure class=\"wp-block-image size-large\"><img loading=\"lazy\" decoding=\"async\" width=\"1024\" height=\"678\" src=\"https:\/\/diariodominicano.com\/wp-content\/uploads\/2024\/03\/WhatsApp-Image-2024-03-06-at-5.49.40-AM-4-1024x678.jpeg\" alt=\"\" class=\"wp-image-512941\" srcset=\"https:\/\/diariodominicano.com\/wp-content\/uploads\/2024\/03\/WhatsApp-Image-2024-03-06-at-5.49.40-AM-4-1024x678.jpeg 1024w, https:\/\/diariodominicano.com\/wp-content\/uploads\/2024\/03\/WhatsApp-Image-2024-03-06-at-5.49.40-AM-4-300x199.jpeg 300w, https:\/\/diariodominicano.com\/wp-content\/uploads\/2024\/03\/WhatsApp-Image-2024-03-06-at-5.49.40-AM-4-768x508.jpeg 768w, https:\/\/diariodominicano.com\/wp-content\/uploads\/2024\/03\/WhatsApp-Image-2024-03-06-at-5.49.40-AM-4-1536x1017.jpeg 1536w, https:\/\/diariodominicano.com\/wp-content\/uploads\/2024\/03\/WhatsApp-Image-2024-03-06-at-5.49.40-AM-4-816x540.jpeg 816w, https:\/\/diariodominicano.com\/wp-content\/uploads\/2024\/03\/WhatsApp-Image-2024-03-06-at-5.49.40-AM-4.jpeg 1600w\" sizes=\"auto, (max-width: 1024px) 100vw, 1024px\" \/><\/figure>\n\n\n\n<p>El ministro de Defensa en di\u00e1logo <\/p>\n\n\n\n<p>El titular del MIDE, quien junto a una comitiva de oficiales supervisa la zona desde el pasado lunes, en un recorrido de tres d\u00edas, resalt\u00f3 el compromiso de las FF.AA. dominicana de salvaguardar el territorio nacional y destac\u00f3 la preparaci\u00f3n y disposici\u00f3n constante de los soldados criollos para enfrentar cualquier desaf\u00edo que pueda surgir.<\/p>\n\n\n\n<p>El ministro D\u00edaz Morfa extern\u00f3 sus consideraciones al ser abordado por periodistas. El recorrido terrestre abarca toda el \u00e1rea lim\u00edtrofe, desde Pedernales hasta Dajab\u00f3n.<\/p>\n\n\n\n<figure class=\"wp-block-image size-large\"><img loading=\"lazy\" decoding=\"async\" width=\"1024\" height=\"678\" src=\"https:\/\/diariodominicano.com\/wp-content\/uploads\/2024\/03\/WhatsApp-Image-2024-03-06-at-5.49.39-AM-1024x678.jpeg\" alt=\"\" class=\"wp-image-512943\" srcset=\"https:\/\/diariodominicano.com\/wp-content\/uploads\/2024\/03\/WhatsApp-Image-2024-03-06-at-5.49.39-AM-1024x678.jpeg 1024w, https:\/\/diariodominicano.com\/wp-content\/uploads\/2024\/03\/WhatsApp-Image-2024-03-06-at-5.49.39-AM-300x199.jpeg 300w, https:\/\/diariodominicano.com\/wp-content\/uploads\/2024\/03\/WhatsApp-Image-2024-03-06-at-5.49.39-AM-768x508.jpeg 768w, https:\/\/diariodominicano.com\/wp-content\/uploads\/2024\/03\/WhatsApp-Image-2024-03-06-at-5.49.39-AM-1536x1017.jpeg 1536w, https:\/\/diariodominicano.com\/wp-content\/uploads\/2024\/03\/WhatsApp-Image-2024-03-06-at-5.49.39-AM-816x540.jpeg 816w, https:\/\/diariodominicano.com\/wp-content\/uploads\/2024\/03\/WhatsApp-Image-2024-03-06-at-5.49.39-AM.jpeg 1600w\" sizes=\"auto, (max-width: 1024px) 100vw, 1024px\" \/><\/figure>\n\n\n\n<p>En cuanto a la situaci\u00f3n de seguridad en la frontera por El\u00edas Pi\u00f1a, el ministro D\u00edaz Morfa dijo que all\u00ed \u00abprevalece todo en calma, donde las puertas fronterizas est\u00e1n abiertas y existe un flujo comercial que, aunque menor, contin\u00faa operando con normalidad bajo la vigilancia de nuestros militares\u00bb.<\/p>\n\n\n\n<p>Este martes, el alto mando militar continu\u00f3 el recorrido fronterizo al sur del pa\u00eds, para supervisar las capacidades operativas de los militares apostados en los puntos estrat\u00e9gicos y garantizar que los soldados cumplan con su misi\u00f3n institucional en las condiciones adecuadas y de bienestar en general.<\/p>\n\n\n\n<p>\u201cLa finalidad de este recorrido terrestre es supervisar los avances de la verja perimetral y la verificaci\u00f3n de la listeza operacional de los militares en las provincias lim\u00edtrofes\u201d, enfatiz\u00f3 el ministro de Defensa.<\/p>\n\n\n\n<p>Este mi\u00e9rcoles est\u00e1 previsto que el viaje contin\u00fae por Pedro Santana, para recorrer la Carretera Internacional, donde est\u00e1n apostados los destacamentos del Ej\u00e9rcito La Cadena, Los Cacaos, El Corte, Sombrero, La Palmita, Los Algodones y Villa Anacaona, hasta llegar a Restauraci\u00f3n, Loma de Cabrera y Capotillo. Luego de una parada en el destacamento del CESFront, el recorrido de inspecci\u00f3n seguir\u00eda por La Pe\u00f1ita, Tamarindo, Don Miguel, La Bomba, las pir\u00e1mides 21, 17 y 01 en Pepillo Salcedo.<\/p>\n\n\n\n<p><strong><em>Departamento de Prensa<\/em><\/strong><\/p>\n\n\n\n<p><em><strong>Direcci\u00f3n de Asuntos Civiles del Estado Mayor Conjunto, J5<\/strong><\/em><\/p>\n\n\n\n<p><em><strong>Ministerio de Defensa de Rep\u00fablica Dominicana<\/strong><\/em><\/p>\n","protected":false},"excerpt":{"rendered":"<p>El Ministro de Defensa teniente general Carlos Luciano D\u00edaz Morfa, en recorrido de supervisi\u00f3n. EL\u00cdAS PI\u00d1A &#8211; HONDO VALLE.-\u00a0El ministro de Defensa, teniente general Carlos Luciano D\u00edaz Morfa, ERD, afirm\u00f3 aqu\u00ed que se mantienen estrictas medidas de seguridad en la frontera territorial dom\u00ednico-haitiana, tras la reciente fuga masiva de reclusos en el vecino pa\u00eds. El [&hellip;]<\/p>\n","protected":false},"author":28,"featured_media":512938,"comment_status":"closed","ping_status":"","sticky":true,"template":"","format":"standard","meta":{"footnotes":""},"categories":[20,27],"tags":[],"class_list":["post-512936","post","type-post","status-publish","format-standard","has-post-thumbnail","hentry","category-dominicana-hoy","category-portada"],"_links":{"self":[{"href":"https:\/\/diariodominicano.com\/index.php?rest_route=\/wp\/v2\/posts\/512936","targetHints":{"allow":["GET"]}}],"collection":[{"href":"https:\/\/diariodominicano.com\/index.php?rest_route=\/wp\/v2\/posts"}],"about":[{"href":"https:\/\/diariodominicano.com\/index.php?rest_route=\/wp\/v2\/types\/post"}],"author":[{"embeddable":true,"href":"https:\/\/diariodominicano.com\/index.php?rest_route=\/wp\/v2\/users\/28"}],"replies":[{"embeddable":true,"href":"https:\/\/diariodominicano.com\/index.php?rest_route=%2Fwp%2Fv2%2Fcomments&post=512936"}],"version-history":[{"count":6,"href":"https:\/\/diariodominicano.com\/index.php?rest_route=\/wp\/v2\/posts\/512936\/revisions"}],"predecessor-version":[{"id":512946,"href":"https:\/\/diariodominicano.com\/index.php?rest_route=\/wp\/v2\/posts\/512936\/revisions\/512946"}],"wp:featuredmedia":[{"embeddable":true,"href":"https:\/\/diariodominicano.com\/index.php?rest_route=\/wp\/v2\/media\/512938"}],"wp:attachment":[{"href":"https:\/\/diariodominicano.com\/index.php?rest_route=%2Fwp%2Fv2%2Fmedia&parent=512936"}],"wp:term":[{"taxonomy":"category","embeddable":true,"href":"https:\/\/diariodominicano.com\/index.php?rest_route=%2Fwp%2Fv2%2Fcategories&post=512936"},{"taxonomy":"post_tag","embeddable":true,"href":"https:\/\/diariodominicano.com\/index.php?rest_route=%2Fwp%2Fv2%2Ftags&post=512936"}],"curies":[{"name":"wp","href":"https:\/\/api.w.org\/{rel}","templated":true}]}}