{"id":512855,"date":"2024-03-06T01:33:20","date_gmt":"2024-03-06T05:33:20","guid":{"rendered":"https:\/\/diariodominicano.com\/?p=512855"},"modified":"2024-03-06T01:33:20","modified_gmt":"2024-03-06T05:33:20","slug":"lideres-de-cuba-recuerdan-partida-fisica-de-hugo-chavez","status":"publish","type":"post","link":"https:\/\/diariodominicano.com\/?p=512855","title":{"rendered":"L\u00edderes de Cuba recuerdan partida f\u00edsica de Hugo Ch\u00e1vez"},"content":{"rendered":"\n<p>La Habana, 5 mar (Prensa Latina) Las muestras de afectos para quien fuera considerado por Fidel Castro como \u00abel mejor amigo de Cuba\u00bb resaltan aqu\u00ed en ocasi\u00f3n de cumplirse hoy 11 a\u00f1os del deceso del l\u00edder venezolano y mundial.<\/p>\n\n\n\n<ul class=\"wp-block-list\">\n<li><a href=\"https:\/\/www.prensa-latina.cu\/2024\/03\/05\/\">marzo 5, 2024 | 08:48<\/a><\/li>\n<\/ul>\n\n\n\n<p>El presidente de Cuba, Miguel D\u00edaz- Canel escribi\u00f3 en X que su generaci\u00f3n celebrar\u00e1 siempre la oportunidad de vivir el tiempo de dos gigantes de la Revoluci\u00f3n y la integraci\u00f3n latinoamericana: Fidel Castro y Hugo Ch\u00e1vez.<\/p>\n\n\n\n<p>\u201cA 11 a\u00f1os de la partida f\u00edsica del \u201cmejor amigo de Cuba\u201d, nuestro abrazo emocionado a Venezuela\u201d, resalt\u00f3 el mandatario de la isla caribe\u00f1a. Por su parte, el presidente de la Asamblea Nacional del Poder Popular (parlamento), Esteban Lazo, ratific\u00f3 en la propia red social que el legado del revolucionario perdura en la hermandad entre los pueblos cubano y venezolano, en el ideal bolivariano e integracionista en la Patria Grande, en las causas justas de la humanidad.<\/p>\n\n\n\n<p>El canciller antillano, Bruno Rodr\u00edguez, sostuvo en esa plataforma digital que el ejemplo del l\u00edder venezolano guiar\u00e1 la lucha y la resistencia (de Cuba y Venezuela) frente a los intentos del imperialismo yanqui de destruir a la Revoluci\u00f3n Bolivariana y socavar la unidad de nuestra Am\u00e9rica.<\/p>\n\n\n\n<p>El expresidente de la Rep\u00fablica Bolivariana de Venezuela (1999-2013), Hugo Ch\u00e1vez (1954-2013) profes\u00f3 amplia simpat\u00eda y afinidad con el proceso revolucionario cubano y su liderazgo, especialmente con el Comandante en Jefe Fidel Castro, a quien consideraba como un padre.<\/p>\n\n\n\n<p>Su primera visita a Cuba (diciembre de 1994), y el encuentro con el entonces presidente y l\u00edder hist\u00f3rico de la revoluci\u00f3n en la isla, sell\u00f3 definitivamente la amistad la amistad entre los dos l\u00edderes y la coincidencia en la forma de ver los procesos pol\u00edticos y econ\u00f3micos nacionales y latinoamericanos.<\/p>\n\n\n\n<p>El triunfo y consolidaci\u00f3n del proceso bolivariano y chavista consolidar\u00eda la relaci\u00f3n de hermandad entre ambas naciones cuya expresi\u00f3n m\u00e1s visible resulta de la amplia cooperaci\u00f3n en salud, deporte, cultura, educaci\u00f3n, ahorro energ\u00e9tico, agricultura y la formaci\u00f3n de trabajadores sociales venezolanos en Cuba, entre otras.<\/p>\n\n\n\n<p>mem\/lld<\/p>\n","protected":false},"excerpt":{"rendered":"<p>La Habana, 5 mar (Prensa Latina) Las muestras de afectos para quien fuera considerado por Fidel Castro como \u00abel mejor amigo de Cuba\u00bb resaltan aqu\u00ed en ocasi\u00f3n de cumplirse hoy 11 a\u00f1os del deceso del l\u00edder venezolano y mundial. El presidente de Cuba, Miguel D\u00edaz- Canel escribi\u00f3 en X que su generaci\u00f3n celebrar\u00e1 siempre la [&hellip;]<\/p>\n","protected":false},"author":28,"featured_media":512856,"comment_status":"closed","ping_status":"","sticky":false,"template":"","format":"standard","meta":{"footnotes":""},"categories":[26,23],"tags":[],"class_list":["post-512855","post","type-post","status-publish","format-standard","has-post-thumbnail","hentry","category-efemerides","category-internacional"],"_links":{"self":[{"href":"https:\/\/diariodominicano.com\/index.php?rest_route=\/wp\/v2\/posts\/512855","targetHints":{"allow":["GET"]}}],"collection":[{"href":"https:\/\/diariodominicano.com\/index.php?rest_route=\/wp\/v2\/posts"}],"about":[{"href":"https:\/\/diariodominicano.com\/index.php?rest_route=\/wp\/v2\/types\/post"}],"author":[{"embeddable":true,"href":"https:\/\/diariodominicano.com\/index.php?rest_route=\/wp\/v2\/users\/28"}],"replies":[{"embeddable":true,"href":"https:\/\/diariodominicano.com\/index.php?rest_route=%2Fwp%2Fv2%2Fcomments&post=512855"}],"version-history":[{"count":1,"href":"https:\/\/diariodominicano.com\/index.php?rest_route=\/wp\/v2\/posts\/512855\/revisions"}],"predecessor-version":[{"id":512857,"href":"https:\/\/diariodominicano.com\/index.php?rest_route=\/wp\/v2\/posts\/512855\/revisions\/512857"}],"wp:featuredmedia":[{"embeddable":true,"href":"https:\/\/diariodominicano.com\/index.php?rest_route=\/wp\/v2\/media\/512856"}],"wp:attachment":[{"href":"https:\/\/diariodominicano.com\/index.php?rest_route=%2Fwp%2Fv2%2Fmedia&parent=512855"}],"wp:term":[{"taxonomy":"category","embeddable":true,"href":"https:\/\/diariodominicano.com\/index.php?rest_route=%2Fwp%2Fv2%2Fcategories&post=512855"},{"taxonomy":"post_tag","embeddable":true,"href":"https:\/\/diariodominicano.com\/index.php?rest_route=%2Fwp%2Fv2%2Ftags&post=512855"}],"curies":[{"name":"wp","href":"https:\/\/api.w.org\/{rel}","templated":true}]}}