{"id":51284,"date":"2020-07-26T10:26:00","date_gmt":"2020-07-26T10:26:00","guid":{"rendered":"http:\/\/diariodominicano.ddns.net\/?p=51284"},"modified":"2020-07-26T10:26:00","modified_gmt":"2020-07-26T10:26:00","slug":"minerd-informa-la-plataforma-enlinea-minerd-gob-do-ha-recibido-mas-de-720-mil-visitas-desde-que-se-habilito-el-19-de-marzo","status":"publish","type":"post","link":"https:\/\/diariodominicano.com\/?p=51284","title":{"rendered":"MINERD informa la plataforma enlinea.minerd.gob.do ha recibido m\u00e1s de 720 mil visitas desde que se habilit\u00f3 el 19 de marzo"},"content":{"rendered":"<p><body><\/p>\n<p><span class=\"text1noticias\">diariodominicano.com<\/span><\/p>\n<p><span class=\"text1noticias\"> <\/span><\/p>\n<p><span class=\"text1noticias\">Santo Domingo, R. D., 26 de julio, 2020.- El Ministerio de Educaci\u00f3n (MINERD) inform\u00f3 este domingo que hasta la fecha la plataforma enlinea.minerd.gob.do, habilitada para ofrecer contenido educativo de forma virtual desde el pasado 19 de marzo por la pandemia COVID-19, ha recibido m\u00e1s de 720 mil visitas de estudiantes, docentes, familias e interesados.<\/span><\/p>\n<p><span class=\"text1noticias\"> <\/span><\/p>\n<p><span class=\"text1noticias\">El dato lo comparte el director de Tecnolog\u00eda del MINERD, Manuel N\u00fa\u00f1ez, quien precis\u00f3 que esas visitas son las que se contabilizan por entradas directas, pero hay otras que pueden llegar por otras v\u00edas como redes sociales y tambi\u00e9n se suman a las mencionadas, por lo que considera ha sido de mucho apoyo esta plataforma para la comunidad educativa.<\/span><\/p>\n<p><span class=\"text1noticias\"> <\/span><\/p>\n<p><span class=\"text1noticias\">Seg\u00fan el experto, tambi\u00e9n se registraron cientos de miles de visitas en las redes sociales institucionales, apoyadas por mucho contenido did\u00e1ctico que se public\u00f3 y la difusi\u00f3n de un programa especial de Radio y Televisi\u00f3n Educativa que todav\u00eda se transmite por varios canales abiertos y Telecable.<\/span><\/p>\n<p><span class=\"text1noticias\"> <\/span><\/p>\n<p><span class=\"text1noticias\">N\u00fa\u00f1ez agreg\u00f3 que esta evidencia de visitas confirma lo dicho por el ministro Antonio Pe\u00f1a Mirabal, de que se hace necesario una plataforma educativa oficial del Estado, apoyada por pol\u00edticas p\u00fablicas vinculadas a la ense\u00f1anza y el aprendizaje virtual (elearning) y la constante capacitaci\u00f3n de los docentes.<\/span><\/p>\n<p><span class=\"text1noticias\"> <\/span><\/p>\n<p><span class=\"text1noticias\">En ese sentido, el programa Rep\u00fablica Digital Educaci\u00f3n tambi\u00e9n aporta un gran recurso a la conectividad al entregar 63,863 netbooks a estudiantes y 4,550 laptops a igual n\u00famero de docentes desde el 27 de mayo hasta el 24 de junio pasado, las cuales se suman a las cerca de 300 mil que se distribuyeron el a\u00f1o pasado.<\/span><\/p>\n<p><span class=\"text1noticias\"> <\/span><\/p>\n<p><span class=\"text1noticias\">El coordinador general de Rep\u00fablica Digital Educaci\u00f3n, C\u00e9sar Garnier Mart\u00ednez, precis\u00f3 que en Santo Domingo entregaron cerca de 35 mil dispositivos, unos 28,500 en el Cibao y casi 5 mil en Azua, con al menos 359 centros educativos impactados y miles de familias involucradas en el proceso formativo directo. <\/span><\/p>\n<p><span class=\"text1noticias\"> <\/span><\/p>\n<p><span class=\"text1noticias\">Uso adecuado<\/span><\/p>\n<p><span class=\"text1noticias\"> <\/span><\/p>\n<p><span class=\"text1noticias\">El director de Curr\u00edculo del MINERD, Remigio Garc\u00eda, destac\u00f3 que los estudiantes, maestros y familiares han dado un uso correcto y constante a la plataforma enlinea.minerd.gob.do desde la cual se posibilita la continuidad del aprendizaje sin importar la distancia.<\/span><\/p>\n<p><span class=\"text1noticias\"> <\/span><\/p>\n<p><span class=\"text1noticias\">Garc\u00eda manifest\u00f3 que las familias han dado a conocer v\u00eda redes sociales sus experiencias y ha resultado satisfactorio el proceso de comprensi\u00f3n de los materiales compartidos, gracias al apoyo de los docentes y parientes de los alumnos que se han sumado al aprendizaje mientras se mantiene el estado de emergencia nacional por el Coronavirus COVID-19.<\/span><\/p>\n<p><span class=\"text1noticias\"> <\/span><\/p>\n<p><span class=\"text1noticias\">Tambi\u00e9n los maestros confirmaron que los estudiantes de Jornada Escolar Extendida han hecho un uso racional de sus computadoras, sobre todo en este proceso de pandemia del coronavirus donde las clases fueron virtuales el \u00faltimo trimestre.<\/span><\/p>\n<p><span class=\"text1noticias\"> <\/span><\/p>\n<p><span class=\"text1noticias\">M\u00faltiples opciones<\/span><\/p>\n<p><span class=\"text1noticias\"> <\/span><\/p>\n<p><span class=\"text1noticias\">En la plataforma los estudiantes del Nivel Primario pueden elegir las opciones correspondientes a su grado, desde primero hasta sexto. Tambi\u00e9n hay una secci\u00f3n para los docentes donde se precisan las gu\u00edas de trabajo para facilitar que las familias mantengan el ritmo establecido de ense\u00f1anza y aprendizaje.<\/span><\/p>\n<p><span class=\"text1noticias\"> <\/span><\/p>\n<p><span class=\"text1noticias\">Para los alumnos de Nivel Secundario encontrar\u00e1n en la plataforma enlinea.minerd.gob.do diversos recursos did\u00e1cticos y gu\u00edas curriculares acorde al contenido correspondiente. Estas actividades estar\u00e1n directamente vinculadas con los portales iq.edu.do, educando.edu.do y eduplan.educando.edu.do desde donde refuerzan sus aprendizajes.<\/span><\/p>\n<p><span class=\"text1noticias\"> <\/span><\/p>\n<p><span class=\"text1noticias\">Para los ni\u00f1os y ni\u00f1as de Nivel Inicial se complementar\u00e1n sus destrezas con fichas did\u00e1cticas para el trabajo en casa con la participaci\u00f3n activa de sus padres, madres y tutores, herramientas pedag\u00f3gicas que se complementar\u00e1n con contenido audiovisual transmitido por radio y Televisi\u00f3n Educativa en programaci\u00f3n regular.<\/span><\/p>\n<p><span class=\"text1noticias\"> <\/span><\/p>\n<p><span class=\"text1noticias\">Fuente: Prensa MINERD  <\/span><\/p>\n<p><span class=\"text1noticias\">Direcci\u00f3n de Comunicaci\u00f3n y Relaciones P\u00fablicas<\/span><\/p>\n<p><span class=\"text1noticias\">Licda. Magdalena Nu\u00f1ez<\/span><\/p>\n<p><span class=\"text1noticias\">Enc. Relaciones P\u00fablicas<\/span><\/p>\n<p><span class=\"text1noticias\">Fecha: 26 de julio 2020<\/span><\/p>\n<p><span class=\"text1noticias\">Ministerio Educaci\u00f3n Rep\u00fablica Dominicana<\/span><\/p>\n<h6> 2020-07-26 10:26:00 <\/h6>\n<p><!--\n<link rel=\"stylesheet\" href=\"css\/bootstrap.min.css\">\n\n\n<ul class=\"pagination\">\n\t    \n\t\n\n<li >\n\t<a href='?page_no=373'>Previous<\/a>\n\t<\/li>\n\n\n       \n    \n\n<li><a href='?page_no=1'>1<\/a><\/li>\n\n\n\n<li><a href='?page_no=2'>2<\/a><\/li>\n\n\n\n<li><a>...<\/a><\/li>\n\n\n\n<li><a href='?page_no=372'>372<\/a><\/li>\n\n\n\n<li><a href='?page_no=373'>373<\/a><\/li>\n\n\n\n<li class='active'><a>374<\/a><\/li>\n\n\n\n<li><a href='?page_no=375'>375<\/a><\/li>\n\n\n\n<li><a href='?page_no=376'>376<\/a><\/li>\n\n\n\n<li><a>...<\/a><\/li>\n\n\n\n<li><a href='?page_no=22911'>22911<\/a><\/li>\n\n\n\n<li><a href='?page_no=22912'>22912<\/a><\/li>\n\n    \n\t\n\n<li >\n\t<a href='?page_no=375'>Next<\/a>\n\t<\/li>\n\n\n    \n\n<li><a href='?page_no=22912'>Last &rsaquo;&rsaquo;<\/a><\/li>\n\n<\/ul>\n\n\n--><br \/>\n<\/body><\/p>\n","protected":false},"excerpt":{"rendered":"<p>diariodominicano.com Santo Domingo, R. D., 26 de julio, 2020.- El Ministerio de Educaci\u00f3n (MINERD) inform\u00f3 este domingo que hasta la fecha la plataforma enlinea.minerd.gob.do, habilitada para ofrecer contenido educativo de forma virtual desde el pasado 19 de marzo por la pandemia COVID-19, ha recibido m\u00e1s de 720 mil visitas de estudiantes, docentes, familias e interesados. [&hellip;]<\/p>\n","protected":false},"author":3,"featured_media":0,"comment_status":"open","ping_status":"open","sticky":false,"template":"","format":"standard","meta":{"footnotes":""},"categories":[21],"tags":[],"class_list":["post-51284","post","type-post","status-publish","format-standard","hentry","category-cultura"],"_links":{"self":[{"href":"https:\/\/diariodominicano.com\/index.php?rest_route=\/wp\/v2\/posts\/51284","targetHints":{"allow":["GET"]}}],"collection":[{"href":"https:\/\/diariodominicano.com\/index.php?rest_route=\/wp\/v2\/posts"}],"about":[{"href":"https:\/\/diariodominicano.com\/index.php?rest_route=\/wp\/v2\/types\/post"}],"author":[{"embeddable":true,"href":"https:\/\/diariodominicano.com\/index.php?rest_route=\/wp\/v2\/users\/3"}],"replies":[{"embeddable":true,"href":"https:\/\/diariodominicano.com\/index.php?rest_route=%2Fwp%2Fv2%2Fcomments&post=51284"}],"version-history":[{"count":0,"href":"https:\/\/diariodominicano.com\/index.php?rest_route=\/wp\/v2\/posts\/51284\/revisions"}],"wp:attachment":[{"href":"https:\/\/diariodominicano.com\/index.php?rest_route=%2Fwp%2Fv2%2Fmedia&parent=51284"}],"wp:term":[{"taxonomy":"category","embeddable":true,"href":"https:\/\/diariodominicano.com\/index.php?rest_route=%2Fwp%2Fv2%2Fcategories&post=51284"},{"taxonomy":"post_tag","embeddable":true,"href":"https:\/\/diariodominicano.com\/index.php?rest_route=%2Fwp%2Fv2%2Ftags&post=51284"}],"curies":[{"name":"wp","href":"https:\/\/api.w.org\/{rel}","templated":true}]}}