{"id":512833,"date":"2024-03-06T01:19:17","date_gmt":"2024-03-06T05:19:17","guid":{"rendered":"https:\/\/diariodominicano.com\/?p=512833"},"modified":"2024-03-06T01:23:20","modified_gmt":"2024-03-06T05:23:20","slug":"ministro-de-defensa-asegura-soldados-estan-preparados-para-prevenir-o-disuadir-incidentes-en-la-frontera-rd-haiti","status":"publish","type":"post","link":"https:\/\/diariodominicano.com\/?p=512833","title":{"rendered":"Ministro de Defensa asegura soldados est\u00e1n preparados para prevenir o disuadir incidentes en la frontera RD-Hait\u00ed"},"content":{"rendered":"\n<p><\/p>\n\n\n\n<p>PEDERNALES-JIMAN\u00cd.\u2013 El ministro de Defensa, teniente general Carlos Luciano D\u00edaz Morfa, ERD, asegur\u00f3 que los soldados desplegados en el \u00e1rea fronteriza se encuentran en estado de alerta ante la situaci\u00f3n de inestabilidad de Hait\u00ed y dijo que est\u00e1n preparados para prevenir o disuadir cualquier incidente que pueda poner en riesgo la tranquilidad en la zona dom\u00ednico-haitiana.<\/p>\n\n\n\n<figure class=\"wp-block-image size-large\"><img loading=\"lazy\" decoding=\"async\" width=\"1024\" height=\"678\" src=\"https:\/\/diariodominicano.com\/wp-content\/uploads\/2024\/03\/99867a67-8bd6-4d36-bbe4-22d0477dd8ad-1024x678.jpg\" alt=\"\" class=\"wp-image-512845\" srcset=\"https:\/\/diariodominicano.com\/wp-content\/uploads\/2024\/03\/99867a67-8bd6-4d36-bbe4-22d0477dd8ad-1024x678.jpg 1024w, https:\/\/diariodominicano.com\/wp-content\/uploads\/2024\/03\/99867a67-8bd6-4d36-bbe4-22d0477dd8ad-300x199.jpg 300w, https:\/\/diariodominicano.com\/wp-content\/uploads\/2024\/03\/99867a67-8bd6-4d36-bbe4-22d0477dd8ad-768x509.jpg 768w, https:\/\/diariodominicano.com\/wp-content\/uploads\/2024\/03\/99867a67-8bd6-4d36-bbe4-22d0477dd8ad-1536x1017.jpg 1536w, https:\/\/diariodominicano.com\/wp-content\/uploads\/2024\/03\/99867a67-8bd6-4d36-bbe4-22d0477dd8ad-2048x1356.jpg 2048w, https:\/\/diariodominicano.com\/wp-content\/uploads\/2024\/03\/99867a67-8bd6-4d36-bbe4-22d0477dd8ad-816x540.jpg 816w\" sizes=\"auto, (max-width: 1024px) 100vw, 1024px\" \/><\/figure>\n\n\n\n<p>El titular del MIDE enfatiz\u00f3 que, siendo la principal misi\u00f3n de las Fuerzas Armadas de garantizar la seguridad de las fronteras territoriales, as\u00ed como la seguridad y estabilidad en esa zona, se han reforzado las medidas para evitar que desaprensivos puedan intentar ingresar a territorio dominicano.<\/p>\n\n\n\n<figure class=\"wp-block-image size-large is-resized\"><img loading=\"lazy\" decoding=\"async\" width=\"1024\" height=\"678\" src=\"https:\/\/diariodominicano.com\/wp-content\/uploads\/2024\/03\/cd5d9d57-93e7-4277-bece-565964c4686d-1024x678.jpg\" alt=\"\" class=\"wp-image-512836\" style=\"width:616px;height:auto\" srcset=\"https:\/\/diariodominicano.com\/wp-content\/uploads\/2024\/03\/cd5d9d57-93e7-4277-bece-565964c4686d-1024x678.jpg 1024w, https:\/\/diariodominicano.com\/wp-content\/uploads\/2024\/03\/cd5d9d57-93e7-4277-bece-565964c4686d-300x199.jpg 300w, https:\/\/diariodominicano.com\/wp-content\/uploads\/2024\/03\/cd5d9d57-93e7-4277-bece-565964c4686d-768x508.jpg 768w, https:\/\/diariodominicano.com\/wp-content\/uploads\/2024\/03\/cd5d9d57-93e7-4277-bece-565964c4686d-1536x1017.jpg 1536w, https:\/\/diariodominicano.com\/wp-content\/uploads\/2024\/03\/cd5d9d57-93e7-4277-bece-565964c4686d-816x540.jpg 816w, https:\/\/diariodominicano.com\/wp-content\/uploads\/2024\/03\/cd5d9d57-93e7-4277-bece-565964c4686d.jpg 1600w\" sizes=\"auto, (max-width: 1024px) 100vw, 1024px\" \/><\/figure>\n\n\n\n<figure class=\"wp-block-image size-large\"><img loading=\"lazy\" decoding=\"async\" width=\"678\" height=\"1024\" src=\"https:\/\/diariodominicano.com\/wp-content\/uploads\/2024\/03\/83d4702c-fb58-4c9a-962e-a71cbc52a946-678x1024.jpg\" alt=\"\" class=\"wp-image-512839\" srcset=\"https:\/\/diariodominicano.com\/wp-content\/uploads\/2024\/03\/83d4702c-fb58-4c9a-962e-a71cbc52a946-678x1024.jpg 678w, https:\/\/diariodominicano.com\/wp-content\/uploads\/2024\/03\/83d4702c-fb58-4c9a-962e-a71cbc52a946-199x300.jpg 199w, https:\/\/diariodominicano.com\/wp-content\/uploads\/2024\/03\/83d4702c-fb58-4c9a-962e-a71cbc52a946-768x1160.jpg 768w, https:\/\/diariodominicano.com\/wp-content\/uploads\/2024\/03\/83d4702c-fb58-4c9a-962e-a71cbc52a946-1017x1536.jpg 1017w, https:\/\/diariodominicano.com\/wp-content\/uploads\/2024\/03\/83d4702c-fb58-4c9a-962e-a71cbc52a946-816x1233.jpg 816w, https:\/\/diariodominicano.com\/wp-content\/uploads\/2024\/03\/83d4702c-fb58-4c9a-962e-a71cbc52a946.jpg 1059w\" sizes=\"auto, (max-width: 678px) 100vw, 678px\" \/><\/figure>\n\n\n\n<p>\u201cLa actividad comercial entre ambos pa\u00edses se est\u00e1 desarrollando con normalidad, pero hemos dispuesto el aumento del personal y de equipos de acuerdo con la necesidad de cada lugar, con el objetivo de que la poblaci\u00f3n se sienta segura\u201d, indic\u00f3 D\u00edaz Morfa.&nbsp;<\/p>\n\n\n\n<figure class=\"wp-block-image size-large\"><img loading=\"lazy\" decoding=\"async\" width=\"1024\" height=\"678\" src=\"https:\/\/diariodominicano.com\/wp-content\/uploads\/2024\/03\/c7ef8eff-b874-43d2-b5ff-c7bcd12ca57c-1024x678.jpg\" alt=\"\" class=\"wp-image-512840\" srcset=\"https:\/\/diariodominicano.com\/wp-content\/uploads\/2024\/03\/c7ef8eff-b874-43d2-b5ff-c7bcd12ca57c-1024x678.jpg 1024w, https:\/\/diariodominicano.com\/wp-content\/uploads\/2024\/03\/c7ef8eff-b874-43d2-b5ff-c7bcd12ca57c-300x199.jpg 300w, https:\/\/diariodominicano.com\/wp-content\/uploads\/2024\/03\/c7ef8eff-b874-43d2-b5ff-c7bcd12ca57c-768x508.jpg 768w, https:\/\/diariodominicano.com\/wp-content\/uploads\/2024\/03\/c7ef8eff-b874-43d2-b5ff-c7bcd12ca57c-1536x1017.jpg 1536w, https:\/\/diariodominicano.com\/wp-content\/uploads\/2024\/03\/c7ef8eff-b874-43d2-b5ff-c7bcd12ca57c-816x540.jpg 816w, https:\/\/diariodominicano.com\/wp-content\/uploads\/2024\/03\/c7ef8eff-b874-43d2-b5ff-c7bcd12ca57c.jpg 1600w\" sizes=\"auto, (max-width: 1024px) 100vw, 1024px\" \/><\/figure>\n\n\n\n<p>Durante tres d\u00edas, el ministro de Defensa junto a Oficiales del Estado Mayor Conjunto de las Fuerzas Armadas tiene contemplado supervisar las capacidades operativas de los militares apostados en los puntos estrat\u00e9gicos de la frontera, evaluar los avances de la verja perimetral fronteriza y garantizar que los soldados cumplan con su misi\u00f3n institucional en las condiciones adecuadas y de bienestar en general.<\/p>\n\n\n\n<figure class=\"wp-block-image size-large\"><img loading=\"lazy\" decoding=\"async\" width=\"1024\" height=\"678\" src=\"https:\/\/diariodominicano.com\/wp-content\/uploads\/2024\/03\/910941ac-89a4-4fe3-85b0-f37311a9c335-1024x678.jpg\" alt=\"\" class=\"wp-image-512843\" srcset=\"https:\/\/diariodominicano.com\/wp-content\/uploads\/2024\/03\/910941ac-89a4-4fe3-85b0-f37311a9c335-1024x678.jpg 1024w, https:\/\/diariodominicano.com\/wp-content\/uploads\/2024\/03\/910941ac-89a4-4fe3-85b0-f37311a9c335-300x199.jpg 300w, https:\/\/diariodominicano.com\/wp-content\/uploads\/2024\/03\/910941ac-89a4-4fe3-85b0-f37311a9c335-768x508.jpg 768w, https:\/\/diariodominicano.com\/wp-content\/uploads\/2024\/03\/910941ac-89a4-4fe3-85b0-f37311a9c335-1536x1017.jpg 1536w, https:\/\/diariodominicano.com\/wp-content\/uploads\/2024\/03\/910941ac-89a4-4fe3-85b0-f37311a9c335-816x540.jpg 816w, https:\/\/diariodominicano.com\/wp-content\/uploads\/2024\/03\/910941ac-89a4-4fe3-85b0-f37311a9c335.jpg 1600w\" sizes=\"auto, (max-width: 1024px) 100vw, 1024px\" \/><\/figure>\n\n\n\n<p>Este martes, las autoridades militares tienen previsto trasladarse a los destacamentos de Los Pinos del Ed\u00e9n y Cacique Enriquillo, Aniceto, Mart\u00ednez Ca\u00f1ada Miguel en Hondo Valle, adem\u00e1s de Carrizal, Margarita, Rinconcito, Guaroa, Guayabal. B\u00e1nica y Pedro Santana.<\/p>\n\n\n\n<figure class=\"wp-block-image size-large\"><img loading=\"lazy\" decoding=\"async\" width=\"1024\" height=\"678\" src=\"https:\/\/diariodominicano.com\/wp-content\/uploads\/2024\/03\/b7ba9ab9-bbd3-4773-b55a-af4b38189854-1024x678.jpg\" alt=\"\" class=\"wp-image-512846\" srcset=\"https:\/\/diariodominicano.com\/wp-content\/uploads\/2024\/03\/b7ba9ab9-bbd3-4773-b55a-af4b38189854-1024x678.jpg 1024w, https:\/\/diariodominicano.com\/wp-content\/uploads\/2024\/03\/b7ba9ab9-bbd3-4773-b55a-af4b38189854-300x199.jpg 300w, https:\/\/diariodominicano.com\/wp-content\/uploads\/2024\/03\/b7ba9ab9-bbd3-4773-b55a-af4b38189854-768x509.jpg 768w, https:\/\/diariodominicano.com\/wp-content\/uploads\/2024\/03\/b7ba9ab9-bbd3-4773-b55a-af4b38189854-1536x1018.jpg 1536w, https:\/\/diariodominicano.com\/wp-content\/uploads\/2024\/03\/b7ba9ab9-bbd3-4773-b55a-af4b38189854-816x541.jpg 816w, https:\/\/diariodominicano.com\/wp-content\/uploads\/2024\/03\/b7ba9ab9-bbd3-4773-b55a-af4b38189854.jpg 1600w\" sizes=\"auto, (max-width: 1024px) 100vw, 1024px\" \/><\/figure>\n\n\n\n<p>Al ministro le acompa\u00f1an el director del Centro de Comando, Control, Comunicaciones, Computadoras y Ciberseguridad (C5i), vicealmirante, Luis Rafael Lee Ballester, ARD; el director de Planes y Operaciones del Estado Mayor Conjunto del MIDE, (J3), general de brigada Rafael Antonio N\u00fa\u00f1ez Veloz, ERD, el general de brigada, Freddy R. Soto Thorman, ERD, director del Cuerpo Especializado de Seguridad Fronteriza Terrestre (CESFront) y el supervisor de la verja perimetral general de Brigada Luis A. Coronado Abreu, ERD.<\/p>\n\n\n\n<p>Como parte de la comisi\u00f3n que viaja con el ministro D\u00edaz Morfa, tambi\u00e9n se encuentra el director de Asuntos Civiles del Estado Mayor Conjunto del MIDE (J5) general de brigada Piloto, Juan Carlos Vicente P\u00e9rez, FARD; el coronel Dante Luis Ovalle Lugo, ERD, y el teniente coronel Ingeniero Zen\u00f3n Osvaldo Cubilete Mateo, ERD.<\/p>\n\n\n\n<p><strong><em>Departamento de Prensa<\/em><\/strong><\/p>\n\n\n\n<p><em><strong>Direcci\u00f3n de Asuntos Civiles del Estado Mayor Conjunto, J5<\/strong><\/em><\/p>\n\n\n\n<p><em><strong>Ministerio de Defensa de Rep\u00fablica Dominicana<\/strong><\/em><\/p>\n\n\n\n<p><\/p>\n","protected":false},"excerpt":{"rendered":"<p>PEDERNALES-JIMAN\u00cd.\u2013 El ministro de Defensa, teniente general Carlos Luciano D\u00edaz Morfa, ERD, asegur\u00f3 que los soldados desplegados en el \u00e1rea fronteriza se encuentran en estado de alerta ante la situaci\u00f3n de inestabilidad de Hait\u00ed y dijo que est\u00e1n preparados para prevenir o disuadir cualquier incidente que pueda poner en riesgo la tranquilidad en la zona [&hellip;]<\/p>\n","protected":false},"author":28,"featured_media":512834,"comment_status":"closed","ping_status":"","sticky":true,"template":"","format":"standard","meta":{"footnotes":""},"categories":[20,27],"tags":[],"class_list":["post-512833","post","type-post","status-publish","format-standard","has-post-thumbnail","hentry","category-dominicana-hoy","category-portada"],"_links":{"self":[{"href":"https:\/\/diariodominicano.com\/index.php?rest_route=\/wp\/v2\/posts\/512833","targetHints":{"allow":["GET"]}}],"collection":[{"href":"https:\/\/diariodominicano.com\/index.php?rest_route=\/wp\/v2\/posts"}],"about":[{"href":"https:\/\/diariodominicano.com\/index.php?rest_route=\/wp\/v2\/types\/post"}],"author":[{"embeddable":true,"href":"https:\/\/diariodominicano.com\/index.php?rest_route=\/wp\/v2\/users\/28"}],"replies":[{"embeddable":true,"href":"https:\/\/diariodominicano.com\/index.php?rest_route=%2Fwp%2Fv2%2Fcomments&post=512833"}],"version-history":[{"count":4,"href":"https:\/\/diariodominicano.com\/index.php?rest_route=\/wp\/v2\/posts\/512833\/revisions"}],"predecessor-version":[{"id":512847,"href":"https:\/\/diariodominicano.com\/index.php?rest_route=\/wp\/v2\/posts\/512833\/revisions\/512847"}],"wp:featuredmedia":[{"embeddable":true,"href":"https:\/\/diariodominicano.com\/index.php?rest_route=\/wp\/v2\/media\/512834"}],"wp:attachment":[{"href":"https:\/\/diariodominicano.com\/index.php?rest_route=%2Fwp%2Fv2%2Fmedia&parent=512833"}],"wp:term":[{"taxonomy":"category","embeddable":true,"href":"https:\/\/diariodominicano.com\/index.php?rest_route=%2Fwp%2Fv2%2Fcategories&post=512833"},{"taxonomy":"post_tag","embeddable":true,"href":"https:\/\/diariodominicano.com\/index.php?rest_route=%2Fwp%2Fv2%2Ftags&post=512833"}],"curies":[{"name":"wp","href":"https:\/\/api.w.org\/{rel}","templated":true}]}}