{"id":512824,"date":"2024-03-06T00:52:42","date_gmt":"2024-03-06T04:52:42","guid":{"rendered":"https:\/\/diariodominicano.com\/?p=512824"},"modified":"2024-03-06T00:52:42","modified_gmt":"2024-03-06T04:52:42","slug":"cultura-entrega-premio-anual-de-historia-al-escritor-bernando-regino-espinal","status":"publish","type":"post","link":"https:\/\/diariodominicano.com\/?p=512824","title":{"rendered":"Cultura entrega Premio Anual de Historia al escritor Bernando Regino Espinal"},"content":{"rendered":"\n<p><strong><em>Del autor se destaca la excelencia en la investigaci\u00f3n y su valiosa contribuci\u00f3n a la narrativa hist\u00f3rica del pa\u00eds<\/em><\/strong><strong><\/strong><\/p>\n\n\n\n<p><strong>Santo Domingo, RD.\u2013<\/strong>\u00a0El Ministerio de Cultura hizo entrega del prestigioso Premio Anual de Historia Jos\u00e9 Gabriel Garc\u00eda, en la edici\u00f3n de 2022, al historiador Francisco Bernardo Regino Espinal por su obra in\u00e9dita \u201cEsclavitud, haciendas y producci\u00f3n en Santo Domingo, 1779-1780\u201d.<\/p>\n\n\n\n<p>De conformidad con el Decreto n\u00fam. 3-17, de fecha 6 de enero del a\u00f1o 2017, este lauro tiene como objetivo fundamental estimular y reconocer las obras de investigadores de nacionalidad dominicana, ya sean residentes en el pa\u00eds o en el extranjero, que representen un aporte original, trascendente e innegable para la historia dominicana.<\/p>\n\n\n\n<p>El acto de premiaci\u00f3n, que tuvo lugar en la sede de la entidad cultural, estuvo presidido por el viceministro de Identidad Cultural y Ciudadan\u00eda, Ram\u00f3n Pastor De Moya, quien estuvo acompa\u00f1ado por el director de Gesti\u00f3n Literaria, Fari Rosario.<\/p>\n\n\n\n<p>El jurado del premio estuvo conformado por los historiadores Alejandro Paulino Ramos, Rafael Enrique Jarvis y Juan Ventura.<\/p>\n\n\n\n<p>El Premio Anual de Historia Jos\u00e9 Gabriel Garc\u00eda se otorga a un \u00fanico ganador e incluye la publicaci\u00f3n de la obra por parte del Ministerio de Cultura, a trav\u00e9s de la Editora Nacional. Adem\u00e1s, el galardonado recibe un diploma de reconocimiento y una dotaci\u00f3n econ\u00f3mica de 500 mil pesos.<\/p>\n\n\n\n<p>Es importante se\u00f1alar que esta distinci\u00f3n se entrega en dos modalidades: un a\u00f1o destinado a obras publicadas y otro a obras in\u00e9ditas.<\/p>\n\n\n\n<p>Francisco Bernardo Regino Espinal se suma as\u00ed a la destacada lista de galardonados con este premio, resaltando por la excelencia en la investigaci\u00f3n y por su valiosa contribuci\u00f3n a la narrativa hist\u00f3rica de la Rep\u00fablica Dominicana.<\/p>\n\n\n\n<p><\/p>\n\n\n\n<p>El autor es oriundo de Santiago de los Caballeros y posee un doctorado en Humanidades e Historia por la Universidad de Sevilla.<\/p>\n\n\n\n<figure class=\"wp-block-table\"><table><tbody><tr><td><strong>Ministerio de Cultura de la Rep\u00fablica Dominicana<\/strong>&nbsp;&lt;prensa@cultura.gob.do&gt;<\/td><td><\/td><\/tr><\/tbody><\/table><\/figure>\n","protected":false},"excerpt":{"rendered":"<p>Del autor se destaca la excelencia en la investigaci\u00f3n y su valiosa contribuci\u00f3n a la narrativa hist\u00f3rica del pa\u00eds Santo Domingo, RD.\u2013\u00a0El Ministerio de Cultura hizo entrega del prestigioso Premio Anual de Historia Jos\u00e9 Gabriel Garc\u00eda, en la edici\u00f3n de 2022, al historiador Francisco Bernardo Regino Espinal por su obra in\u00e9dita \u201cEsclavitud, haciendas y producci\u00f3n [&hellip;]<\/p>\n","protected":false},"author":28,"featured_media":0,"comment_status":"closed","ping_status":"","sticky":true,"template":"","format":"standard","meta":{"footnotes":""},"categories":[21,26,27],"tags":[],"class_list":["post-512824","post","type-post","status-publish","format-standard","hentry","category-cultura","category-efemerides","category-portada"],"_links":{"self":[{"href":"https:\/\/diariodominicano.com\/index.php?rest_route=\/wp\/v2\/posts\/512824","targetHints":{"allow":["GET"]}}],"collection":[{"href":"https:\/\/diariodominicano.com\/index.php?rest_route=\/wp\/v2\/posts"}],"about":[{"href":"https:\/\/diariodominicano.com\/index.php?rest_route=\/wp\/v2\/types\/post"}],"author":[{"embeddable":true,"href":"https:\/\/diariodominicano.com\/index.php?rest_route=\/wp\/v2\/users\/28"}],"replies":[{"embeddable":true,"href":"https:\/\/diariodominicano.com\/index.php?rest_route=%2Fwp%2Fv2%2Fcomments&post=512824"}],"version-history":[{"count":1,"href":"https:\/\/diariodominicano.com\/index.php?rest_route=\/wp\/v2\/posts\/512824\/revisions"}],"predecessor-version":[{"id":512825,"href":"https:\/\/diariodominicano.com\/index.php?rest_route=\/wp\/v2\/posts\/512824\/revisions\/512825"}],"wp:attachment":[{"href":"https:\/\/diariodominicano.com\/index.php?rest_route=%2Fwp%2Fv2%2Fmedia&parent=512824"}],"wp:term":[{"taxonomy":"category","embeddable":true,"href":"https:\/\/diariodominicano.com\/index.php?rest_route=%2Fwp%2Fv2%2Fcategories&post=512824"},{"taxonomy":"post_tag","embeddable":true,"href":"https:\/\/diariodominicano.com\/index.php?rest_route=%2Fwp%2Fv2%2Ftags&post=512824"}],"curies":[{"name":"wp","href":"https:\/\/api.w.org\/{rel}","templated":true}]}}