{"id":512812,"date":"2024-03-06T00:36:57","date_gmt":"2024-03-06T04:36:57","guid":{"rendered":"https:\/\/diariodominicano.com\/?p=512812"},"modified":"2024-03-06T00:36:57","modified_gmt":"2024-03-06T04:36:57","slug":"bcrd-celebrara-la-decima-version-de-su-semana-economica-y-financiera","status":"publish","type":"post","link":"https:\/\/diariodominicano.com\/?p=512812","title":{"rendered":"BCRD celebrar\u00e1 la d\u00e9cima versi\u00f3n de su Semana Econ\u00f3mica y Financiera"},"content":{"rendered":"\n<p>Archivo:<\/p>\n\n\n\n<p><em>La actividad, que forma parte de la Global Money Week, se llevar\u00e1 a cabo desde 18 al 22 de marzo y participar\u00e1n 46 entidades p\u00fablicas y privadas, que desarrollar\u00e1n charlas, talleres, conferencias y actividades formativas sobre econom\u00eda y finanzas<\/em><\/p>\n\n\n\n<p><strong>Santo Domingo. Rep\u00fablica Dominicana. &#8211;<\/strong>&nbsp; El Banco Central de la Rep\u00fablica Dominicana (BCRD) anuncia su d\u00e9cima versi\u00f3n de la Semana Econ\u00f3mica y Financiera (#sefBCRD) 2024, la cual se celebrar\u00e1 en las instalaciones de la instituci\u00f3n desde el lunes 18 al viernes 22 de marzo, en colaboraci\u00f3n con la iniciativa internacional <em>Global Money Week.<\/em><\/p>\n\n\n\n<figure class=\"wp-block-image size-large\"><img loading=\"lazy\" decoding=\"async\" width=\"1024\" height=\"683\" src=\"https:\/\/diariodominicano.com\/wp-content\/uploads\/2024\/03\/2-Sef2023-1-1024x683.jpg\" alt=\"\" class=\"wp-image-512814\" srcset=\"https:\/\/diariodominicano.com\/wp-content\/uploads\/2024\/03\/2-Sef2023-1-1024x683.jpg 1024w, https:\/\/diariodominicano.com\/wp-content\/uploads\/2024\/03\/2-Sef2023-1-300x200.jpg 300w, https:\/\/diariodominicano.com\/wp-content\/uploads\/2024\/03\/2-Sef2023-1-768x512.jpg 768w, https:\/\/diariodominicano.com\/wp-content\/uploads\/2024\/03\/2-Sef2023-1-816x544.jpg 816w, https:\/\/diariodominicano.com\/wp-content\/uploads\/2024\/03\/2-Sef2023-1.jpg 1224w\" sizes=\"auto, (max-width: 1024px) 100vw, 1024px\" \/><\/figure>\n\n\n\n<p>La #sefBCRD forma parte del programa de responsabilidad social institucional, Aula Central para la educaci\u00f3n econ\u00f3mica y financiera, integrando en esta ocasi\u00f3n a 46 entidades p\u00fablicas y privadas para desarrollar todo un programa de actividades presenciales gratuitas, entre las que se encuentran visitas a estands, charlas, talleres, conferencias, din\u00e1micas de juegos, actividades formativas y al Museo Numism\u00e1tico y Filat\u00e9lico.<\/p>\n\n\n\n<p>El auditorio del Banco Central en Santo Domingo y la Oficina Regional de Santiago de los Caballeros, volver\u00e1n a congregar a ni\u00f1os y j\u00f3venes que cursan estudios desde 1\u00ba de primaria hasta 6\u00ba de bachillerato, universitarios y p\u00fablico en general interesado, en un horario comprendido entre las 9:00 a. m. y las 6:00 p. m.<\/p>\n\n\n\n<p>Todas las actividades programadas est\u00e1n encaminadas a ofrecer a los asistentes formaci\u00f3n y entretenimiento que les otorgue la cultura del ahorro, el manejo de su propia administraci\u00f3n, el conocimiento de conceptos b\u00e1sicos sobre econom\u00eda y finanzas, el buen uso de las tarjetas de cr\u00e9dito, el reconocimiento de las monedas y billetes en circulaci\u00f3n, el uso de los impuestos, la metodolog\u00eda de los pr\u00e9stamos para el emprendimiento, el funcionamiento del mercado de valores, entre otras materias.<\/p>\n\n\n\n<figure class=\"wp-block-image size-large\"><img loading=\"lazy\" decoding=\"async\" width=\"1024\" height=\"683\" src=\"https:\/\/diariodominicano.com\/wp-content\/uploads\/2024\/03\/1-Sef2023-1024x683.jpg\" alt=\"\" class=\"wp-image-512815\" srcset=\"https:\/\/diariodominicano.com\/wp-content\/uploads\/2024\/03\/1-Sef2023-1024x683.jpg 1024w, https:\/\/diariodominicano.com\/wp-content\/uploads\/2024\/03\/1-Sef2023-300x200.jpg 300w, https:\/\/diariodominicano.com\/wp-content\/uploads\/2024\/03\/1-Sef2023-768x512.jpg 768w, https:\/\/diariodominicano.com\/wp-content\/uploads\/2024\/03\/1-Sef2023-1536x1024.jpg 1536w, https:\/\/diariodominicano.com\/wp-content\/uploads\/2024\/03\/1-Sef2023-2048x1365.jpg 2048w, https:\/\/diariodominicano.com\/wp-content\/uploads\/2024\/03\/1-Sef2023-816x544.jpg 816w\" sizes=\"auto, (max-width: 1024px) 100vw, 1024px\" \/><\/figure>\n\n\n\n<p>Para el mi\u00e9rcoles 20, el BCRD ha programado la conferencia titulada \u2018Cisnes negros: un reto cada vez mayor para los medios informativos\u2019, dirigida a periodistas, comunicadores y directores de comunicaci\u00f3n. La misma ser\u00e1 impartida por el periodista espa\u00f1ol Fernando D\u00edaz Villanueva, quien se ha desempe\u00f1ado, entre otros, como director del diario econ\u00f3mico Negocios.com. Otra de las actividades a resaltar por parte del BCRD, es la premiaci\u00f3n, el jueves 21, de la d\u00e9cimo primera competencia acad\u00e9mica \u2018Economistas del Futuro\u2019.<\/p>\n\n\n\n<figure class=\"wp-block-image size-large\"><img loading=\"lazy\" decoding=\"async\" width=\"1024\" height=\"683\" src=\"https:\/\/diariodominicano.com\/wp-content\/uploads\/2024\/03\/0-Sef2023-1024x683.jpg\" alt=\"\" class=\"wp-image-512816\" srcset=\"https:\/\/diariodominicano.com\/wp-content\/uploads\/2024\/03\/0-Sef2023-1024x683.jpg 1024w, https:\/\/diariodominicano.com\/wp-content\/uploads\/2024\/03\/0-Sef2023-300x200.jpg 300w, https:\/\/diariodominicano.com\/wp-content\/uploads\/2024\/03\/0-Sef2023-768x512.jpg 768w, https:\/\/diariodominicano.com\/wp-content\/uploads\/2024\/03\/0-Sef2023-1536x1024.jpg 1536w, https:\/\/diariodominicano.com\/wp-content\/uploads\/2024\/03\/0-Sef2023-2048x1365.jpg 2048w, https:\/\/diariodominicano.com\/wp-content\/uploads\/2024\/03\/0-Sef2023-816x544.jpg 816w\" sizes=\"auto, (max-width: 1024px) 100vw, 1024px\" \/><\/figure>\n\n\n\n<p>Las 46 entidades participantes son: los bancos Ademi, ADOPEM, BACC de Ahorro y Cr\u00e9dito del Caribe, BDI, BHD, Caribe, L\u00f3pez de Haro, Popular Dominicano, Qik, Prom\u00e9rica, Scotiabank, Santa Cruz, Uni\u00f3n, Banesco, Motor Cr\u00e9dito, Banfondesa, JMMB Bank y Banreservas; tambi\u00e9n AFP Crecer, las asociaciones ALAVER de Ahorros y Prestamos, Bonao de Ahorros y Pr\u00e9stamos (ABONAP), Cibao de Ahorros y Pr\u00e9stamos, Bancos de Ahorro y Cr\u00e9dito y Corporaciones de Cr\u00e9dito (ABANCORD), Bancos M\u00faltiples de la Rep\u00fablica Dominicana (ABA), de Instituciones Rurales de Ahorros y Cr\u00e9ditos (AIRAC), Duarte de Ahorros y Pr\u00e9stamos, La Nacional de Ahorro y Pr\u00e9stamos, Peravia de Ahorros y Pr\u00e9stamos, Popular de Ahorros y Pr\u00e9stamos, y la Cooperativa M\u00e9dica de Santiago.<\/p>\n\n\n\n<p>De igual forma estar\u00e1n presentes la Bolsa de Valores de la R.D., el Centro de Capacitaci\u00f3n en Pol\u00edtica y Gesti\u00f3n Fiscal (CAPGEFI), la Direcci\u00f3n General de Contabilidad Gubernamental, la Direcci\u00f3n General de Impuestos Internos, la Liga Dominicana de Asociaciones de Ahorros y Pr\u00e9stamos (LIDAAPI), los ministerios de Econom\u00eda, Planificaci\u00f3n y Desarrollo, Hacienda, e Industria, Comercio y Mypimes.<\/p>\n\n\n\n<p>Tambi\u00e9n la Oficina Nacional de Estad\u00edsticas (ONE), Prodominicana, las superintendencias de Bancos, Pensiones, y del Mercado de Valores, as\u00ed como la Tesorer\u00eda Nacional, TransUnion, VISA y los anfitriones Banco Central de la Rep\u00fablica Dominicana.<\/p>\n\n\n\n<p><strong>Redes sociales y facilidades<\/strong><\/p>\n\n\n\n<p>El BCRD informa que todos los detalles de la #sefBCRD se pueden consultar en el subportal <a href=\"http:\/\/www.bancentral.gov.do\/sefbcrd\">www.bancentral.gov.do\/sefbcrd<\/a> y a trav\u00e9s de sus redes sociales: X (Twitter), Instagram, Facebook y YouTube con el nombre: BancoCentralRD.<\/p>\n\n\n\n<p>La #sefBCRD es un evento con el que se identifica toda la empleoman\u00eda del Banco Central, que se siente orgullosa de recibir a ni\u00f1os, j\u00f3venes y adultos en la propia instituci\u00f3n para ofrecerles herramientas que les conducir\u00e1n a sacar el mejor provecho de su vida personal, familiar y profesional. El BCRD dispondr\u00e1 de todas las facilidades para que al evento puedan acudir personas con capacidades f\u00edsicas especiales.<\/p>\n\n\n\n<p>Banco Central de la Rep\u00fablica Dominicana<\/p>\n\n\n\n<p><a target=\"_blank\" href=\"mailto:bancentralrd@gmail.com\" rel=\"noreferrer noopener\">bancentralrd@gmail.com<\/a><\/p>\n","protected":false},"excerpt":{"rendered":"<p>Archivo: La actividad, que forma parte de la Global Money Week, se llevar\u00e1 a cabo desde 18 al 22 de marzo y participar\u00e1n 46 entidades p\u00fablicas y privadas, que desarrollar\u00e1n charlas, talleres, conferencias y actividades formativas sobre econom\u00eda y finanzas Santo Domingo. Rep\u00fablica Dominicana. &#8211;&nbsp; El Banco Central de la Rep\u00fablica Dominicana (BCRD) anuncia su [&hellip;]<\/p>\n","protected":false},"author":28,"featured_media":512813,"comment_status":"closed","ping_status":"","sticky":true,"template":"","format":"standard","meta":{"footnotes":""},"categories":[20,18,27],"tags":[],"class_list":["post-512812","post","type-post","status-publish","format-standard","has-post-thumbnail","hentry","category-dominicana-hoy","category-economia","category-portada"],"_links":{"self":[{"href":"https:\/\/diariodominicano.com\/index.php?rest_route=\/wp\/v2\/posts\/512812","targetHints":{"allow":["GET"]}}],"collection":[{"href":"https:\/\/diariodominicano.com\/index.php?rest_route=\/wp\/v2\/posts"}],"about":[{"href":"https:\/\/diariodominicano.com\/index.php?rest_route=\/wp\/v2\/types\/post"}],"author":[{"embeddable":true,"href":"https:\/\/diariodominicano.com\/index.php?rest_route=\/wp\/v2\/users\/28"}],"replies":[{"embeddable":true,"href":"https:\/\/diariodominicano.com\/index.php?rest_route=%2Fwp%2Fv2%2Fcomments&post=512812"}],"version-history":[{"count":1,"href":"https:\/\/diariodominicano.com\/index.php?rest_route=\/wp\/v2\/posts\/512812\/revisions"}],"predecessor-version":[{"id":512817,"href":"https:\/\/diariodominicano.com\/index.php?rest_route=\/wp\/v2\/posts\/512812\/revisions\/512817"}],"wp:featuredmedia":[{"embeddable":true,"href":"https:\/\/diariodominicano.com\/index.php?rest_route=\/wp\/v2\/media\/512813"}],"wp:attachment":[{"href":"https:\/\/diariodominicano.com\/index.php?rest_route=%2Fwp%2Fv2%2Fmedia&parent=512812"}],"wp:term":[{"taxonomy":"category","embeddable":true,"href":"https:\/\/diariodominicano.com\/index.php?rest_route=%2Fwp%2Fv2%2Fcategories&post=512812"},{"taxonomy":"post_tag","embeddable":true,"href":"https:\/\/diariodominicano.com\/index.php?rest_route=%2Fwp%2Fv2%2Ftags&post=512812"}],"curies":[{"name":"wp","href":"https:\/\/api.w.org\/{rel}","templated":true}]}}