{"id":51273,"date":"2020-07-26T13:56:12","date_gmt":"2020-07-26T13:56:12","guid":{"rendered":"http:\/\/diariodominicano.ddns.net\/?p=51273"},"modified":"2020-07-26T13:56:12","modified_gmt":"2020-07-26T13:56:12","slug":"fcs-uasd-inicia-diplomado-investigacion-cientifica-en-ciencias-de-la-salud","status":"publish","type":"post","link":"https:\/\/diariodominicano.com\/?p=51273","title":{"rendered":"FCS UASD inicia diplomado investigaci\u00f3n cient\u00edfica en ciencias de la Salud"},"content":{"rendered":"<p><body><\/p>\n<p><img decoding=\"async\" src=\"img3\/facultadM26-7-20.jpg\" \/>  <\/p>\n<p><span class=\"text1noticias\">diariodominicano.com<\/span><\/p>\n<p><span class=\"text1noticias\"> <\/span><\/p>\n<p><span class=\"text1noticias\">Santo Domingo, R. D., 26 de julio, 2020.- Durante un encuentro virtual, la Facultad de Ciencias de la Salud (FCS) de la Universidad Aut\u00f3noma de Santo Domingo (UASD) dej\u00f3 iniciado  un diplomado en Investigaci\u00f3n Cient\u00edfica, el cual ser\u00e1 cursado por autoridades docentes, profesores y  estudiantes de esa unidad acad\u00e9mica.<\/span><\/p>\n<p><span class=\"text1noticias\"> <\/span><\/p>\n<p><span class=\"text1noticias\">El acto de apertura estuvo encabezado por los doctores Mauro Canario, vicerrector de Investigaci\u00f3n y Postgrado; Rosel Fern\u00e1ndez, \u00c1ngel D\u00edaz  e Ysabel Noem\u00ed Tejada, decana de la FCS, director General de Investigaciones y directora del  Instituto de Investigaciones, respectivamente.<\/span><\/p>\n<p><span class=\"text1noticias\"> <\/span><\/p>\n<p><span class=\"text1noticias\">La actividad comenz\u00f3 con la conferencia magistral \u00abSentimientos Epistemol\u00f3gicos en la Investigaci\u00f3n Cient\u00edfica\u00bb, a cargo del doctor Tom\u00e1s Fontaines Ruiz, coordinador de la Red Internacional sobre Ense\u00f1anza de la Investigaci\u00f3n, de la Universidad T\u00e9cnica de Machala, Ecuador.<\/span><\/p>\n<p><span class=\"text1noticias\"> <\/span><\/p>\n<p><span class=\"text1noticias\">El doctor Canario resalt\u00f3 la importancia del diplomado para continuar fortaleciendo la investigaci\u00f3n en la UASD,  destac\u00f3 el trabajo que en ese sentido viene realizando junto con su equipo desde la vicerrector\u00eda que ocupa e hizo \u00e9nfasis en el empe\u00f1o de los  maestros por mantenerse actualizados.<\/span><\/p>\n<p><span class=\"text1noticias\"> <\/span><\/p>\n<p><span class=\"text1noticias\">De su lado, la decana Fern\u00e1ndez calific\u00f3 de relevante el aporte que constituye para el quehacer cient\u00edfico la oferta de este tipo de formaci\u00f3n acad\u00e9mica, al tiempo que  reconoci\u00f3 al disertante por su disposici\u00f3n de compartir sus amplios conocimientos en el campo de la investigaci\u00f3n.<\/span><\/p>\n<p><span class=\"text1noticias\"> <\/span><\/p>\n<p><span class=\"text1noticias\">En el acto, donde participaron m\u00e1s de 90 personas, incluyendo  a los doctores  \u00c1ngel Nadal, director de la Escuela de Odontolog\u00eda,  as\u00ed como Amauris Guill\u00e9n Mateo, coordinador de la Oficina de Tesis; la doctora  Ysabel Tejada pronunci\u00f3 las palabras de bienvenida <\/span><\/p>\n<p><span class=\"text1noticias\"> <\/span><\/p>\n<p><span class=\"text1noticias\">En su alocuci\u00f3n,  la doctora Tejada agradeci\u00f3 el apoyo recibido de las autoridades uasdianas   para la concretizaci\u00f3n de ese evento, as\u00ed como a  quienes  se inscribieron en ese evento de car\u00e1cter formativo, con lo cual  considera que se apuesta al avance de la investigaci\u00f3n.<\/span><\/p>\n<p><span class=\"text1noticias\"> <\/span><\/p>\n<p><span class=\"text1noticias\">SOBRE LA CONFERENCIA <\/span><\/p>\n<p><span class=\"text1noticias\"> <\/span><\/p>\n<p><span class=\"text1noticias\">Fontaines Ruiz abord\u00f3 la investigaci\u00f3n cient\u00edfica desde una perspectiva distinta a la acostumbrada y enfatiz\u00f3 en la necesidad de romper con algunos paradigmas, tras considerar que el acto de investigar no puede estar separado de la singularidad y sentimientos del ser humano.<\/span><\/p>\n<p><span class=\"text1noticias\"> <\/span><\/p>\n<p><span class=\"text1noticias\">La actividad comenz\u00f3 con la conferencia magistral \u00abSentimientos Epistemol\u00f3gicos en la Investigaci\u00f3n Cient\u00edfica\u00bb, a cargo del doctor Tom\u00e1s Fontaines Ruiz, coordinador de la Red Internacional sobre Ense\u00f1anza de la Investigaci\u00f3n, de la Universidad T\u00e9cnica de Machala, Ecuador.<\/span><\/p>\n<p><span class=\"text1noticias\"> <\/span><\/p>\n<p><span class=\"text1noticias\">Indic\u00f3  tambi\u00e9n que la investigaci\u00f3n debe estar basada en la emotividad, que no puede quedarse solo en el aspecto metodol\u00f3gico, que debe ser un viaje hacia la diferencia y se debe instruir al estudiante para que se lance en la b\u00fasqueda de los bordes y a traspasar fronteras.<\/span><\/p>\n<p><span class=\"text1noticias\"> <\/span><\/p>\n<p><span class=\"text1noticias\">Finalmente, el m\u00e9dico, investigador y acad\u00e9mico opin\u00f3 que en muchas universidades se ense\u00f1a metodolog\u00eda,  aunque no investigaci\u00f3n; pero que  esta \u00faltima naci\u00f3  para liberar, por lo que invit\u00f3 la adopci\u00f3n de un abordaje distinto de  dich<\/span>a tem\u00e1tica. <\/p>\n<\/p>\n<p> Fuente: Relaciones P\u00fablicas  <\/p>\n<p>Direcci\u00f3n de Relaciones P\u00fablicas <\/p>\n<h6> 2020-07-26 13:56:12 <\/h6>\n<p><!--\n<link rel=\"stylesheet\" href=\"css\/bootstrap.min.css\">\n\n\n<ul class=\"pagination\">\n\t    \n\t\n\n<li >\n\t<a href='?page_no=372'>Previous<\/a>\n\t<\/li>\n\n\n       \n    \n\n<li><a href='?page_no=1'>1<\/a><\/li>\n\n\n\n<li><a href='?page_no=2'>2<\/a><\/li>\n\n\n\n<li><a>...<\/a><\/li>\n\n\n\n<li><a href='?page_no=371'>371<\/a><\/li>\n\n\n\n<li><a href='?page_no=372'>372<\/a><\/li>\n\n\n\n<li class='active'><a>373<\/a><\/li>\n\n\n\n<li><a href='?page_no=374'>374<\/a><\/li>\n\n\n\n<li><a href='?page_no=375'>375<\/a><\/li>\n\n\n\n<li><a>...<\/a><\/li>\n\n\n\n<li><a href='?page_no=22911'>22911<\/a><\/li>\n\n\n\n<li><a href='?page_no=22912'>22912<\/a><\/li>\n\n    \n\t\n\n<li >\n\t<a href='?page_no=374'>Next<\/a>\n\t<\/li>\n\n\n    \n\n<li><a href='?page_no=22912'>Last &rsaquo;&rsaquo;<\/a><\/li>\n\n<\/ul>\n\n\n--><br \/>\n<\/body><\/p>\n","protected":false},"excerpt":{"rendered":"<p>diariodominicano.com Santo Domingo, R. D., 26 de julio, 2020.- Durante un encuentro virtual, la Facultad de Ciencias de la Salud (FCS) de la Universidad Aut\u00f3noma de Santo Domingo (UASD) dej\u00f3 iniciado un diplomado en Investigaci\u00f3n Cient\u00edfica, el cual ser\u00e1 cursado por autoridades docentes, profesores y estudiantes de esa unidad acad\u00e9mica. El acto de apertura estuvo [&hellip;]<\/p>\n","protected":false},"author":3,"featured_media":0,"comment_status":"open","ping_status":"open","sticky":false,"template":"","format":"standard","meta":{"footnotes":""},"categories":[21],"tags":[],"class_list":["post-51273","post","type-post","status-publish","format-standard","hentry","category-cultura"],"_links":{"self":[{"href":"https:\/\/diariodominicano.com\/index.php?rest_route=\/wp\/v2\/posts\/51273","targetHints":{"allow":["GET"]}}],"collection":[{"href":"https:\/\/diariodominicano.com\/index.php?rest_route=\/wp\/v2\/posts"}],"about":[{"href":"https:\/\/diariodominicano.com\/index.php?rest_route=\/wp\/v2\/types\/post"}],"author":[{"embeddable":true,"href":"https:\/\/diariodominicano.com\/index.php?rest_route=\/wp\/v2\/users\/3"}],"replies":[{"embeddable":true,"href":"https:\/\/diariodominicano.com\/index.php?rest_route=%2Fwp%2Fv2%2Fcomments&post=51273"}],"version-history":[{"count":0,"href":"https:\/\/diariodominicano.com\/index.php?rest_route=\/wp\/v2\/posts\/51273\/revisions"}],"wp:attachment":[{"href":"https:\/\/diariodominicano.com\/index.php?rest_route=%2Fwp%2Fv2%2Fmedia&parent=51273"}],"wp:term":[{"taxonomy":"category","embeddable":true,"href":"https:\/\/diariodominicano.com\/index.php?rest_route=%2Fwp%2Fv2%2Fcategories&post=51273"},{"taxonomy":"post_tag","embeddable":true,"href":"https:\/\/diariodominicano.com\/index.php?rest_route=%2Fwp%2Fv2%2Ftags&post=51273"}],"curies":[{"name":"wp","href":"https:\/\/api.w.org\/{rel}","templated":true}]}}