{"id":512712,"date":"2024-03-05T22:30:07","date_gmt":"2024-03-06T02:30:07","guid":{"rendered":"https:\/\/diariodominicano.com\/?p=512712"},"modified":"2024-03-05T22:30:07","modified_gmt":"2024-03-06T02:30:07","slug":"se-requiere-mayores-controles-en-la-franja-fronteriza-opinan-francisco-dominguez-brito-y-melanio-paredes-del-cp-del-pld","status":"publish","type":"post","link":"https:\/\/diariodominicano.com\/?p=512712","title":{"rendered":"Se requiere mayores controles en la franja fronteriza opinan Francisco Dom\u00ednguez Brito y Melanio Paredes del CP del PLD"},"content":{"rendered":"\n<p>Melanio Paredes y Francisco Dom\u00ednguez Brito.<\/p>\n\n\n\n<p>Ante la fuga de unos tres mil presos &nbsp;&nbsp;de c\u00e1rceles Puerto Pr\u00edncipe, Hait\u00ed,&nbsp;<strong>los miembros del Comit\u00e9 Pol\u00edtico del Partido de la Liberaci\u00f3n Dominicana Melanio Paredes y Francisco Dom\u00ednguez Brito<\/strong>&nbsp;recomendaron mayor control en la franja fronteriza, activar todos los servicios de inteligencia y atender con seriedad el tema haitiano.<\/p>\n\n\n\n<p>Paredes advirti\u00f3 que con el tema de Hait\u00ed no se puede jugar y el gobierno dominicano lo ha tomado como un elemento para la b\u00fasqueda de popularidad del presidente Luis Abinader.<\/p>\n\n\n\n<p>Dijo que la situaci\u00f3n de Hait\u00ed es una realidad muy cruda, que impacta la econom\u00eda y la seguridad del pa\u00eds y por tanto el gobierno dominicano tiene que ponderar todas las variables.<\/p>\n\n\n\n<p>\u201cAyer vimos que el presidente hablaba de que si los pr\u00f3fugos haitianos cruzan tendr\u00edan una respuesta dr\u00e1stica, qu\u00e9 quiere decir, que est\u00e1 mandando a que se fusile a todo el pr\u00f3fugo haitiano que cruce de este lado de la frontera, con las consecuencias que podr\u00eda tener para el pa\u00eds una decisi\u00f3n de esa naturaleza\u201d, expres\u00f3 Melanio Paredes<\/p>\n\n\n\n<p>\u201cNo es haciendo desfile como si fuera jugando Nintendo con unos equipos militares en el espacio del famoso muro que se construye, no, requiere que el gobierno tome en cuenta a los mejores asesores que tenemos en materia de seguridad nacional y de diplomacia\u201d, agreg\u00f3 previo a la reuni\u00f3n del Comit\u00e9 Pol\u00edtico realizada este martes.<\/p>\n\n\n\n<p>El ex ministro de Educaci\u00f3n sugiri\u00f3 estructurar una pol\u00edtica frente a una situaci\u00f3n que se va a mantener y que pone en serio peligro a la sociedad dominicana, al patrimonio y a la seguridad de los dominicanos.<\/p>\n\n\n\n<p>Explic\u00f3 que las medidas que ha tomado el gobierno dominicano hasta ahora, salvo la defensa que hace en los foros internacionales, son medidas improvisadas. \u201cLo m\u00e1s importante es poner por encima el inter\u00e9s nacional y en ese sentido, el Partido de la Liberaci\u00f3n Dominicana y su candidato Abel Mart\u00ednez han planteado que el problema de los haitianos debe ser resuelto en Hait\u00ed\u201d.<\/p>\n\n\n\n<p>&nbsp;<strong>Francisco Dom\u00ednguez Brito<\/strong><\/p>\n\n\n\n<p>Por su lado, Dom\u00ednguez Brito considera fundamental prever que el conflicto en Hait\u00ed pueda generar una migraci\u00f3n descontrolada hacia la Rep\u00fablica Dominicana.<\/p>\n\n\n\n<p>Se\u00f1ala que Hait\u00ed puede estar sujeto a un golpe de Estado, ni siquiera dado por militares, sino por bandas armadas ligadas al crimen organizado, lo cual ser\u00eda terrible para la Rep\u00fablica Dominicana.<\/p>\n\n\n\n<p>El ex ministro de Medio Ambiente y Recursos Naturales reiter\u00f3 que el gobierno debe disponer de mayores controles en la frontera, as\u00ed como reforzar la seguridad y duplicar los esfuerzos del pa\u00eds a los fines de evitar una tragedia en nuestro territorio.<\/p>\n\n\n\n<p>Tanto Melanio Paredes como Francisco Dom\u00ednguez Brito fueron entrevistados por los representantes de los medios de comunicaci\u00f3n previo a la reuni\u00f3n del Comit\u00e9 Pol\u00edtico en la Casa Nacional del PLD este martes.<\/p>\n\n\n\n<p><strong>SECRETARIA DE COMUNICACIONES<\/strong><\/p>\n","protected":false},"excerpt":{"rendered":"<p>Melanio Paredes y Francisco Dom\u00ednguez Brito. Ante la fuga de unos tres mil presos &nbsp;&nbsp;de c\u00e1rceles Puerto Pr\u00edncipe, Hait\u00ed,&nbsp;los miembros del Comit\u00e9 Pol\u00edtico del Partido de la Liberaci\u00f3n Dominicana Melanio Paredes y Francisco Dom\u00ednguez Brito&nbsp;recomendaron mayor control en la franja fronteriza, activar todos los servicios de inteligencia y atender con seriedad el tema haitiano. Paredes [&hellip;]<\/p>\n","protected":false},"author":28,"featured_media":512713,"comment_status":"closed","ping_status":"","sticky":true,"template":"","format":"standard","meta":{"footnotes":""},"categories":[20,112,27],"tags":[],"class_list":["post-512712","post","type-post","status-publish","format-standard","has-post-thumbnail","hentry","category-dominicana-hoy","category-haiti","category-portada"],"_links":{"self":[{"href":"https:\/\/diariodominicano.com\/index.php?rest_route=\/wp\/v2\/posts\/512712","targetHints":{"allow":["GET"]}}],"collection":[{"href":"https:\/\/diariodominicano.com\/index.php?rest_route=\/wp\/v2\/posts"}],"about":[{"href":"https:\/\/diariodominicano.com\/index.php?rest_route=\/wp\/v2\/types\/post"}],"author":[{"embeddable":true,"href":"https:\/\/diariodominicano.com\/index.php?rest_route=\/wp\/v2\/users\/28"}],"replies":[{"embeddable":true,"href":"https:\/\/diariodominicano.com\/index.php?rest_route=%2Fwp%2Fv2%2Fcomments&post=512712"}],"version-history":[{"count":1,"href":"https:\/\/diariodominicano.com\/index.php?rest_route=\/wp\/v2\/posts\/512712\/revisions"}],"predecessor-version":[{"id":512714,"href":"https:\/\/diariodominicano.com\/index.php?rest_route=\/wp\/v2\/posts\/512712\/revisions\/512714"}],"wp:featuredmedia":[{"embeddable":true,"href":"https:\/\/diariodominicano.com\/index.php?rest_route=\/wp\/v2\/media\/512713"}],"wp:attachment":[{"href":"https:\/\/diariodominicano.com\/index.php?rest_route=%2Fwp%2Fv2%2Fmedia&parent=512712"}],"wp:term":[{"taxonomy":"category","embeddable":true,"href":"https:\/\/diariodominicano.com\/index.php?rest_route=%2Fwp%2Fv2%2Fcategories&post=512712"},{"taxonomy":"post_tag","embeddable":true,"href":"https:\/\/diariodominicano.com\/index.php?rest_route=%2Fwp%2Fv2%2Ftags&post=512712"}],"curies":[{"name":"wp","href":"https:\/\/api.w.org\/{rel}","templated":true}]}}