{"id":512654,"date":"2024-03-05T17:56:29","date_gmt":"2024-03-05T21:56:29","guid":{"rendered":"https:\/\/diariodominicano.com\/?p=512654"},"modified":"2024-03-06T10:58:44","modified_gmt":"2024-03-06T14:58:44","slug":"inap-reconoce-a-pro-consumidor-por-alto-ranking-obtenido-en-plan-de-capacitacion-de-sus-servidores","status":"publish","type":"post","link":"https:\/\/diariodominicano.com\/?p=512654","title":{"rendered":"INAP reconoce a Pro Consumidor por alto ranking\u00a0obtenido en Plan de Capacitaci\u00f3n de sus servidores"},"content":{"rendered":"\n<p><strong>Santo Domingo. \u2013<\/strong>&nbsp;El Instituto Nacional de Administraci\u00f3n P\u00fablica (INAP) reconoci\u00f3 este martes al Instituto Nacional de Protecci\u00f3n de los Derechos del Consumidor (Pro Consumidor) por el alto ranking obtenido en el subindicador del Plan de Capacitaci\u00f3n del Sistema de Monitoreo de la Administraci\u00f3n P\u00fablica y por las buenas pr\u00e1cticas para el fomento de competencias en sus servidores.<\/p>\n\n\n\n<p>El subdirector del INAP, \u00c1ngel Familia, en representaci\u00f3n del director general de esa entidad, Cristian S\u00e1nchez Reyes, entreg\u00f3 el certificado de exaltaci\u00f3n al director ejecutivo de Pro Consumidor, Eddy Alc\u00e1ntara, en el marco de una ceremonia celebrada en la entidad defensora de los derechos de los consumidores.<\/p>\n\n\n\n<p>Familia reconoci\u00f3 la labor desarrollada por Pro Consumidor en la ejecuci\u00f3n de los planes de capacitaci\u00f3n, para crear y fomentar en las competencias de los servidores p\u00fablicos una trayectoria, accionar y ejemplo.<\/p>\n\n\n\n<p>Asimismo, valor\u00f3 a todo el equipo de trabajo de la entidad defensora de los consumidores por aplicar con efectividad los objetivos de esta vertiente, dirigida a cuantificar las acciones de las instituciones gubernamentales, en lo relativo a los procesos internos, el fortalecimiento institucional y la presentaci\u00f3n de servicios con eficiencia, calidad y participaci\u00f3n, y en correspondencia con los marcos normativos que inciden en la gesti\u00f3n p\u00fablica.<\/p>\n\n\n\n<p>De su lado, el doctor Eddy Alc\u00e1ntara agradeci\u00f3 la exaltaci\u00f3n del INAP, al tiempo que sostuvo que su gesti\u00f3n al frente de Pro Consumidor se ha caracterizado por la eficiencia, la transparencia y la \u00e9tica.<\/p>\n\n\n\n<p>\u201cDesde que llegamos a esta entidad hemos asumido el reto de empe\u00f1arnos en capacitar y preparar de manera t\u00e9cnica y profesional a nuestros empleados con miras al desarrollo de sus conocimientos y competencias en beneficio de los consumidores\u201d, recalc\u00f3.<\/p>\n\n\n\n<p>En la actividad participaron por el INAP, los subdirectores Rosa Camila Rivera y Sonia L\u00f3pez; la encargada de Recursos Humanos, Diana Marcano y la encargada de protocolo, Gianna Ortiz.<\/p>\n\n\n\n<p>Mientras, que por Pro Consumidor estuvieron Johanna Calder\u00f3n, directora Jur\u00eddica; Roberto Brito, director de Comunicaciones; Maritza Araujo, directora de Planificaci\u00f3n y Desarrollo; Katy Tavarez, del Departamento Financiero; Carlos P\u00e9rez, encargado Coordinaci\u00f3n Provincial; Rub\u00e9n Carela, encargado de Servicio al Usuario; Luc\u00eda Cespedes, encargada de Acceso a la Informaci\u00f3n; Nancy Ubaldo, encargada de Buenas Pr\u00e1cticas Comerciales; Elsa Jim\u00e9nez, encargada de Recursos Humanos; Alexander Germ\u00e1n, encargado de litigios, y Odesa Acosta, del Departamento de Educaci\u00f3n al Consumidor.<\/p>\n\n\n\n<p><strong><u>PIE DE FOTO\u2026<\/u><\/strong><strong><u><\/u><\/strong><\/p>\n\n\n\n<p>El director ejecutivo de Pro Consumidor, Eddy Alc\u00e1ntara, a la derecha, junto al subdirector del INAP, \u00c1ngel Familia, en&nbsp; momento de la entrega del certificado de exaltaci\u00f3n.<\/p>\n\n\n\n<p><strong><u>Direcci\u00f3n de Comunicaci\u00f3n&nbsp;<\/u><\/strong><strong><u><\/u><\/strong>&#8212;<\/p>\n\n\n\n<p><strong>Departamento de Comunicaciones<\/strong><\/p>\n\n\n\n<p><strong>Pro Consumidor.-<\/strong><\/p>\n\n\n\n<p><strong>(809) 472-2731. Ext: 271\/273.<\/strong><\/p>\n\n\n\n<p><strong><a href=\"mailto:Prensa@proconsumidor.gob.do\" target=\"_blank\" rel=\"noreferrer noopener\">Prensa@proconsumidor.gob.do<\/a>.<\/strong><\/p>\n\n\n\n<p><strong><a href=\"mailto:Prensaproconsumidor@gmail.com\" target=\"_blank\" rel=\"noreferrer noopener\">Prensaproconsumidor@gmail.com<\/a>.<\/strong><\/p>\n","protected":false},"excerpt":{"rendered":"<p>Santo Domingo. \u2013&nbsp;El Instituto Nacional de Administraci\u00f3n P\u00fablica (INAP) reconoci\u00f3 este martes al Instituto Nacional de Protecci\u00f3n de los Derechos del Consumidor (Pro Consumidor) por el alto ranking obtenido en el subindicador del Plan de Capacitaci\u00f3n del Sistema de Monitoreo de la Administraci\u00f3n P\u00fablica y por las buenas pr\u00e1cticas para el fomento de competencias en [&hellip;]<\/p>\n","protected":false},"author":7,"featured_media":512673,"comment_status":"closed","ping_status":"open","sticky":true,"template":"","format":"standard","meta":{"footnotes":""},"categories":[20,27],"tags":[],"class_list":["post-512654","post","type-post","status-publish","format-standard","has-post-thumbnail","hentry","category-dominicana-hoy","category-portada"],"_links":{"self":[{"href":"https:\/\/diariodominicano.com\/index.php?rest_route=\/wp\/v2\/posts\/512654","targetHints":{"allow":["GET"]}}],"collection":[{"href":"https:\/\/diariodominicano.com\/index.php?rest_route=\/wp\/v2\/posts"}],"about":[{"href":"https:\/\/diariodominicano.com\/index.php?rest_route=\/wp\/v2\/types\/post"}],"author":[{"embeddable":true,"href":"https:\/\/diariodominicano.com\/index.php?rest_route=\/wp\/v2\/users\/7"}],"replies":[{"embeddable":true,"href":"https:\/\/diariodominicano.com\/index.php?rest_route=%2Fwp%2Fv2%2Fcomments&post=512654"}],"version-history":[{"count":1,"href":"https:\/\/diariodominicano.com\/index.php?rest_route=\/wp\/v2\/posts\/512654\/revisions"}],"predecessor-version":[{"id":512663,"href":"https:\/\/diariodominicano.com\/index.php?rest_route=\/wp\/v2\/posts\/512654\/revisions\/512663"}],"wp:featuredmedia":[{"embeddable":true,"href":"https:\/\/diariodominicano.com\/index.php?rest_route=\/wp\/v2\/media\/512673"}],"wp:attachment":[{"href":"https:\/\/diariodominicano.com\/index.php?rest_route=%2Fwp%2Fv2%2Fmedia&parent=512654"}],"wp:term":[{"taxonomy":"category","embeddable":true,"href":"https:\/\/diariodominicano.com\/index.php?rest_route=%2Fwp%2Fv2%2Fcategories&post=512654"},{"taxonomy":"post_tag","embeddable":true,"href":"https:\/\/diariodominicano.com\/index.php?rest_route=%2Fwp%2Fv2%2Ftags&post=512654"}],"curies":[{"name":"wp","href":"https:\/\/api.w.org\/{rel}","templated":true}]}}