{"id":512653,"date":"2024-03-05T17:53:59","date_gmt":"2024-03-05T21:53:59","guid":{"rendered":"https:\/\/diariodominicano.com\/?p=512653"},"modified":"2024-03-05T17:53:59","modified_gmt":"2024-03-05T21:53:59","slug":"candidato-a-diputado-de-ultramar-por-la-fp-vladimir-pujols-presenta-sus-propuestas-durante-gira-por-paises-de-centroamerica","status":"publish","type":"post","link":"https:\/\/diariodominicano.com\/?p=512653","title":{"rendered":"Candidato a diputado de ultramar por la FP, Vladimir Pujols, presenta sus propuestas durante \u00a0gira por pa\u00edses de Centroam\u00e9rica"},"content":{"rendered":"\n<p>El &nbsp;candidato a diputado de ultramar por la Fuerza del Pueblo en la Circunscripci\u00f3n &nbsp;2 del Exterior, &nbsp;Vladimir Pujols, realiz\u00f3 una gira por varios pa\u00edses de Centroam\u00e9rica con el objetivo de tener un &nbsp;contacto cara a cara con la militancia y dirigencia de su partido.<\/p>\n\n\n\n<p>En su visita &nbsp;a Costa Rica y Panam\u00e1, el candidato &nbsp; pudo palpar de cerca la problem\u00e1tica y necesidades de los dominicanos que residen en esos pa\u00edses, a quienes prometi\u00f3 buscar soluciones a las situaciones de dificultad por la que atraviesan.<\/p>\n\n\n\n<figure class=\"wp-block-gallery has-nested-images columns-default is-cropped wp-block-gallery-1 is-layout-flex wp-block-gallery-is-layout-flex\">\n<figure class=\"wp-block-image size-large\"><img loading=\"lazy\" decoding=\"async\" width=\"1024\" height=\"742\" data-id=\"512661\" src=\"https:\/\/diariodominicano.com\/wp-content\/uploads\/2024\/03\/Candidato-diputado-de-ultramar-por-la-FP-Vladimir-Pujols-presenta-sus-propuestas-durante-gira-por-paises-de-Centroamerica-1024x742.jpg\" alt=\"\" class=\"wp-image-512661\" srcset=\"https:\/\/diariodominicano.com\/wp-content\/uploads\/2024\/03\/Candidato-diputado-de-ultramar-por-la-FP-Vladimir-Pujols-presenta-sus-propuestas-durante-gira-por-paises-de-Centroamerica-1024x742.jpg 1024w, https:\/\/diariodominicano.com\/wp-content\/uploads\/2024\/03\/Candidato-diputado-de-ultramar-por-la-FP-Vladimir-Pujols-presenta-sus-propuestas-durante-gira-por-paises-de-Centroamerica-300x218.jpg 300w, https:\/\/diariodominicano.com\/wp-content\/uploads\/2024\/03\/Candidato-diputado-de-ultramar-por-la-FP-Vladimir-Pujols-presenta-sus-propuestas-durante-gira-por-paises-de-Centroamerica-768x557.jpg 768w, https:\/\/diariodominicano.com\/wp-content\/uploads\/2024\/03\/Candidato-diputado-de-ultramar-por-la-FP-Vladimir-Pujols-presenta-sus-propuestas-durante-gira-por-paises-de-Centroamerica-1536x1114.jpg 1536w, https:\/\/diariodominicano.com\/wp-content\/uploads\/2024\/03\/Candidato-diputado-de-ultramar-por-la-FP-Vladimir-Pujols-presenta-sus-propuestas-durante-gira-por-paises-de-Centroamerica-816x592.jpg 816w, https:\/\/diariodominicano.com\/wp-content\/uploads\/2024\/03\/Candidato-diputado-de-ultramar-por-la-FP-Vladimir-Pujols-presenta-sus-propuestas-durante-gira-por-paises-de-Centroamerica.jpg 1600w\" sizes=\"auto, (max-width: 1024px) 100vw, 1024px\" \/><\/figure>\n\n\n\n<figure class=\"wp-block-image size-large\"><img loading=\"lazy\" decoding=\"async\" width=\"1024\" height=\"569\" data-id=\"512660\" src=\"https:\/\/diariodominicano.com\/wp-content\/uploads\/2024\/03\/Candidato-a-diputado-ultramar-por-la-FP-Vladimir-Pujols-presenta-sus-propuestas-durante-gira-por-paises-Centroamerica-1024x569.jpg\" alt=\"\" class=\"wp-image-512660\" srcset=\"https:\/\/diariodominicano.com\/wp-content\/uploads\/2024\/03\/Candidato-a-diputado-ultramar-por-la-FP-Vladimir-Pujols-presenta-sus-propuestas-durante-gira-por-paises-Centroamerica-1024x569.jpg 1024w, https:\/\/diariodominicano.com\/wp-content\/uploads\/2024\/03\/Candidato-a-diputado-ultramar-por-la-FP-Vladimir-Pujols-presenta-sus-propuestas-durante-gira-por-paises-Centroamerica-300x167.jpg 300w, https:\/\/diariodominicano.com\/wp-content\/uploads\/2024\/03\/Candidato-a-diputado-ultramar-por-la-FP-Vladimir-Pujols-presenta-sus-propuestas-durante-gira-por-paises-Centroamerica-768x427.jpg 768w, https:\/\/diariodominicano.com\/wp-content\/uploads\/2024\/03\/Candidato-a-diputado-ultramar-por-la-FP-Vladimir-Pujols-presenta-sus-propuestas-durante-gira-por-paises-Centroamerica-1536x853.jpg 1536w, https:\/\/diariodominicano.com\/wp-content\/uploads\/2024\/03\/Candidato-a-diputado-ultramar-por-la-FP-Vladimir-Pujols-presenta-sus-propuestas-durante-gira-por-paises-Centroamerica-816x453.jpg 816w, https:\/\/diariodominicano.com\/wp-content\/uploads\/2024\/03\/Candidato-a-diputado-ultramar-por-la-FP-Vladimir-Pujols-presenta-sus-propuestas-durante-gira-por-paises-Centroamerica.jpg 1600w\" sizes=\"auto, (max-width: 1024px) 100vw, 1024px\" \/><\/figure>\n\n\n\n<figure class=\"wp-block-image size-large\"><img loading=\"lazy\" decoding=\"async\" width=\"791\" height=\"1024\" data-id=\"512659\" src=\"https:\/\/diariodominicano.com\/wp-content\/uploads\/2024\/03\/Candidato-a-diputado-ultramar-por-la-FP-Vladimir-Pujols-presenta-sus-propuestas-durante-gira-por-paises-de-Centroamerica-791x1024.jpg\" alt=\"\" class=\"wp-image-512659\" srcset=\"https:\/\/diariodominicano.com\/wp-content\/uploads\/2024\/03\/Candidato-a-diputado-ultramar-por-la-FP-Vladimir-Pujols-presenta-sus-propuestas-durante-gira-por-paises-de-Centroamerica-791x1024.jpg 791w, https:\/\/diariodominicano.com\/wp-content\/uploads\/2024\/03\/Candidato-a-diputado-ultramar-por-la-FP-Vladimir-Pujols-presenta-sus-propuestas-durante-gira-por-paises-de-Centroamerica-232x300.jpg 232w, https:\/\/diariodominicano.com\/wp-content\/uploads\/2024\/03\/Candidato-a-diputado-ultramar-por-la-FP-Vladimir-Pujols-presenta-sus-propuestas-durante-gira-por-paises-de-Centroamerica-768x994.jpg 768w, https:\/\/diariodominicano.com\/wp-content\/uploads\/2024\/03\/Candidato-a-diputado-ultramar-por-la-FP-Vladimir-Pujols-presenta-sus-propuestas-durante-gira-por-paises-de-Centroamerica-1187x1536.jpg 1187w, https:\/\/diariodominicano.com\/wp-content\/uploads\/2024\/03\/Candidato-a-diputado-ultramar-por-la-FP-Vladimir-Pujols-presenta-sus-propuestas-durante-gira-por-paises-de-Centroamerica-816x1056.jpg 816w, https:\/\/diariodominicano.com\/wp-content\/uploads\/2024\/03\/Candidato-a-diputado-ultramar-por-la-FP-Vladimir-Pujols-presenta-sus-propuestas-durante-gira-por-paises-de-Centroamerica.jpg 1236w\" sizes=\"auto, (max-width: 791px) 100vw, 791px\" \/><\/figure>\n\n\n\n<figure class=\"wp-block-image size-large\"><img loading=\"lazy\" decoding=\"async\" width=\"805\" height=\"1024\" data-id=\"512658\" src=\"https:\/\/diariodominicano.com\/wp-content\/uploads\/2024\/03\/Candidato-a-diputado-de-ultramar-por-la-FP-Vladimir-Pujols-presenta-sus-propuestas-durante-gira-por-paises-Centroamerica-805x1024.jpg\" alt=\"\" class=\"wp-image-512658\" srcset=\"https:\/\/diariodominicano.com\/wp-content\/uploads\/2024\/03\/Candidato-a-diputado-de-ultramar-por-la-FP-Vladimir-Pujols-presenta-sus-propuestas-durante-gira-por-paises-Centroamerica-805x1024.jpg 805w, https:\/\/diariodominicano.com\/wp-content\/uploads\/2024\/03\/Candidato-a-diputado-de-ultramar-por-la-FP-Vladimir-Pujols-presenta-sus-propuestas-durante-gira-por-paises-Centroamerica-236x300.jpg 236w, https:\/\/diariodominicano.com\/wp-content\/uploads\/2024\/03\/Candidato-a-diputado-de-ultramar-por-la-FP-Vladimir-Pujols-presenta-sus-propuestas-durante-gira-por-paises-Centroamerica-768x977.jpg 768w, https:\/\/diariodominicano.com\/wp-content\/uploads\/2024\/03\/Candidato-a-diputado-de-ultramar-por-la-FP-Vladimir-Pujols-presenta-sus-propuestas-durante-gira-por-paises-Centroamerica-816x1038.jpg 816w, https:\/\/diariodominicano.com\/wp-content\/uploads\/2024\/03\/Candidato-a-diputado-de-ultramar-por-la-FP-Vladimir-Pujols-presenta-sus-propuestas-durante-gira-por-paises-Centroamerica.jpg 1200w\" sizes=\"auto, (max-width: 805px) 100vw, 805px\" \/><\/figure>\n\n\n\n<figure class=\"wp-block-image size-large\"><img loading=\"lazy\" decoding=\"async\" width=\"845\" height=\"1024\" data-id=\"512657\" src=\"https:\/\/diariodominicano.com\/wp-content\/uploads\/2024\/03\/Candidato-a-diputado-de-ultramar-por-la-FP-Vladimir-Pujols-presenta-sus-propuestas-durante-gira-por-paises-de-Centroamerica-845x1024.jpg\" alt=\"\" class=\"wp-image-512657\" srcset=\"https:\/\/diariodominicano.com\/wp-content\/uploads\/2024\/03\/Candidato-a-diputado-de-ultramar-por-la-FP-Vladimir-Pujols-presenta-sus-propuestas-durante-gira-por-paises-de-Centroamerica-845x1024.jpg 845w, https:\/\/diariodominicano.com\/wp-content\/uploads\/2024\/03\/Candidato-a-diputado-de-ultramar-por-la-FP-Vladimir-Pujols-presenta-sus-propuestas-durante-gira-por-paises-de-Centroamerica-248x300.jpg 248w, https:\/\/diariodominicano.com\/wp-content\/uploads\/2024\/03\/Candidato-a-diputado-de-ultramar-por-la-FP-Vladimir-Pujols-presenta-sus-propuestas-durante-gira-por-paises-de-Centroamerica-768x931.jpg 768w, https:\/\/diariodominicano.com\/wp-content\/uploads\/2024\/03\/Candidato-a-diputado-de-ultramar-por-la-FP-Vladimir-Pujols-presenta-sus-propuestas-durante-gira-por-paises-de-Centroamerica-816x989.jpg 816w, https:\/\/diariodominicano.com\/wp-content\/uploads\/2024\/03\/Candidato-a-diputado-de-ultramar-por-la-FP-Vladimir-Pujols-presenta-sus-propuestas-durante-gira-por-paises-de-Centroamerica.jpg 1200w\" sizes=\"auto, (max-width: 845px) 100vw, 845px\" \/><\/figure>\n<\/figure>\n\n\n\n<p>Durante su estancia en Costa Rica, Pujols fue recibido por el diputado Carlos Andr\u00e9s Robles Obando, del Partido Uni\u00f3n Social Cristiana (PUSC), en su despacho de la Asamblea Legislativa de ese pa\u00eds, donde expuso la oferta de Gobierno de la FP y de su l\u00edder, el doctor Leonel Fern\u00e1ndez, quien expres\u00f3 es el padre de la modernizaci\u00f3n del pa\u00eds.<\/p>\n\n\n\n<p>En compa\u00f1\u00eda de los dirigentes Manuel (Ney) Alm\u00e1nzar, coordinador de Campa\u00f1a Adjunto de la Circunscripci\u00f3n 2 del Exterior y miembro de la Direcci\u00f3n Central; &nbsp;Iv\u00e1n Grull\u00f3n, vicesecretario de Tecnolog\u00eda y Rafael Guerrero, presidente de la Fuerza del Pueblo en Costa Rica, Pujols deposit\u00f3 una ofrenda floral en honor al Padre de la Patria, Juan Pablo Duarte, ante el busto dedicado a su memoria, ubicado en pleno centro de San Jos\u00e9, capital costarricense.<\/p>\n\n\n\n<p>Para culminar la agenda, Pujols asisti\u00f3 al acto de juramentaci\u00f3n de Rafael Guerrero como coordinador de Campa\u00f1a de la FP en Costa Rica y su equipo, oportunidad que le sirvi\u00f3 para dar a conocer su propuesta como candidato a diputado de ultramar ante la militancia de esa organizaci\u00f3n pol\u00edtica en dicho pa\u00eds.<\/p>\n\n\n\n<p>Ya en Panam\u00e1, &nbsp;Pujols agot\u00f3 una apretada agenda que incluy\u00f3 la juramentaci\u00f3n del coordinador de Campa\u00f1a de esa demarcaci\u00f3n, Amaury Santana y su equipo, as\u00ed como la juramentaci\u00f3n de \u201cMujeres con Vladimir\u201d, un importante n\u00famero de damas que decidieron agruparse en Panam\u00e1 para apoyar sus aspiraciones a diputado de ultramar por esa circunscripci\u00f3n.<\/p>\n\n\n\n<p>Tambi\u00e9n presenci\u00f3 la juramentaci\u00f3n de varios ex dirigentes del PRM en Panam\u00e1 que se pasaron a las filas de la FP.<br>Pujols realiz\u00f3 un recorrido por diferentes zonas de la capital paname\u00f1a y la importante ciudad de Col\u00f3n para conversar con la militancia verde y escuchar sus ideas en torno a su cotidianidad, sus reclamos, necesidades y algunas soluciones que suelen plantearse cuando se plasman los problemas abiertamente.<\/p>\n\n\n\n<p>Pujols expres\u00f3 durante su gira por estos dos pa\u00edses que \u201csu visita demuestra que no ser\u00e1 un diputado de ultramar de escritorio, que, igual como hoy estaba presente en dichas demarcaciones, escuchando a las comunidades dominicanas sobre sus problemas fundamentales, asimismo retornar\u00e1 investido de la autoridad que esas mismascomunidades le otorgar\u00e1n con el voto, para defender sus causas desde el Congreso Nacional, m\u00e1s el apoyo que recibir\u00e1, sin dudas, del pr\u00f3ximo presidente de la Rep\u00fablica, el doctor Leonel Fern\u00e1ndez Reyna\u201d. <\/p>\n","protected":false},"excerpt":{"rendered":"<p>El &nbsp;candidato a diputado de ultramar por la Fuerza del Pueblo en la Circunscripci\u00f3n &nbsp;2 del Exterior, &nbsp;Vladimir Pujols, realiz\u00f3 una gira por varios pa\u00edses de Centroam\u00e9rica con el objetivo de tener un &nbsp;contacto cara a cara con la militancia y dirigencia de su partido. En su visita &nbsp;a Costa Rica y Panam\u00e1, el candidato [&hellip;]<\/p>\n","protected":false},"author":7,"featured_media":512660,"comment_status":"closed","ping_status":"","sticky":true,"template":"","format":"standard","meta":{"footnotes":""},"categories":[22,27],"tags":[],"class_list":["post-512653","post","type-post","status-publish","format-standard","has-post-thumbnail","hentry","category-politica","category-portada"],"_links":{"self":[{"href":"https:\/\/diariodominicano.com\/index.php?rest_route=\/wp\/v2\/posts\/512653","targetHints":{"allow":["GET"]}}],"collection":[{"href":"https:\/\/diariodominicano.com\/index.php?rest_route=\/wp\/v2\/posts"}],"about":[{"href":"https:\/\/diariodominicano.com\/index.php?rest_route=\/wp\/v2\/types\/post"}],"author":[{"embeddable":true,"href":"https:\/\/diariodominicano.com\/index.php?rest_route=\/wp\/v2\/users\/7"}],"replies":[{"embeddable":true,"href":"https:\/\/diariodominicano.com\/index.php?rest_route=%2Fwp%2Fv2%2Fcomments&post=512653"}],"version-history":[{"count":1,"href":"https:\/\/diariodominicano.com\/index.php?rest_route=\/wp\/v2\/posts\/512653\/revisions"}],"predecessor-version":[{"id":512662,"href":"https:\/\/diariodominicano.com\/index.php?rest_route=\/wp\/v2\/posts\/512653\/revisions\/512662"}],"wp:featuredmedia":[{"embeddable":true,"href":"https:\/\/diariodominicano.com\/index.php?rest_route=\/wp\/v2\/media\/512660"}],"wp:attachment":[{"href":"https:\/\/diariodominicano.com\/index.php?rest_route=%2Fwp%2Fv2%2Fmedia&parent=512653"}],"wp:term":[{"taxonomy":"category","embeddable":true,"href":"https:\/\/diariodominicano.com\/index.php?rest_route=%2Fwp%2Fv2%2Fcategories&post=512653"},{"taxonomy":"post_tag","embeddable":true,"href":"https:\/\/diariodominicano.com\/index.php?rest_route=%2Fwp%2Fv2%2Ftags&post=512653"}],"curies":[{"name":"wp","href":"https:\/\/api.w.org\/{rel}","templated":true}]}}