{"id":512643,"date":"2024-03-05T20:44:49","date_gmt":"2024-03-06T00:44:49","guid":{"rendered":"https:\/\/diariodominicano.com\/?p=512643"},"modified":"2024-03-05T20:47:15","modified_gmt":"2024-03-06T00:47:15","slug":"inicia-2da-version-del-diplomado-en-evaluacion-de-edificaciones","status":"publish","type":"post","link":"https:\/\/diariodominicano.com\/?p=512643","title":{"rendered":"Inicia 2da versi\u00f3n del Diplomado en Evaluaci\u00f3n de Edificaciones"},"content":{"rendered":"\n<p>Informan fortalecer\u00e1 conocimientos y habilidades de participantes para evaluar edificaciones, pre y post evento.<\/p>\n\n\n\n<p><em>El Diplomado es financiado por la Uni\u00f3n Europea y va dirigido en esta ocasi\u00f3n a profesionales de la ingenier\u00eda y la arquitectura de la sociedad civil.<\/em><\/p>\n\n\n\n<figure class=\"wp-block-image size-large\"><img loading=\"lazy\" decoding=\"async\" width=\"1024\" height=\"683\" src=\"https:\/\/diariodominicano.com\/wp-content\/uploads\/2024\/03\/Codia-2-1024x683.jpg\" alt=\"\" class=\"wp-image-512684\" srcset=\"https:\/\/diariodominicano.com\/wp-content\/uploads\/2024\/03\/Codia-2-1024x683.jpg 1024w, https:\/\/diariodominicano.com\/wp-content\/uploads\/2024\/03\/Codia-2-300x200.jpg 300w, https:\/\/diariodominicano.com\/wp-content\/uploads\/2024\/03\/Codia-2-768x512.jpg 768w, https:\/\/diariodominicano.com\/wp-content\/uploads\/2024\/03\/Codia-2-1536x1024.jpg 1536w, https:\/\/diariodominicano.com\/wp-content\/uploads\/2024\/03\/Codia-2-816x544.jpg 816w, https:\/\/diariodominicano.com\/wp-content\/uploads\/2024\/03\/Codia-2.jpg 1599w\" sizes=\"auto, (max-width: 1024px) 100vw, 1024px\" \/><\/figure>\n\n\n\n<p>Santo Domingo, RD. \u2014 En el marco de los trabajos de la Red de Evaluadores Estructurales Dominicanos (REED), financiado por la Uni\u00f3n Europea, a trav\u00e9s del Proyecto para el Fortalecimiento de la Gesti\u00f3n de Riesgos de Desastres en la Rep\u00fablica Dominicana (Progeri-RD), la Oficina Nacional de Evaluaci\u00f3n S\u00edsmica y Vulnerabilidad de Infraestructura y Edificaciones (Onesvie), el Colegio Dominicano de Ingenieros, Arquitectos y Agrimensores (CODIA), el Instituto Tecnol\u00f3gico de Santo Domingo (INTEC) y su Centro de Gesti\u00f3n Ambiental (CEGA) y la direcci\u00f3n ejecutiva de la Defensa Civil, iniciaron la capacitaci\u00f3n de m\u00e1s de 50 profesionales de la ingenier\u00eda pertenecientes al N\u00facleo de Ingenieros Civiles, residentes en el Gran Santo Domingo.<\/p>\n\n\n\n<p>El programa de actividades conlleva la realizaci\u00f3n del Diplomado de Evaluaci\u00f3n de Edificaciones, el mismo facilitar\u00e1 conocimientos, an\u00e1lisis y habilidades espec\u00edficas en el abordaje de los procesos de evaluaci\u00f3n de edificaciones, pre y post terremoto. Ser\u00e1 impartido en 9 semanas, que incluye 8 de clases presenciales cada s\u00e1bado, y una novena de examen pr\u00e1ctico.<\/p>\n\n\n\n<p>Ser\u00e1n capacitados, adem\u00e1s, en la implementaci\u00f3n y uso de la herramienta electr\u00f3nica para la metodolog\u00eda de la evaluaci\u00f3n de la vulnerabilidad s\u00edsmica \u201cprograma de reconocimiento, evaluaci\u00f3n y estimaci\u00f3n del riesgo (Prever).\u201d<\/p>\n\n\n\n<figure class=\"wp-block-image size-large\"><img loading=\"lazy\" decoding=\"async\" width=\"1024\" height=\"682\" src=\"https:\/\/diariodominicano.com\/wp-content\/uploads\/2024\/03\/Codia-3-1024x682.jpg\" alt=\"\" class=\"wp-image-512686\" srcset=\"https:\/\/diariodominicano.com\/wp-content\/uploads\/2024\/03\/Codia-3-1024x682.jpg 1024w, https:\/\/diariodominicano.com\/wp-content\/uploads\/2024\/03\/Codia-3-300x200.jpg 300w, https:\/\/diariodominicano.com\/wp-content\/uploads\/2024\/03\/Codia-3-768x512.jpg 768w, https:\/\/diariodominicano.com\/wp-content\/uploads\/2024\/03\/Codia-3-1536x1023.jpg 1536w, https:\/\/diariodominicano.com\/wp-content\/uploads\/2024\/03\/Codia-3-816x544.jpg 816w, https:\/\/diariodominicano.com\/wp-content\/uploads\/2024\/03\/Codia-3.jpg 1600w\" sizes=\"auto, (max-width: 1024px) 100vw, 1024px\" \/><\/figure>\n\n\n\n<p><strong>Leonardo Reyes Madera, director general de la Onesvie,<\/strong>&nbsp;al dejar inaugurada la sesi\u00f3n de trabajo del diplomado, agradeci\u00f3 al CODIA, INTEC, Uni\u00f3n Europea y a la Defensa Civil, por sumarse a la iniciativa y expres\u00f3 que tiene como prop\u00f3sito que en cada rinc\u00f3n del pa\u00eds, haya profesionales que sean capaces de evaluar antes, durante y despu\u00e9s de que ocurra un terremoto las edificaciones, las infraestructuras y l\u00edneas vitales y dijo que esa acci\u00f3n marcar\u00e1 la diferencia.<\/p>\n\n\n\n<p>Manifest\u00f3 que los capacitados en esta ocasi\u00f3n se sumar\u00e1n a los 47 profesionales certificados como evaluadores el a\u00f1o pasado, y se\u00f1al\u00f3 que para el presente a\u00f1o 2024 pretenden formar m\u00e1s a 150.<\/p>\n\n\n\n<p>Subray\u00f3 que el Diplomado ser\u00e1 realizado en todas las delegaciones del CODIA y dijo que espera que sea la consolidaci\u00f3n del proyecto y que en un futuro sea tomarlo como un compromiso pa\u00eds para llevarlo a educaci\u00f3n continua a trav\u00e9s de INTEC.<\/p>\n\n\n\n<p><strong>Juan Villar Gonz\u00e1lez, presidente del CODIA<\/strong>, tras dar el agradecimiento por el inicio y la participaci\u00f3n en el Diplomado, dijo que el mismo es gracias a un acuerdo con la Onesvie y las dem\u00e1s instituciones involucradas, subrayando que busca fortalecer las capacidades de los colegiados en la evaluaci\u00f3n s\u00edsmica de las edificaciones.<\/p>\n\n\n\n<p><strong>En tanto, Juan Salas, presidente de la Comisi\u00f3n Nacional de Emergencias (CNE)<\/strong>&nbsp;y director ejecutivo de la Defensa Civil (DC), agradeci\u00f3 la participaci\u00f3n y dijo que con el diplomado se da inicio de una nueva era de la resiliencia en materia de la infraestructura y llam\u00f3 aprovechar el esfuerzo desplegado para la realizaci\u00f3n de la capacitaci\u00f3n.<\/p>\n\n\n\n<p><strong>Alliet Ortega Rabassa<\/strong>, vicerrectora de administraci\u00f3n y finanzas de INTEC, defini\u00f3 la realizaci\u00f3n de diplomado como un tema pa\u00eds, donde todos los sectores de la sociedad deben estar involucrados, subray\u00f3 que debe institucionalizarse su realizaci\u00f3n, para saber c\u00f3mo responder ante una determinada situaci\u00f3n s\u00edsmica y dijo que espera que la cantidad de capacitados sobrepase los 150 para tener un mayor alcance en las respuestas.<\/p>\n\n\n\n<p><strong>Yanelba Abreu,<\/strong>&nbsp;exhort\u00f3 a los profesionales participantes asumir el compromiso ante el pa\u00eds y que sean una masa cr\u00edtica para trabajar en la evaluaci\u00f3n de las edificaciones e infraestructuras, pidi\u00f3 estar disponibles para acudir al llamado ante un terremoto.<\/p>\n\n\n\n<p><strong> Marino Estrella,<\/strong>\u00a0presidente de N\u00facleo de Ingenieros Civiles, motiv\u00f3 la participaci\u00f3n de cada uno de los participantes, augur\u00f3 \u00e9xito y manifest\u00f3 que el diplomado ser\u00e1 replicado en cada una de las delegaciones del CODIA a nivel nacional.<\/p>\n\n\n\n<p>La actividad se realiz\u00f3, en el CODIA, la mesa directiva estuvo presidida por: Leonardo Reyes Madera; director general de la Onesvie, Juan Salas, presidente de la Comisi\u00f3n Nacional de Emergencias (CNE) y director ejecutivo de la Defensa Civil (DC); Juan Villar Gonz\u00e1lez, presidente del CODIA; Alliet Ortega Rabassa, vicerrectora de administraci\u00f3n y finanzas de INTEC, Yanelba Abreu; coordinadora de PROGERI, Marino Estrella, presidente de N\u00facleo de Ingenieros Civiles y Carlos Mendoza; secretario general del CODIA. <\/p>\n\n\n\n<p>Comunicaciones Onesvie<\/p>\n\n\n\n<p><a target=\"_blank\" href=\"mailto:prensa@onesvie.gob.do\" rel=\"noreferrer noopener\">prensa@onesvie.gob.do<\/a><\/p>\n","protected":false},"excerpt":{"rendered":"<p>Informan fortalecer\u00e1 conocimientos y habilidades de participantes para evaluar edificaciones, pre y post evento. El Diplomado es financiado por la Uni\u00f3n Europea y va dirigido en esta ocasi\u00f3n a profesionales de la ingenier\u00eda y la arquitectura de la sociedad civil. Santo Domingo, RD. \u2014 En el marco de los trabajos de la Red de Evaluadores [&hellip;]<\/p>\n","protected":false},"author":28,"featured_media":512682,"comment_status":"closed","ping_status":"","sticky":true,"template":"","format":"standard","meta":{"footnotes":""},"categories":[36,20,27],"tags":[],"class_list":["post-512643","post","type-post","status-publish","format-standard","has-post-thumbnail","hentry","category-hombresmujeresycosas","category-dominicana-hoy","category-portada"],"_links":{"self":[{"href":"https:\/\/diariodominicano.com\/index.php?rest_route=\/wp\/v2\/posts\/512643","targetHints":{"allow":["GET"]}}],"collection":[{"href":"https:\/\/diariodominicano.com\/index.php?rest_route=\/wp\/v2\/posts"}],"about":[{"href":"https:\/\/diariodominicano.com\/index.php?rest_route=\/wp\/v2\/types\/post"}],"author":[{"embeddable":true,"href":"https:\/\/diariodominicano.com\/index.php?rest_route=\/wp\/v2\/users\/28"}],"replies":[{"embeddable":true,"href":"https:\/\/diariodominicano.com\/index.php?rest_route=%2Fwp%2Fv2%2Fcomments&post=512643"}],"version-history":[{"count":4,"href":"https:\/\/diariodominicano.com\/index.php?rest_route=\/wp\/v2\/posts\/512643\/revisions"}],"predecessor-version":[{"id":512688,"href":"https:\/\/diariodominicano.com\/index.php?rest_route=\/wp\/v2\/posts\/512643\/revisions\/512688"}],"wp:featuredmedia":[{"embeddable":true,"href":"https:\/\/diariodominicano.com\/index.php?rest_route=\/wp\/v2\/media\/512682"}],"wp:attachment":[{"href":"https:\/\/diariodominicano.com\/index.php?rest_route=%2Fwp%2Fv2%2Fmedia&parent=512643"}],"wp:term":[{"taxonomy":"category","embeddable":true,"href":"https:\/\/diariodominicano.com\/index.php?rest_route=%2Fwp%2Fv2%2Fcategories&post=512643"},{"taxonomy":"post_tag","embeddable":true,"href":"https:\/\/diariodominicano.com\/index.php?rest_route=%2Fwp%2Fv2%2Ftags&post=512643"}],"curies":[{"name":"wp","href":"https:\/\/api.w.org\/{rel}","templated":true}]}}