{"id":512639,"date":"2024-03-05T16:03:46","date_gmt":"2024-03-05T20:03:46","guid":{"rendered":"https:\/\/diariodominicano.com\/?p=512639"},"modified":"2024-03-05T16:03:46","modified_gmt":"2024-03-05T20:03:46","slug":"presidencia-pone-en-marcha-programa-de-seguridad-civil-en-ciudad-juan-bosch-en-santo-domingo-este","status":"publish","type":"post","link":"https:\/\/diariodominicano.com\/?p=512639","title":{"rendered":"Presidencia pone en marcha programa de seguridad civil en Ciudad Juan Bosch en Santo Domingo Este."},"content":{"rendered":"\n<p><strong>Ciudad Juan Bosch, Santo Domingo Este, R. D.,<\/strong>\u2002<strong>5 de marzo, 2024.-<\/strong>\u00a0El ministro de la Presidencia, Joel Santos, puso en \u00a0marcha el proyecto de agentes de seguridad civil bajo la creaci\u00f3n y coordinaci\u00f3n del teniente coronel del Ej\u00e9rcito de Rep\u00fablica Dominicana, Juan Ram\u00f3n Aquino, en un acto celebrado este lunes en el Parque Tem\u00e1tico de Energ\u00edas Renovables de la Ciudad Juan Bosch, Santo Domingo Este.<\/p>\n\n\n\n<p>Al dirigirse a los j\u00f3venes el ministro indic\u00f3 que deben estar orgullosos al caminar por las calles de su comunidad ya que est\u00e1n contribuyendo con su comunidad y al mismo tiempo con su pa\u00eds.<\/p>\n\n\n\n<p>\u201cUstedes no est\u00e1n diciendo solamente como hay que hacer las cosas, ustedes est\u00e1n yendo a la acci\u00f3n\u201d, argument\u00f3.<br>Por otro lado, Juan Ram\u00f3n Aquino, director de la seguridad ciudadana de esta localidad, manifest\u00f3 que \u201cHoy, para m\u00ed es un sue\u00f1o hecho realidad\u201d,.<\/p>\n\n\n\n<p>Sostuvo que a su llegada a dicha ciudad, la queja que m\u00e1s externaban los residentes era que extra\u00f1aban un cuerpo de seguridad perimetral, que en ese momento se llam\u00f3 polic\u00edas de proximidades.<\/p>\n\n\n\n<p>\u201cNosotros, comenzamos una lucha para que esto volviera a la ciudad pero que volviera con un ingrediente diferente, que no pudiera retirarse de la manera m\u00e1s f\u00e1cil\u201d, argument\u00f3.<\/p>\n\n\n\n<p>Argument\u00f3 que los residentes de Ciudad Juan Bosch podr\u00e1n disfrutar de un personal altamente calificado, entrenado, y con vocaci\u00f3n de servicio, para mantener el orden p\u00fablico en coordinaron con los agentes de la Polic\u00eda Nacional y la seguridad militar que presta apoyo a la instituci\u00f3n del orden.<\/p>\n\n\n\n<p>De igual manera, dirigentes comunitarios externaron su apoyo al programa de agentes de seguridad civil integrado por decenas j\u00f3venes bachilleres, que cursaron el servicio militar voluntario mientras asist\u00edan a sus recintos escolares.<\/p>\n\n\n\n<p>Samuel Montilla, dirigente comunitario, extern\u00f3 que con dicha medida los j\u00f3venes tendr\u00e1n una formaci\u00f3n integral.<\/p>\n\n\n\n<p>\u201cEsta es la mejor iniciativa que ha implementado la Presidencia de nuestra Rep\u00fablica\u201d, dijo la subdirectora del Hospital Ciudad Juan Bosch, Niovi Santos.<\/p>\n\n\n\n<p>En tanto que, M\u00e1ximo Pacheco dio las gracias a las autoridades por la ejecuci\u00f3n del programa, \u201cy sobre todo al comandante de esta Ciudad Juan Bosch\u201d, Juan Ram\u00f3n Aquino\u201d.<\/p>\n\n\n\n<p>Los efectivos de la primera promoci\u00f3n de Agentes de Seguridad Civil 2024, recibir\u00e1n capacitaci\u00f3n en la escuela de entrenamiento del Ej\u00e9rcito de Rep\u00fablica Dominicana ubicada el distrito municipal de San Luis, provincia Santo Domingo, adem\u00e1s contar\u00e1n con equipos necesarios como son; &nbsp;bicicletas, radio de comunicaci\u00f3n, chalecos reflectores, motocicletas.<\/p>\n\n\n\n<p>Adem\u00e1s, ser\u00e1n dotados de los cursos sobre derechos humanos, manejo de conflictos, relaciones humanas, entre otras acciones formativas.<\/p>\n\n\n\n<p>Comunicaci\u00f3n y RRPP Logan Jimenez, S.R.L<\/p>\n\n\n\n<p><a href=\"mailto:relacionespublicas2050@gmail.com\" target=\"_blank\" rel=\"noreferrer noopener\">relacionespublicas2050@g<\/a>mail<\/p>\n","protected":false},"excerpt":{"rendered":"<p>Ciudad Juan Bosch, Santo Domingo Este, R. D.,\u20025 de marzo, 2024.-\u00a0El ministro de la Presidencia, Joel Santos, puso en \u00a0marcha el proyecto de agentes de seguridad civil bajo la creaci\u00f3n y coordinaci\u00f3n del teniente coronel del Ej\u00e9rcito de Rep\u00fablica Dominicana, Juan Ram\u00f3n Aquino, en un acto celebrado este lunes en el Parque Tem\u00e1tico de Energ\u00edas [&hellip;]<\/p>\n","protected":false},"author":5,"featured_media":512640,"comment_status":"closed","ping_status":"","sticky":true,"template":"","format":"standard","meta":{"footnotes":""},"categories":[20,27],"tags":[],"class_list":["post-512639","post","type-post","status-publish","format-standard","has-post-thumbnail","hentry","category-dominicana-hoy","category-portada"],"_links":{"self":[{"href":"https:\/\/diariodominicano.com\/index.php?rest_route=\/wp\/v2\/posts\/512639","targetHints":{"allow":["GET"]}}],"collection":[{"href":"https:\/\/diariodominicano.com\/index.php?rest_route=\/wp\/v2\/posts"}],"about":[{"href":"https:\/\/diariodominicano.com\/index.php?rest_route=\/wp\/v2\/types\/post"}],"author":[{"embeddable":true,"href":"https:\/\/diariodominicano.com\/index.php?rest_route=\/wp\/v2\/users\/5"}],"replies":[{"embeddable":true,"href":"https:\/\/diariodominicano.com\/index.php?rest_route=%2Fwp%2Fv2%2Fcomments&post=512639"}],"version-history":[{"count":1,"href":"https:\/\/diariodominicano.com\/index.php?rest_route=\/wp\/v2\/posts\/512639\/revisions"}],"predecessor-version":[{"id":512641,"href":"https:\/\/diariodominicano.com\/index.php?rest_route=\/wp\/v2\/posts\/512639\/revisions\/512641"}],"wp:featuredmedia":[{"embeddable":true,"href":"https:\/\/diariodominicano.com\/index.php?rest_route=\/wp\/v2\/media\/512640"}],"wp:attachment":[{"href":"https:\/\/diariodominicano.com\/index.php?rest_route=%2Fwp%2Fv2%2Fmedia&parent=512639"}],"wp:term":[{"taxonomy":"category","embeddable":true,"href":"https:\/\/diariodominicano.com\/index.php?rest_route=%2Fwp%2Fv2%2Fcategories&post=512639"},{"taxonomy":"post_tag","embeddable":true,"href":"https:\/\/diariodominicano.com\/index.php?rest_route=%2Fwp%2Fv2%2Ftags&post=512639"}],"curies":[{"name":"wp","href":"https:\/\/api.w.org\/{rel}","templated":true}]}}