{"id":512633,"date":"2024-03-05T15:46:35","date_gmt":"2024-03-05T19:46:35","guid":{"rendered":"https:\/\/diariodominicano.com\/?p=512633"},"modified":"2024-03-05T15:46:35","modified_gmt":"2024-03-05T19:46:35","slug":"director-iad-acompana-vicepresidenta-raquel-pena-en-visita-a-factoria-arrocera-del-bajo-yuna-remozada-con-inversion-de-rd35-7-millones","status":"publish","type":"post","link":"https:\/\/diariodominicano.com\/?p=512633","title":{"rendered":"Director IAD acompa\u00f1a vicepresidenta Raquel Pe\u00f1a en visita a factor\u00eda arrocera del Bajo Yuna remozada con inversi\u00f3n de RD$35.7 millones"},"content":{"rendered":"\n<p>diariodominicano.com<\/p>\n\n\n\n<p>Lim\u00f3n del Yuna, Duarte, R. D.,\u20025 de marzo, 2024.-  La vicepresidenta de la Rep\u00fablica, Raquel Pe\u00f1a, visit\u00f3 la tarde de este domingo la factor\u00eda de arroz perteneciente a la Federaci\u00f3n Agraria Lim\u00f3n del Yuna (Faly), acompa\u00f1ada por el ministro de Agricultura, Limber Cruz; el director general del Instituto Agrario Dominicano (IAD), Francisco Guillermo Garc\u00eda y el administrador del Banco Agr\u00edcola, Fernando Dur\u00e1n, tras el proceso de remozamiento de sus instalaciones con una inversi\u00f3n de RD$35,785,688, facilitada por el organismo financiero estatal.<\/p>\n\n\n\n<p>En el marco del recorrido por la obra, para la que se ha destinado una inversi\u00f3n total de&nbsp;RD 35,785,688.00, a trav\u00e9s del Banco Agr\u00edcola, Pe\u00f1a supervis\u00f3 junto a los funcionarios del sector agropecuario las nuevas maquinarias adquiridas con fondos del Gobierno, que permitir\u00e1n seguir incorporando m\u00e1s productores al proyecto para contribuir con la seguridad alimentaria.<\/p>\n\n\n\n<p>La vicepresidenta de la Rep\u00fablica fue recibida con expresivas muestras de alegr\u00edas por los moradores de la zona beneficiarios de la factor\u00eda, estimados en unos 400 productores, agrupados en m\u00e1s de 22 asociaciones de Lim\u00f3n del Yuna.<\/p>\n\n\n\n<p>La Factor\u00eda Faly figura entre las empresas de esa categor\u00eda que se integraron al programa gubernamental \u201cA Comer: del Campo al Colmado\u201d, creado para garantizar precios justos para productores y consumidores, en el marco de la pol\u00edtica social del presidente Luis Abinader.<\/p>\n\n\n\n<p>Entre las inversiones financiadas para remozar la factor\u00eda del Lim\u00f3n del Yuma se detallan compra camiones, construcci\u00f3n cama para camiones, compra m\u00e1quina de color, clasificadora, laboratorio, compra monta carga, parte el\u00e9ctrica, compra transformadores, mantenimiento, planta el\u00e9ctrica, construcci\u00f3n horno el\u00e9ctrico, construcci\u00f3n horno el\u00e9ctrico, pago deuda, compra equipos oficinas, compra sacos vac\u00edos, pago deuda molino de arroz, mantenimiento y reparaci\u00f3n \u00e1rea secado, molino y parte f\u00edsica.<\/p>\n\n\n\n<p>En la visita de la segunda ejecutiva de la Naci\u00f3n a la Factor\u00eda Faly el director del IAD estuvo acompa\u00f1ado de su esposa Minerva Rodr\u00edguez de Garc\u00eda; el encargado del departamento regional Cibao- Nordeste, Jos\u00e9 Antonio D\u00edaz; el gerente provincial Adelso Mieses y el dirigente parcelero Santo Paulino, entre otros.<\/p>\n\n\n\n<p>Gracias por su acostumbrada colaboraci\u00f3n<\/p>\n\n\n\n<p>Departamento de Comunicaciones<\/p>\n\n\n\n<p><strong>Instituto Agrario Dominicano (IAD)<\/strong><\/p>\n","protected":false},"excerpt":{"rendered":"<p>diariodominicano.com Lim\u00f3n del Yuna, Duarte, R. D.,\u20025 de marzo, 2024.- La vicepresidenta de la Rep\u00fablica, Raquel Pe\u00f1a, visit\u00f3 la tarde de este domingo la factor\u00eda de arroz perteneciente a la Federaci\u00f3n Agraria Lim\u00f3n del Yuna (Faly), acompa\u00f1ada por el ministro de Agricultura, Limber Cruz; el director general del Instituto Agrario Dominicano (IAD), Francisco Guillermo Garc\u00eda [&hellip;]<\/p>\n","protected":false},"author":5,"featured_media":512634,"comment_status":"closed","ping_status":"","sticky":true,"template":"","format":"standard","meta":{"footnotes":""},"categories":[20,27],"tags":[],"class_list":["post-512633","post","type-post","status-publish","format-standard","has-post-thumbnail","hentry","category-dominicana-hoy","category-portada"],"_links":{"self":[{"href":"https:\/\/diariodominicano.com\/index.php?rest_route=\/wp\/v2\/posts\/512633","targetHints":{"allow":["GET"]}}],"collection":[{"href":"https:\/\/diariodominicano.com\/index.php?rest_route=\/wp\/v2\/posts"}],"about":[{"href":"https:\/\/diariodominicano.com\/index.php?rest_route=\/wp\/v2\/types\/post"}],"author":[{"embeddable":true,"href":"https:\/\/diariodominicano.com\/index.php?rest_route=\/wp\/v2\/users\/5"}],"replies":[{"embeddable":true,"href":"https:\/\/diariodominicano.com\/index.php?rest_route=%2Fwp%2Fv2%2Fcomments&post=512633"}],"version-history":[{"count":1,"href":"https:\/\/diariodominicano.com\/index.php?rest_route=\/wp\/v2\/posts\/512633\/revisions"}],"predecessor-version":[{"id":512635,"href":"https:\/\/diariodominicano.com\/index.php?rest_route=\/wp\/v2\/posts\/512633\/revisions\/512635"}],"wp:featuredmedia":[{"embeddable":true,"href":"https:\/\/diariodominicano.com\/index.php?rest_route=\/wp\/v2\/media\/512634"}],"wp:attachment":[{"href":"https:\/\/diariodominicano.com\/index.php?rest_route=%2Fwp%2Fv2%2Fmedia&parent=512633"}],"wp:term":[{"taxonomy":"category","embeddable":true,"href":"https:\/\/diariodominicano.com\/index.php?rest_route=%2Fwp%2Fv2%2Fcategories&post=512633"},{"taxonomy":"post_tag","embeddable":true,"href":"https:\/\/diariodominicano.com\/index.php?rest_route=%2Fwp%2Fv2%2Ftags&post=512633"}],"curies":[{"name":"wp","href":"https:\/\/api.w.org\/{rel}","templated":true}]}}