{"id":51262,"date":"2020-07-26T17:17:43","date_gmt":"2020-07-26T17:17:43","guid":{"rendered":"http:\/\/diariodominicano.ddns.net\/?p=51262"},"modified":"2020-07-26T17:17:43","modified_gmt":"2020-07-26T17:17:43","slug":"el-dia-que-fallecio-federico-velasquez","status":"publish","type":"post","link":"https:\/\/diariodominicano.com\/?p=51262","title":{"rendered":"El d\u00eda que falleci\u00f3 Federico Vel\u00e1squez"},"content":{"rendered":"<p><body><\/p>\n<p><img decoding=\"async\" src=\"img3\/FedericoV04.jpg.jpg\" \/>  <\/p>\n<p><strong>Diariodominicano.com<\/strong><\/p>\n<p><strong>El d\u00eda que falleci\u00f3 Federico Vel\u00e1squez<\/strong><\/p>\n<p><strong>Federico Vel\u00e1squez tuvo una participaci\u00f3n muy activa en la pol\u00edtica dominicana de las primeras tres d\u00e9cadas del siglo 20.<\/strong><\/p>\n<p><strong>Por HTN<\/strong><\/p>\n<p><strong>Diariodominicano.com<\/strong><\/p>\n<p><strong> <\/strong><\/p>\n<p><strong> <\/strong><\/p>\n<p><strong>     SAN JUAN, Puerto Rico, el  26 de julio de 193<\/strong>4, muri\u00f3 en San Juan, Puerto Rico, el ex vicepresidente dominicano Federico Vel\u00e1squez.<\/p>\n<\/p>\n<p>     Federico Vel\u00e1squez tuvo una participaci\u00f3n muy activa en la pol\u00edtica dominicana de las primeras tres d\u00e9cadas del siglo 20.<\/p>\n<\/p>\n<p>     En las elecciones del 15 de marzo de 1924, con las que se puso fin al Gobierno militar de Estados Unidos, fue el compa\u00f1ero de boleta de Horacio V\u00e1squez.<\/p>\n<\/p>\n<p>     Sin embargo, en 1928 rompi\u00f3 con el presidente  V\u00e1squez,  tras decidir  prolongar su mandato, porque entend\u00eda violaba la Constituci\u00f3n de la Rep\u00fablica.<\/p>\n<\/p>\n<p>      El  15 de mayo de 1930, su partido, la Alianza Nacional Progresista formaliz\u00f3 su retiro del proceso electoral  por considerar que en  Rep\u00fablica Dominicana no hab\u00eda garant\u00edas para ejercer el voto libremente.<\/p>\n<\/p>\n<p>     Ante la situaci\u00f3n de represi\u00f3n,  La Alianza Nacional Progresista, que llevaba como candidato a la Presidencia  a Federico Vel\u00e1squez,  y a vicepresidente al l\u00edder horacista  \u00c1ngel Morales, se retir\u00f3 del proceso electoral.<\/p>\n<\/p>\n<p>    Por la  situaci\u00f3n de violencia desatada en las \u00faltimas semanas de la campa\u00f1a electoral de 1930, los miembros de la Junta Central Electoral renunciaron a sus funciones el 7 de Mayo de 1930 y fueron sustituidos por personas que simpatizaban con la candidatura de Trujillo.<\/p>\n<\/p>\n<p>   El 16 de Mayo de 1930 se celebraron las elecciones con la sola participaci\u00f3n del binomio Rafael Le\u00f3nidas Trujillo Molina-Rafael Estrella Ure\u00f1a. <\/p>\n<\/p>\n<p>Fueron declarados ganadores de los comicios con un 45 por ciento de los inscritos.<\/p>\n<\/p>\n<\/p>\n<\/p>\n<h6> 2020-07-26 17:17:43 <\/h6>\n<p><!--\n<link rel=\"stylesheet\" href=\"css\/bootstrap.min.css\">\n\n\n<ul class=\"pagination\">\n\t    \n\t\n\n<li >\n\t<a href='?page_no=371'>Previous<\/a>\n\t<\/li>\n\n\n       \n    \n\n<li><a href='?page_no=1'>1<\/a><\/li>\n\n\n\n<li><a href='?page_no=2'>2<\/a><\/li>\n\n\n\n<li><a>...<\/a><\/li>\n\n\n\n<li><a href='?page_no=370'>370<\/a><\/li>\n\n\n\n<li><a href='?page_no=371'>371<\/a><\/li>\n\n\n\n<li class='active'><a>372<\/a><\/li>\n\n\n\n<li><a href='?page_no=373'>373<\/a><\/li>\n\n\n\n<li><a href='?page_no=374'>374<\/a><\/li>\n\n\n\n<li><a>...<\/a><\/li>\n\n\n\n<li><a href='?page_no=22911'>22911<\/a><\/li>\n\n\n\n<li><a href='?page_no=22912'>22912<\/a><\/li>\n\n    \n\t\n\n<li >\n\t<a href='?page_no=373'>Next<\/a>\n\t<\/li>\n\n\n    \n\n<li><a href='?page_no=22912'>Last &rsaquo;&rsaquo;<\/a><\/li>\n\n<\/ul>\n\n\n--><br \/>\n<\/body><\/p>\n","protected":false},"excerpt":{"rendered":"<p>Diariodominicano.com El d\u00eda que falleci\u00f3 Federico Vel\u00e1squez Federico Vel\u00e1squez tuvo una participaci\u00f3n muy activa en la pol\u00edtica dominicana de las primeras tres d\u00e9cadas del siglo 20. Por HTN Diariodominicano.com SAN JUAN, Puerto Rico, el 26 de julio de 1934, muri\u00f3 en San Juan, Puerto Rico, el ex vicepresidente dominicano Federico Vel\u00e1squez. Federico Vel\u00e1squez tuvo una [&hellip;]<\/p>\n","protected":false},"author":3,"featured_media":0,"comment_status":"open","ping_status":"open","sticky":false,"template":"","format":"standard","meta":{"footnotes":""},"categories":[21],"tags":[],"class_list":["post-51262","post","type-post","status-publish","format-standard","hentry","category-cultura"],"_links":{"self":[{"href":"https:\/\/diariodominicano.com\/index.php?rest_route=\/wp\/v2\/posts\/51262","targetHints":{"allow":["GET"]}}],"collection":[{"href":"https:\/\/diariodominicano.com\/index.php?rest_route=\/wp\/v2\/posts"}],"about":[{"href":"https:\/\/diariodominicano.com\/index.php?rest_route=\/wp\/v2\/types\/post"}],"author":[{"embeddable":true,"href":"https:\/\/diariodominicano.com\/index.php?rest_route=\/wp\/v2\/users\/3"}],"replies":[{"embeddable":true,"href":"https:\/\/diariodominicano.com\/index.php?rest_route=%2Fwp%2Fv2%2Fcomments&post=51262"}],"version-history":[{"count":0,"href":"https:\/\/diariodominicano.com\/index.php?rest_route=\/wp\/v2\/posts\/51262\/revisions"}],"wp:attachment":[{"href":"https:\/\/diariodominicano.com\/index.php?rest_route=%2Fwp%2Fv2%2Fmedia&parent=51262"}],"wp:term":[{"taxonomy":"category","embeddable":true,"href":"https:\/\/diariodominicano.com\/index.php?rest_route=%2Fwp%2Fv2%2Fcategories&post=51262"},{"taxonomy":"post_tag","embeddable":true,"href":"https:\/\/diariodominicano.com\/index.php?rest_route=%2Fwp%2Fv2%2Ftags&post=51262"}],"curies":[{"name":"wp","href":"https:\/\/api.w.org\/{rel}","templated":true}]}}