{"id":512597,"date":"2024-03-05T15:08:17","date_gmt":"2024-03-05T19:08:17","guid":{"rendered":"https:\/\/diariodominicano.com\/?p=512597"},"modified":"2024-03-05T15:20:16","modified_gmt":"2024-03-05T19:20:16","slug":"fallecio-jose-leon-asensio-expresidente-de-la-cerveceria-nacional-y-el-grupo-leon-jimenes","status":"publish","type":"post","link":"https:\/\/diariodominicano.com\/?p=512597","title":{"rendered":"Fallece Jos\u00e9 Le\u00f3n Asensio expresidente de la Cervecer\u00eda Nacional Dominicana y el Grupo Le\u00f3n Jimenes"},"content":{"rendered":"\n<figure class=\"wp-block-image\"><img decoding=\"async\" src=\"https:\/\/listindiario.com\/files\/vertical_main_image\/uploads\/2024\/03\/04\/65e65b651f3d9.jpeg\" alt=\"Jos\u00e9 Augusto C\u00e9sar Le\u00f3n Asencio, empresario dominicano.\"\/><figcaption class=\"wp-element-caption\">Jos\u00e9 Augusto C\u00e9sar Le\u00f3n Asencio, empresario dominicano. FUENTE EXTERNA<\/figcaption><\/figure>\n\n\n\n<p><a href=\"https:\/\/www.facebook.com\/sharer\/sharer.php?u=https:\/\/listindiario.com\/la-republica\/20240304\/muere-jose-leon-expresidente-cerveceria-nacional-grupo-leon-jimenes_798413.html\" target=\"_blank\" rel=\"noreferrer noopener\">Facebook<\/a><a href=\"https:\/\/twitter.com\/intent\/tweet?text=Muri%C3%B3%20Jos%C3%A9%20Le%C3%B3n%20Asensio,%20expresidente%20de%20la%20Cervecer%C3%ADa%20Nacional%20y%20el%20Grupo%20Le%C3%B3n%20Jimenes&amp;url=https:\/\/listindiario.com\/la-republica\/20240304\/muere-jose-leon-expresidente-cerveceria-nacional-grupo-leon-jimenes_798413.html\" target=\"_blank\" rel=\"noreferrer noopener\">Twitter<\/a><a href=\"https:\/\/api.whatsapp.com\/send?text=https:\/\/listindiario.com\/la-republica\/20240304\/muere-jose-leon-expresidente-cerveceria-nacional-grupo-leon-jimenes_798413.html%20Muri%C3%B3%20Jos%C3%A9%20Le%C3%B3n%20Asensio,%20expresidente%20de%20la%20Cervecer%C3%ADa%20Nacional%20y%20el%20Grupo%20Le%C3%B3n%20Jimenes\" target=\"_blank\" rel=\"noreferrer noopener\">Whatsapp<\/a><a href=\"https:\/\/listindiario.com\/la-republica\/20240304\/muere-jose-leon-expresidente-cerveceria-nacional-grupo-leon-jimenes_798413.html#botonComentarios\">Comentarios<\/a><a href=\"https:\/\/listindiario.com\/autor\/redaccion-listin-diario\">REDACCI\u00d3N LIST\u00cdN DIARIO<\/a><\/p>\n\n\n\n<p>Santo Domingo, RD<\/p>\n\n\n\n<p>04\/03\/2024 20:00&nbsp;|&nbsp;Actualizado a 05\/03\/2024 10:02<\/p>\n\n\n\n<p><strong>El  lunes 4 de marzo de 2024<\/strong> falleci\u00f3 a la edad de 90 a\u00f1os el empresario dominicano<strong>\u00a0Jos\u00e9 Augusto C\u00e9sar Le\u00f3n Asensio<\/strong>, quien fue presidente del\u00a0<strong>Grupo Le\u00f3n Jimenes<\/strong>, la<strong>\u00a0Cervecer\u00eda Nacional Dominicana<\/strong>\u00a0y Cervecer\u00eda Bohemia.<\/p>\n\n\n\n<p><strong>Jos\u00e9 Augusto C\u00e9sar Le\u00f3n Asensio<\/strong>,\u00a0fue mercad\u00f3logo de profesi\u00f3n. Se destac\u00f3 en la elaboraci\u00f3n de productos del tabaco: cigarrillos y cigarros, as\u00ed como cerveza.<\/p>\n\n\n\n<p><strong>En  una\u00a0entrevista especial\u00a0con List\u00edn Diario, Le\u00f3n Asensio explic\u00f3 que exist\u00edan dos principios s\u00f3lidos que se han mantenido en su familia: actuar con humildad y dar un trato justo a los dem\u00e1s, respetando las leyes.<\/strong><\/p>\n\n\n\n<p><strong>Le\u00f3n Asensio<\/strong>&nbsp;fue un mecenas del deporte, las artes, y la ecolog\u00eda en la Rep\u00fablica Dominicana.<\/p>\n\n\n\n<h3 class=\"wp-block-heading\">Reconocimientos <\/h3>\n\n\n\n<p><strong>Jos\u00e9 Le\u00f3n Asensio <\/strong>fue merecedor de importantes reconocimientos entre los que se incluyen: Anillo de Plata de\u00a0<strong>Philip Morris Incorporated<\/strong>\u00a0en 1978; Premio Juli\u00e1n Barcel\u00f3 de la Asociaci\u00f3n de Cronistas Deportivos como\u00a0<strong>Propulsor del Deporte<\/strong>\u00a0en el 1986; Premio a la Excelencia en Marketing, otorgado por COLAM en el 1989; Orden al M\u00e9rito Duarte, S\u00e1nchez y Mella, Grado de Gran Oficial, otorgado en 1993, entre otros.<\/p>\n\n\n\n<p><strong>Listindiario.com\/la-republica\/20240304\/muere-jose-leon-expresidente-cerveceria-nacional-grupo-leon-jimenes_798413.html<\/strong><\/p>\n\n\n\n<figure class=\"wp-block-image size-full\"><img loading=\"lazy\" decoding=\"async\" width=\"628\" height=\"537\" src=\"https:\/\/diariodominicano.com\/wp-content\/uploads\/2024\/03\/Jose-Leon-Asensio-6432ba9aeb2a5.r_d.61-37.jpg\" alt=\"\" class=\"wp-image-512606\" srcset=\"https:\/\/diariodominicano.com\/wp-content\/uploads\/2024\/03\/Jose-Leon-Asensio-6432ba9aeb2a5.r_d.61-37.jpg 628w, https:\/\/diariodominicano.com\/wp-content\/uploads\/2024\/03\/Jose-Leon-Asensio-6432ba9aeb2a5.r_d.61-37-300x257.jpg 300w\" sizes=\"auto, (max-width: 628px) 100vw, 628px\" \/><\/figure>\n\n\n\n<p><strong>Jos\u00e9 Le\u00f3n Asensio\u00a0<\/strong>falleci\u00f3 el lunes 4 de marzo de 2024 a los 90 a\u00f1os de edad, dejando un legado en el\u00a0<strong>empresariado\u00a0<\/strong>y el\u00a0<strong>deporte dominicano<\/strong>.<\/p>\n\n\n\n<p>Le\u00f3n Asensio naci\u00f3 en la ciudad \u00a0<strong>Santiago de los Caballeros<\/strong>\u00a0el 21 de febrero de 1934, el  menor de 7 hijos procreados por el matrimonio de Eduardo Le\u00f3n Jimenes y Mar\u00eda Asensio C\u00f3rdoba.<\/p>\n\n\n\n<p><strong>Estudios<\/strong><\/p>\n\n\n\n<p>Curs\u00f3 el bachillerato en la Taft School en Connecticut, Estados Unidos y realiz\u00f3 sus estudios universitarios en el\u00a0<strong>Babson Institute en Massachusetts<\/strong>, licenciado en administraci\u00f3n de empresas con especialidad en mercadeo.<\/p>\n\n\n\n<p>En el 1986 ocup\u00f3 la presidencia de la\u00a0<strong>Cervecer\u00eda Nacional Dominican<\/strong>a donde se mantuvo hasta el a\u00f1o 1993, ese mismo a\u00f1o asumi\u00f3 como CEO y presidente del\u00a0<strong>Grupo Le\u00f3n Jimenes<\/strong>, cargo que ocup\u00f3 hasta el d\u00eda de su deceso el lunes 4 de marzo.<\/p>\n\n\n\n<p>Junto a sus hermanos, continu\u00f3 el legado de su padre fortaleciendo y expandiendo sus empresas que se dedican a la producci\u00f3n de cigarros, cerveza y ron.<\/p>\n\n\n\n<h3 class=\"wp-block-heading\">Inmortal del Deporte <\/h3>\n\n\n\n<p>En el a\u00f1o 2020, el<strong>&nbsp;Pabell\u00f3n de la Fama del Deporte<\/strong>&nbsp;seleccion\u00f3 al empresario para ser elevado a la inmortalidad como propulsor.<\/p>\n\n\n\n<p><strong>Le\u00f3n Asensio&nbsp;<\/strong>fue uno de los m\u00e1s connotados mecenas de la historia del deporte dominicano, mostrando su apoyo a los equipos y clubes m\u00e1s emblem\u00e1ticos en b\u00e9isbol, baloncesto y los deportes de moto velocidad.<\/p>\n\n\n\n<p>Desde su gerencia en el Grupo Le\u00f3n Jimenes fue contribuyente solidario en la celebraci\u00f3n de los XII\u00a0<strong>Juegos Centroamericanos y del Caribe<\/strong>\u00a0en 1974, a trav\u00e9s del patrocinio permanente de las m\u00e1s variadas actividades.<\/p>\n\n\n\n<p>En baloncesto, los clubes San L\u00e1zaro, Sameji e Higueral, de Santo Domingo, Santiago y La Romana, respectivamente, fueron beneficiarios directos con la participaci\u00f3n de Le\u00f3n  Asensio en los torneos de amplio respaldo popular y amplia difusi\u00f3n en los medios de comunicaci\u00f3n.<\/p>\n\n\n\n<p>De igual modo, apoy\u00f3 para  las\u2002actividades de la carreras de automovilismo, kartismo, motovelocidad y motocross a trav\u00e9s de competencias en el antiguo Aut\u00f3dromo La Cumbre. <\/p>\n\n\n\n<p>Tambi\u00e9n el estuario del R\u00edo Ozama fue escenario de inolvidables eventos de botes.<\/p>\n\n\n\n<p>Con informaci\u00f3n de List\u00edn Diario, El Caribe 5 de marzo  de 2024.<\/p>\n","protected":false},"excerpt":{"rendered":"<p>FacebookTwitterWhatsappComentariosREDACCI\u00d3N LIST\u00cdN DIARIO Santo Domingo, RD 04\/03\/2024 20:00&nbsp;|&nbsp;Actualizado a 05\/03\/2024 10:02 El lunes 4 de marzo de 2024 falleci\u00f3 a la edad de 90 a\u00f1os el empresario dominicano\u00a0Jos\u00e9 Augusto C\u00e9sar Le\u00f3n Asensio, quien fue presidente del\u00a0Grupo Le\u00f3n Jimenes, la\u00a0Cervecer\u00eda Nacional Dominicana\u00a0y Cervecer\u00eda Bohemia. Jos\u00e9 Augusto C\u00e9sar Le\u00f3n Asensio,\u00a0fue mercad\u00f3logo de profesi\u00f3n. Se destac\u00f3 en la [&hellip;]<\/p>\n","protected":false},"author":28,"featured_media":512605,"comment_status":"closed","ping_status":"","sticky":true,"template":"","format":"standard","meta":{"footnotes":""},"categories":[36,26,25,27],"tags":[],"class_list":["post-512597","post","type-post","status-publish","format-standard","has-post-thumbnail","hentry","category-hombresmujeresycosas","category-efemerides","category-gente","category-portada"],"_links":{"self":[{"href":"https:\/\/diariodominicano.com\/index.php?rest_route=\/wp\/v2\/posts\/512597","targetHints":{"allow":["GET"]}}],"collection":[{"href":"https:\/\/diariodominicano.com\/index.php?rest_route=\/wp\/v2\/posts"}],"about":[{"href":"https:\/\/diariodominicano.com\/index.php?rest_route=\/wp\/v2\/types\/post"}],"author":[{"embeddable":true,"href":"https:\/\/diariodominicano.com\/index.php?rest_route=\/wp\/v2\/users\/28"}],"replies":[{"embeddable":true,"href":"https:\/\/diariodominicano.com\/index.php?rest_route=%2Fwp%2Fv2%2Fcomments&post=512597"}],"version-history":[{"count":6,"href":"https:\/\/diariodominicano.com\/index.php?rest_route=\/wp\/v2\/posts\/512597\/revisions"}],"predecessor-version":[{"id":512629,"href":"https:\/\/diariodominicano.com\/index.php?rest_route=\/wp\/v2\/posts\/512597\/revisions\/512629"}],"wp:featuredmedia":[{"embeddable":true,"href":"https:\/\/diariodominicano.com\/index.php?rest_route=\/wp\/v2\/media\/512605"}],"wp:attachment":[{"href":"https:\/\/diariodominicano.com\/index.php?rest_route=%2Fwp%2Fv2%2Fmedia&parent=512597"}],"wp:term":[{"taxonomy":"category","embeddable":true,"href":"https:\/\/diariodominicano.com\/index.php?rest_route=%2Fwp%2Fv2%2Fcategories&post=512597"},{"taxonomy":"post_tag","embeddable":true,"href":"https:\/\/diariodominicano.com\/index.php?rest_route=%2Fwp%2Fv2%2Ftags&post=512597"}],"curies":[{"name":"wp","href":"https:\/\/api.w.org\/{rel}","templated":true}]}}