{"id":512565,"date":"2024-03-05T10:00:59","date_gmt":"2024-03-05T14:00:59","guid":{"rendered":"https:\/\/diariodominicano.com\/?p=512565"},"modified":"2024-03-05T10:01:47","modified_gmt":"2024-03-05T14:01:47","slug":"celebran-dia-de-campo-resaltando-los-avances-de-la-produccion-de-tabaco","status":"publish","type":"post","link":"https:\/\/diariodominicano.com\/?p=512565","title":{"rendered":"Celebran D\u00eda de Campo resaltando los avances de la producci\u00f3n de tabaco"},"content":{"rendered":"\n<p>diariodominicano.com<\/p>\n\n\n\n<p><strong>Santiago Rodr\u00edguez, R. D., 5 de marzo, 2024.-<\/strong>\u00a0El Ministerio de Agricultura y el Instituto Nacional del Tabaco realizaron un d\u00eda de campo en Santiago Rodr\u00edguez donde destacaron las variedades que cultivan en esa zona y los avances del sector.<\/p>\n\n\n\n<p>El ingeniero Eulalio Ram\u00edrez , viceministro de Producci\u00f3n y Mercadeo de Agricultura , reiter\u00f3 el compromiso del gobierno del presidente Luis Abinader de seguir apoyando el sector agropecuario, fortaleciendo y &nbsp;desarrollando pol\u00edticas de expansi\u00f3n de la producci\u00f3n de tabaco&nbsp; en la zona, igualmente en San Juan de la Maguana y Azua.<\/p>\n\n\n\n<p>\u201cSeguir fortaleciendo la asistencia t\u00e9cnica, la incorporaci\u00f3n de nuevas tecnolog\u00edas productivas para garantizar el mayor nivel de productividad en todos los rubros agropecuarios es el compromiso de esta gesti\u00f3n \u201c dijo Ram\u00edrez.<\/p>\n\n\n\n<p>Inform\u00f3 que el tabaco representa una importancia extraordinaria desde el punto de vista econ\u00f3mico, generaci\u00f3n de empleos y divisas , lo que se manifiesta en las exportaciones de m\u00e1s de mil 200 millones de d\u00f3lares anualmente. El principal mercado receptor a nivel internacional es Estados Unidos y el segundo es Europa.<\/p>\n\n\n\n<p>Durante el encuentro se habl\u00f3 de la producci\u00f3n de tabaco con sistema de riego presurizado, con la finalidad de un cambio en la matriz productiva, uno de los avances en materia tabacalera .<\/p>\n\n\n\n<p>La actividad fue organizada por la Cooperativa Cooprosaro que preside Freddy Valent\u00edn, en la finca de Alberto Tejada en Santiago Rodr\u00edguez.<\/p>\n\n\n\n<p>Participaron por el Ministerio de Agricultura los directores regionales Julio C\u00e9sar Est\u00e9vez, Pedro Ledesma Trinidad, Frank Ventura y el director de Biovega Carlos Viloria, mientras que por el Intabaco participaron Radham\u00e9s D\u00edaz, Isidro Tav\u00e1rez, Tirso Ram\u00edrez y Ernesto P\u00e9rez.<\/p>\n\n\n\n<figure class=\"wp-block-table\"><table><tbody><tr><td><strong>Comunicadores RD<\/strong><\/td><\/tr><\/tbody><\/table><\/figure>\n","protected":false},"excerpt":{"rendered":"<p>diariodominicano.com Santiago Rodr\u00edguez, R. D., 5 de marzo, 2024.-\u00a0El Ministerio de Agricultura y el Instituto Nacional del Tabaco realizaron un d\u00eda de campo en Santiago Rodr\u00edguez donde destacaron las variedades que cultivan en esa zona y los avances del sector. El ingeniero Eulalio Ram\u00edrez , viceministro de Producci\u00f3n y Mercadeo de Agricultura , reiter\u00f3 el [&hellip;]<\/p>\n","protected":false},"author":5,"featured_media":512566,"comment_status":"closed","ping_status":"","sticky":true,"template":"","format":"standard","meta":{"footnotes":""},"categories":[20,27],"tags":[],"class_list":["post-512565","post","type-post","status-publish","format-standard","has-post-thumbnail","hentry","category-dominicana-hoy","category-portada"],"_links":{"self":[{"href":"https:\/\/diariodominicano.com\/index.php?rest_route=\/wp\/v2\/posts\/512565","targetHints":{"allow":["GET"]}}],"collection":[{"href":"https:\/\/diariodominicano.com\/index.php?rest_route=\/wp\/v2\/posts"}],"about":[{"href":"https:\/\/diariodominicano.com\/index.php?rest_route=\/wp\/v2\/types\/post"}],"author":[{"embeddable":true,"href":"https:\/\/diariodominicano.com\/index.php?rest_route=\/wp\/v2\/users\/5"}],"replies":[{"embeddable":true,"href":"https:\/\/diariodominicano.com\/index.php?rest_route=%2Fwp%2Fv2%2Fcomments&post=512565"}],"version-history":[{"count":3,"href":"https:\/\/diariodominicano.com\/index.php?rest_route=\/wp\/v2\/posts\/512565\/revisions"}],"predecessor-version":[{"id":512569,"href":"https:\/\/diariodominicano.com\/index.php?rest_route=\/wp\/v2\/posts\/512565\/revisions\/512569"}],"wp:featuredmedia":[{"embeddable":true,"href":"https:\/\/diariodominicano.com\/index.php?rest_route=\/wp\/v2\/media\/512566"}],"wp:attachment":[{"href":"https:\/\/diariodominicano.com\/index.php?rest_route=%2Fwp%2Fv2%2Fmedia&parent=512565"}],"wp:term":[{"taxonomy":"category","embeddable":true,"href":"https:\/\/diariodominicano.com\/index.php?rest_route=%2Fwp%2Fv2%2Fcategories&post=512565"},{"taxonomy":"post_tag","embeddable":true,"href":"https:\/\/diariodominicano.com\/index.php?rest_route=%2Fwp%2Fv2%2Ftags&post=512565"}],"curies":[{"name":"wp","href":"https:\/\/api.w.org\/{rel}","templated":true}]}}