{"id":51251,"date":"2020-07-26T17:36:16","date_gmt":"2020-07-26T17:36:16","guid":{"rendered":"http:\/\/diariodominicano.ddns.net\/?p=51251"},"modified":"2020-07-26T17:36:16","modified_gmt":"2020-07-26T17:36:16","slug":"ante-los-aconteceres-de-la-vida","status":"publish","type":"post","link":"https:\/\/diariodominicano.com\/?p=51251","title":{"rendered":"ANTE LOS ACONTECERES DE LA VIDA"},"content":{"rendered":"<p><body><\/p>\n<p><img decoding=\"async\" src=\"img3\/victor corcoba000.jpg\" \/>  <\/p>\n<p><strong>COMPARTIENDO DI\u00c1LOGOS CONMIGO MISMO<\/strong><\/p>\n<p><strong>ANTE LOS ACONTECERES DE LA VIDA <\/strong><\/p>\n<p>(Ahora nos toca reconstruir, coraz\u00f3n a coraz\u00f3n, el reino de la poes\u00eda) <\/p>\n<\/p>\n<p><strong>I.-C\u00d3MO DEJARSE ASOMBRAR POR EL SUE\u00d1O DEL CREADOR<\/strong><\/p>\n<p>Todo tiene su m\u00edstica, s\u00f3lo hay que activar la contemplativa; <\/p>\n<p>nada es porque s\u00ed, sino porque Dios se halla entre nosotros.<\/p>\n<p>El Creador nos vive cada d\u00eda y su creatividad contin\u00faa viva,<\/p>\n<p>nos alienta, se deja sentir como h\u00e1lito, nos mueve el alma,<\/p>\n<p>y tras esa visi\u00f3n astral que nos colma, su silencio nos calma. <\/p>\n<\/p>\n<p>Venga la deseable soledad para reencontrarnos con el ser <\/p>\n<p>que soy, permanezca a la escucha de quien nos acompa\u00f1a, <\/p>\n<p>ese Jes\u00fas martirizado que por nuestras miserias llora y gime, <\/p>\n<p>no cesa  su desvelo en encauzarnos cada d\u00eda hacia el amor<\/p>\n<p>antes de que la noche nos sobrecoja y nos dejemos de amar. <\/p>\n<\/p>\n<p>Nadie nos abraza y nos quiere como ese trinitario movimiento, <\/p>\n<p>cuyo pulso es acogerse a la luz que se dona en los brazos<\/p>\n<p>de Cristo, y nos trasciende a la m\u00edstica de ofrecer su vida, <\/p>\n<p>para que podamos reencontrarnos con la belleza de lo donado, <\/p>\n<p>con la bondad como verdad hoy, para un buen morar ma\u00f1ana.<\/p>\n<\/p>\n<p><strong>II.- C\u00d3MO FRANQUEARSE Y NO DECEPCIONAR A DIOS<\/strong><\/p>\n<p>Olvidar a Dios que nos ha creado, que nos ha hecho crecer, <\/p>\n<p>que nos ha acompa\u00f1ado en nuestras tremendas oscuridades, <\/p>\n<p>que nos ha custodiado de lo maligno de nuestras andanzas, <\/p>\n<p>y reconducido hacia espacios benignos sin perder autonom\u00eda, <\/p>\n<p>no deja de ser una decepci\u00f3n m\u00e1s, aunque Jes\u00fas nos aguarde.<\/p>\n<\/p>\n<p>Desilusiona ver nuestra ingratitud, nos har\u00e1 bien repensarlo, <\/p>\n<p>para despojarnos de esta mundanidad que todo lo corrompe, <\/p>\n<p>y poder regresar a quien tiene una tiernas entretelas de Padre,<\/p>\n<p>a quien nos so\u00f1\u00f3 con la mayor de las esperanzas vivientes,<\/p>\n<p>para responder al calvario de los pobres y al grito de la tierra. <\/p>\n<\/p>\n<p>Siempre es bueno corregir trayectos, tomar un buen prop\u00f3sito<\/p>\n<p>de enmienda, pedirle al Se\u00f1or que nos acerque a esa sabidur\u00eda <\/p>\n<p>ancestral para poder dirigirnos desnudos de toda esclavitud, <\/p>\n<p>a su esp\u00edritu arm\u00f3nico, siempre tan aut\u00e9ntico como el mar, <\/p>\n<p>al encender sus olas al cielo y apagar mil soberbias sembradas.<\/p>\n<p><strong>III.- C\u00d3MO REVELARSE A LOS EST\u00cdMULOS MUNDANOS <\/strong><\/p>\n<p>En cualquier fuerza en\u00e9rgica el incentivo contrario germina, <\/p>\n<p>haciendo de la maldita hipocres\u00eda, un \u00f3rgano envenenado, <\/p>\n<p>del necio endiosamiento, una necedad de di\u00e1logo simpl\u00f3n. <\/p>\n<p>Lo transcendente es despertar, pedir perd\u00f3n, tomar otra senda, <\/p>\n<p>Jes\u00fas termin\u00f3 en la cruz am\u00e1ndonos, redimi\u00e9ndonos de mundo.<\/p>\n<\/p>\n<p>Los est\u00edmulos mundanos nos llevan a huir de lo que embellece, <\/p>\n<p>a esconderse en las miserias humanas y a venderse por nada, <\/p>\n<p>a ceder a la tentaci\u00f3n m\u00e1s fuerte con la cobard\u00eda de negarse, <\/p>\n<p>y aunque hayan comenzado como un aire tranquilizador, <\/p>\n<p>en realidad encierra nuestra muerte, nos enclaustra en el dolor.<\/p>\n<\/p>\n<p>Salgamos mar adentro, no nos dejemos aprehender por la trampa, <\/p>\n<p>levantemos la mirada, veamos que de todo se sale queriendo,  <\/p>\n<p>tambi\u00e9n cuando somos tentados, \u00fanicamente la palabra de Dios, <\/p>\n<p>la palabra de Jes\u00fas nos salva; no justifiquemos lo injustificable, <\/p>\n<p>porque el mismo diablo es un seductor y nos gusta ser seducidos.<\/p>\n<\/p>\n<p>V\u00edctor CORCOBA HERRERO<\/p>\n<p>corcoba@telefonica.net <\/p>\n<p>25 de julio de 2020.-<\/p>\n<h6> 2020-07-26 17:36:16 <\/h6>\n<p><!--\n<link rel=\"stylesheet\" href=\"css\/bootstrap.min.css\">\n\n\n<ul class=\"pagination\">\n\t    \n\t\n\n<li >\n\t<a href='?page_no=370'>Previous<\/a>\n\t<\/li>\n\n\n       \n    \n\n<li><a href='?page_no=1'>1<\/a><\/li>\n\n\n\n<li><a href='?page_no=2'>2<\/a><\/li>\n\n\n\n<li><a>...<\/a><\/li>\n\n\n\n<li><a href='?page_no=369'>369<\/a><\/li>\n\n\n\n<li><a href='?page_no=370'>370<\/a><\/li>\n\n\n\n<li class='active'><a>371<\/a><\/li>\n\n\n\n<li><a href='?page_no=372'>372<\/a><\/li>\n\n\n\n<li><a href='?page_no=373'>373<\/a><\/li>\n\n\n\n<li><a>...<\/a><\/li>\n\n\n\n<li><a href='?page_no=22911'>22911<\/a><\/li>\n\n\n\n<li><a href='?page_no=22912'>22912<\/a><\/li>\n\n    \n\t\n\n<li >\n\t<a href='?page_no=372'>Next<\/a>\n\t<\/li>\n\n\n    \n\n<li><a href='?page_no=22912'>Last &rsaquo;&rsaquo;<\/a><\/li>\n\n<\/ul>\n\n\n--><br \/>\n<\/body><\/p>\n","protected":false},"excerpt":{"rendered":"<p>COMPARTIENDO DI\u00c1LOGOS CONMIGO MISMO ANTE LOS ACONTECERES DE LA VIDA (Ahora nos toca reconstruir, coraz\u00f3n a coraz\u00f3n, el reino de la poes\u00eda) I.-C\u00d3MO DEJARSE ASOMBRAR POR EL SUE\u00d1O DEL CREADOR Todo tiene su m\u00edstica, s\u00f3lo hay que activar la contemplativa; nada es porque s\u00ed, sino porque Dios se halla entre nosotros. El Creador nos vive [&hellip;]<\/p>\n","protected":false},"author":3,"featured_media":0,"comment_status":"open","ping_status":"open","sticky":false,"template":"","format":"standard","meta":{"footnotes":""},"categories":[21],"tags":[],"class_list":["post-51251","post","type-post","status-publish","format-standard","hentry","category-cultura"],"_links":{"self":[{"href":"https:\/\/diariodominicano.com\/index.php?rest_route=\/wp\/v2\/posts\/51251","targetHints":{"allow":["GET"]}}],"collection":[{"href":"https:\/\/diariodominicano.com\/index.php?rest_route=\/wp\/v2\/posts"}],"about":[{"href":"https:\/\/diariodominicano.com\/index.php?rest_route=\/wp\/v2\/types\/post"}],"author":[{"embeddable":true,"href":"https:\/\/diariodominicano.com\/index.php?rest_route=\/wp\/v2\/users\/3"}],"replies":[{"embeddable":true,"href":"https:\/\/diariodominicano.com\/index.php?rest_route=%2Fwp%2Fv2%2Fcomments&post=51251"}],"version-history":[{"count":0,"href":"https:\/\/diariodominicano.com\/index.php?rest_route=\/wp\/v2\/posts\/51251\/revisions"}],"wp:attachment":[{"href":"https:\/\/diariodominicano.com\/index.php?rest_route=%2Fwp%2Fv2%2Fmedia&parent=51251"}],"wp:term":[{"taxonomy":"category","embeddable":true,"href":"https:\/\/diariodominicano.com\/index.php?rest_route=%2Fwp%2Fv2%2Fcategories&post=51251"},{"taxonomy":"post_tag","embeddable":true,"href":"https:\/\/diariodominicano.com\/index.php?rest_route=%2Fwp%2Fv2%2Ftags&post=51251"}],"curies":[{"name":"wp","href":"https:\/\/api.w.org\/{rel}","templated":true}]}}