{"id":512408,"date":"2024-03-04T21:48:54","date_gmt":"2024-03-05T01:48:54","guid":{"rendered":"https:\/\/diariodominicano.com\/?p=512408"},"modified":"2024-03-04T21:48:54","modified_gmt":"2024-03-05T01:48:54","slug":"embajada-de-mexico-en-haiti-cesa-funciones-por-la-inseguridad-en-puerto-principe","status":"publish","type":"post","link":"https:\/\/diariodominicano.com\/?p=512408","title":{"rendered":"Embajada de M\u00e9xico en Hait\u00ed cesa funciones por la inseguridad en Puerto Pr\u00edncipe"},"content":{"rendered":"\n<p>diariodominicano.com<\/p>\n\n\n\n<p>Puerto Pr\u00edncipe, 4 mar (Prensa Latina) La embajada de M\u00e9xico en Hait\u00ed ces\u00f3 hoy de manera temporal sus funciones en el pa\u00eds caribe\u00f1o, donde rige el Estado de Emergencia debido al deterioro de los niveles de seguridad.<\/p>\n\n\n\n<p>En un escueto mensaje, la misi\u00f3n diplom\u00e1tica llam\u00f3 a sus compatriotas a evitar viajes no esenciales y mantenerse bien atento a su entorno, en tanto, las personas que realizan tr\u00e1mites consulares recibir\u00e1n en breve un correo electr\u00f3nico con su cita reprogramada.<\/p>\n\n\n\n<p>La v\u00edspera, la embajada de Francia en Hait\u00ed pidi\u00f3 a sus ciudadanos que residen en el pa\u00eds caribe\u00f1o a extremar los cuidados y limitar los movimientos.<\/p>\n\n\n\n<p>En un mensaje emitido por la sede diplom\u00e1tica aconsej\u00f3 a sus compatriotas a no viajar a ninguna parte del \u00e1rea metropolitana de Puerto Pr\u00edncipe, hasta que la situaci\u00f3n sea aclarada, e insisti\u00f3 en que se mantenga la prudencia.<\/p>\n\n\n\n<p>La alerta de la embajada gala es emitida luego que pandilleros asaltaran y liberaran a connotados criminales de la penitenciar\u00eda nacional.<\/p>\n\n\n\n<p>Tal hecho llev\u00f3 al gobierno del primer ministro de Hait\u00ed, Ariel Henry, a decretar Estado de Emergencia.<\/p>\n\n\n\n<p>Este toque de queda \u2013que inicialmente estar\u00e1 en vigor los d\u00edas 4, 5 y 6 del mes en curso- puede ser renovable y ser\u00e1 aplicado en el departamento Oeste, precis\u00f3 un comunicado de prensa del Gobierno.<\/p>\n\n\n\n<p>La Polic\u00eda Nacional de Hait\u00ed fue instruida de utilizar todos los medios legales a su disposici\u00f3n para hacerlo cumplir y detener a todos los infractores.<\/p>\n\n\n\n<p>Tras una fuga masiva en la mayor penitenciar\u00eda de Hait\u00ed, solo 99 reos respondieron presente al pase de lista.<\/p>\n\n\n\n<p>De un total de tres mil 696, lo que supone algo m\u00e1s del 97 por ciento, tres mil 597 salieron por la puerta del penal, luego de un ataque coordinado de pandillas contra ese recinto.<\/p>\n\n\n\n<p>Previo al asalto, los bandidos vigilaban la prisi\u00f3n con un dron, y una vez obtenida la informaci\u00f3n requerida iniciaron la escaramuza con pistolas y ametralladoras semiautom\u00e1ticas contra los agentes de servicio.<\/p>\n\n\n\n<p>A las fuerzas policiales les fue imposible repeler el ataque perpetrado el s\u00e1bado y se vieron obligados a abandonar el lugar ante el n\u00famero y la potencia de fuego de sus adversarios.<\/p>\n\n\n\n<p>Videos que circularon por las redes muestran el regreso triunfal de algunos jefes de bandas a sus reductos, donde ser\u00e1 bien dif\u00edcil ir a detenerlos.<\/p>\n\n\n\n<p>En la penitenciar\u00eda nacional hab\u00eda cerca de cuatro mil presos, entre ellos los 18 colombianos acusados del complot para asesinar al presidente Jovenel Moise (1968-2021).<\/p>\n\n\n\n<p>El jefe de seguridad del Palacio Nacional Dimitri H\u00e9rard y el coordinador de seguridad de Moise, Jean Laguel Civil, tambi\u00e9n estaban confinados en esa prisi\u00f3n.<\/p>\n\n\n\n<p>Esta acci\u00f3n -que prueba hasta qu\u00e9 punto pueden llegar las pandillas- fue perpetrada a unos cientos de metros del Campo de Marte, donde se encuentran el Palacio Nacional, la comisar\u00eda de Polic\u00eda de Puerto Pr\u00edncipe y una unidad antidisturbios.<\/p>\n\n\n\n<p>La fuga masiva se detuvo cuando llegaron al lugar dos veh\u00edculos blindados de la Polic\u00eda Nacional de Hait\u00ed.<\/p>\n\n\n\n<p>npg\/joe<\/p>\n","protected":false},"excerpt":{"rendered":"<p>diariodominicano.com Puerto Pr\u00edncipe, 4 mar (Prensa Latina) La embajada de M\u00e9xico en Hait\u00ed ces\u00f3 hoy de manera temporal sus funciones en el pa\u00eds caribe\u00f1o, donde rige el Estado de Emergencia debido al deterioro de los niveles de seguridad. En un escueto mensaje, la misi\u00f3n diplom\u00e1tica llam\u00f3 a sus compatriotas a evitar viajes no esenciales y [&hellip;]<\/p>\n","protected":false},"author":5,"featured_media":512409,"comment_status":"closed","ping_status":"","sticky":true,"template":"","format":"standard","meta":{"footnotes":""},"categories":[112,23,27],"tags":[],"class_list":["post-512408","post","type-post","status-publish","format-standard","has-post-thumbnail","hentry","category-haiti","category-internacional","category-portada"],"_links":{"self":[{"href":"https:\/\/diariodominicano.com\/index.php?rest_route=\/wp\/v2\/posts\/512408","targetHints":{"allow":["GET"]}}],"collection":[{"href":"https:\/\/diariodominicano.com\/index.php?rest_route=\/wp\/v2\/posts"}],"about":[{"href":"https:\/\/diariodominicano.com\/index.php?rest_route=\/wp\/v2\/types\/post"}],"author":[{"embeddable":true,"href":"https:\/\/diariodominicano.com\/index.php?rest_route=\/wp\/v2\/users\/5"}],"replies":[{"embeddable":true,"href":"https:\/\/diariodominicano.com\/index.php?rest_route=%2Fwp%2Fv2%2Fcomments&post=512408"}],"version-history":[{"count":1,"href":"https:\/\/diariodominicano.com\/index.php?rest_route=\/wp\/v2\/posts\/512408\/revisions"}],"predecessor-version":[{"id":512410,"href":"https:\/\/diariodominicano.com\/index.php?rest_route=\/wp\/v2\/posts\/512408\/revisions\/512410"}],"wp:featuredmedia":[{"embeddable":true,"href":"https:\/\/diariodominicano.com\/index.php?rest_route=\/wp\/v2\/media\/512409"}],"wp:attachment":[{"href":"https:\/\/diariodominicano.com\/index.php?rest_route=%2Fwp%2Fv2%2Fmedia&parent=512408"}],"wp:term":[{"taxonomy":"category","embeddable":true,"href":"https:\/\/diariodominicano.com\/index.php?rest_route=%2Fwp%2Fv2%2Fcategories&post=512408"},{"taxonomy":"post_tag","embeddable":true,"href":"https:\/\/diariodominicano.com\/index.php?rest_route=%2Fwp%2Fv2%2Ftags&post=512408"}],"curies":[{"name":"wp","href":"https:\/\/api.w.org\/{rel}","templated":true}]}}