{"id":51240,"date":"2020-07-26T19:13:13","date_gmt":"2020-07-26T19:13:13","guid":{"rendered":"http:\/\/diariodominicano.ddns.net\/?p=51240"},"modified":"2020-07-26T19:13:13","modified_gmt":"2020-07-26T19:13:13","slug":"santiago-de-cuba-por-las-sendas-gloriosas-del-26-de-julio-de-1953","status":"publish","type":"post","link":"https:\/\/diariodominicano.com\/?p=51240","title":{"rendered":"Santiago de Cuba, por las sendas gloriosas del 26 de julio de 1953"},"content":{"rendered":"<p><body><\/p>\n<p><img decoding=\"async\" src=\"img3\/stgo-sta-ifigenia.jpg\" \/><br \/><img decoding=\"async\" src=\"img3\/stgo-fidel-GloriaCuadras.jpg\" \/><br \/><img decoding=\"async\" src=\"img3\/stgo-fidel-moncada.jpg\" \/>  <\/p>\n<p><strong>Santiago de Cuba, por las sendas gloriosas del 26 de julio de 1953<\/strong><\/p>\n<p><strong> <\/strong><\/p>\n<p><strong>Por Marta Cabrales *<\/strong><\/p>\n<p><strong>Santiago de Cuba (Prensa Latina) <\/strong>Los sepulcros que guardan los restos de los m\u00e1rtires del asalto al Cuartel Moncada el 26 de julio de 1953, en el cementerio patrimonial de Santa Ifigenia, son la huella humana m\u00e1s visible y dolorosa de aquella gesta protagonizada por j\u00f3venes al mando de Fidel Castro.<\/p>\n<\/p>\n<p>Un sentido testimonio de la combatiente clandestina Gloria Cuadras evoca la barbarie con que fueron tratados los cuerpos sin vida de los atacantes, a los que sepultaron sin ning\u00fan recato en nueve fosas comunes y sin ser apenas identificados. Solo la devoci\u00f3n patri\u00f3tica de ella, de su esposo Amaro Iglesias y otros revolucionarios santiagueros impidi\u00f3 que se consumara la atrocidad.<\/p>\n<\/p>\n<p>Enfrentando la represi\u00f3n despiadada que se desat\u00f3 tras el ataque, ellos lograron rescatar las sepulturas y colocar cruces de madera con los nombres que les daban al menos un viso de dignidad. Al enterarse del gesto, fueron varias las familias de los ca\u00eddos que lo agradecieron por siempre.<\/p>\n<\/p>\n<p>En simb\u00f3lica conjunci\u00f3n, el monumento erigido despu\u00e9s del triunfo de la Revoluci\u00f3n a &#8216;los muchachos del Moncada&#8217; se ubica en las inmediaciones, tambi\u00e9n, del Mausoleo a Jos\u00e9 Mart\u00ed, declarado como el autor intelectual de la gesta en la que ellos ofrendaron la plenitud de sus existencias.<\/p>\n<\/p>\n<p>Las trazas heroicas del intento armado por tomar la segunda fortaleza militar del pa\u00eds trascienden al propio enclave castrense y se extienden a varios lugares que recuerdan los sitios de hospedaje, los preparativos, de refugio ante el acoso de los soldados, del encarcelamiento y las acciones judiciales que le sucedieron.<\/p>\n<\/p>\n<\/p>\n<p>LOS KIL\u00d3METROS PARA LA INMORTALIDAD<\/p>\n<\/p>\n<p>Alrededor de 14 kil\u00f3metros separan al actual Museo Granjita Siboney, en la carretera desde esta ciudad hasta la playa hom\u00f3nima, del antiguo Cuartel Moncada, a su vez tambi\u00e9n devenido muestrario hist\u00f3rico del acontecimiento y sede de la ciudad escolar nombrada con la fecha.<\/p>\n<\/p>\n<p>Con su aspecto buc\u00f3lico y sereno y la fachada de que estaba dedicada a la cr\u00eda de pollos, la peque\u00f1a hacienda sirvi\u00f3 de campamento a los futuros atacantes, quienes salieron de all\u00ed en las horas oscuras de la madrugada dispuestos a jugarse &#8216;el todo por el todo&#8217;.<\/p>\n<\/p>\n<p>Consagrados a la memoria de los j\u00f3venes asaltantes fueron construidos a ambos lados de la v\u00eda, en el mismo trayecto que siguieron entonces, modestos monumentos, varios de ellos situados en las numerosas elevaciones que caracterizan la topograf\u00eda de las estribaciones de la exuberante cordillera de la Gran Piedra.<\/p>\n<\/p>\n<p>Alrededor de la enorme fortaleza, el Palacio de Justicia y el otrora Hospital Civil Saturnino Lora componen los otros dos objetivos principales de aquel d\u00eda: el primero mantiene sus funciones primigenias y en las estructuras remanentes del nosocomio funciona el parque-museo Abel Santamar\u00eda, nombre del segundo jefe de la acci\u00f3n.<\/p>\n<\/p>\n<p>M\u00e1s all\u00e1 de esos sitios sagrados, el antiguo Vivac Municipal, la c\u00e1rcel situada en el coraz\u00f3n de la ciudad, evoca la presencia de Fidel Castro all\u00ed tras ser arrestado en el vara en tierra del lomer\u00edo, una operaci\u00f3n de la que sali\u00f3 con vida gracias a la nobleza del teniente Pedro Sarr\u00eda Tartabull.<\/p>\n<\/p>\n<p>Hasta ese punto intrincado hab\u00eda llegado en el af\u00e1n de sortear la b\u00fasqueda sin tregua del ej\u00e9rcito del dictador Batista.<\/p>\n<\/p>\n<p>De aquellos momentos en la penitenciar\u00eda, una instant\u00e1nea del fot\u00f3grafo santiaguero Ernesto Oca\u00f1a fij\u00f3 para siempre el rostro del joven jurista, recortado con la del H\u00e9roe Nacional detr\u00e1s, como una de las m\u00e1s reveladoras e impactantes de la historia de Cuba.<\/p>\n<\/p>\n<p>El juicio por los sucesos del Moncada comenz\u00f3 el 21 de septiembre en el mismo Palacio de Justicia que trataron de tomar los atacantes, en medio del tenso ambiente que sigui\u00f3 al 26 de julio. Gloria Cuadras, uno de los pocos y excepcionales asistentes, evoc\u00f3 como una falta de respeto a la legalidad y al tribunal que hubiera esposas en las manos de los acusados.<\/p>\n<\/p>\n<p>Los aplausos de algunos de los presentes que acogieron la respuesta del l\u00edder de la acci\u00f3n, quien asumi\u00f3 su defensa como abogado, al proclamar a Jos\u00e9 Mart\u00ed como el autor intelectual de la osad\u00eda, fue para ella uno de los recuerdos imborrables de esas jornadas.<\/p>\n<\/p>\n<p>Ante una estratagema del r\u00e9gimen que intent\u00f3 excluirlo de las sesiones aduciendo falsamente que estaba enfermo, fueron pospuestas y trasladadas para la salita de enfermeras del hospital Saturnino Lora las correspondientes al m\u00e1ximo responsable de la acci\u00f3n.<\/p>\n<\/p>\n<p>De esta manera, aislando a Fidel Castro, pretendieron acallarlo: el 16 de octubre pronunci\u00f3 en aquel espacio min\u00fasculo y ante un reducido grupo de personas el alegato de autodefensa en el que traz\u00f3 el terrible panorama econ\u00f3mico y social de la naci\u00f3n y la urgencia de transformarlo. La frase pronunciada entonces fue el aldabonazo que todav\u00eda se escucha: Condenadme, no importa, la historia me absolver\u00e1.<\/p>\n<\/p>\n<p>arb\/ool\/mc<\/p>\n<h6> 2020-07-26 19:13:13 <\/h6>\n<p><!--\n<link rel=\"stylesheet\" href=\"css\/bootstrap.min.css\">\n\n\n<ul class=\"pagination\">\n\t    \n\t\n\n<li >\n\t<a href='?page_no=369'>Previous<\/a>\n\t<\/li>\n\n\n       \n    \n\n<li><a href='?page_no=1'>1<\/a><\/li>\n\n\n\n<li><a href='?page_no=2'>2<\/a><\/li>\n\n\n\n<li><a>...<\/a><\/li>\n\n\n\n<li><a href='?page_no=368'>368<\/a><\/li>\n\n\n\n<li><a href='?page_no=369'>369<\/a><\/li>\n\n\n\n<li class='active'><a>370<\/a><\/li>\n\n\n\n<li><a href='?page_no=371'>371<\/a><\/li>\n\n\n\n<li><a href='?page_no=372'>372<\/a><\/li>\n\n\n\n<li><a>...<\/a><\/li>\n\n\n\n<li><a href='?page_no=22911'>22911<\/a><\/li>\n\n\n\n<li><a href='?page_no=22912'>22912<\/a><\/li>\n\n    \n\t\n\n<li >\n\t<a href='?page_no=371'>Next<\/a>\n\t<\/li>\n\n\n    \n\n<li><a href='?page_no=22912'>Last &rsaquo;&rsaquo;<\/a><\/li>\n\n<\/ul>\n\n\n--><br \/>\n<\/body><\/p>\n","protected":false},"excerpt":{"rendered":"<p>Santiago de Cuba, por las sendas gloriosas del 26 de julio de 1953 Por Marta Cabrales * Santiago de Cuba (Prensa Latina) Los sepulcros que guardan los restos de los m\u00e1rtires del asalto al Cuartel Moncada el 26 de julio de 1953, en el cementerio patrimonial de Santa Ifigenia, son la huella humana m\u00e1s visible [&hellip;]<\/p>\n","protected":false},"author":3,"featured_media":0,"comment_status":"open","ping_status":"open","sticky":false,"template":"","format":"standard","meta":{"footnotes":""},"categories":[21],"tags":[],"class_list":["post-51240","post","type-post","status-publish","format-standard","hentry","category-cultura"],"_links":{"self":[{"href":"https:\/\/diariodominicano.com\/index.php?rest_route=\/wp\/v2\/posts\/51240","targetHints":{"allow":["GET"]}}],"collection":[{"href":"https:\/\/diariodominicano.com\/index.php?rest_route=\/wp\/v2\/posts"}],"about":[{"href":"https:\/\/diariodominicano.com\/index.php?rest_route=\/wp\/v2\/types\/post"}],"author":[{"embeddable":true,"href":"https:\/\/diariodominicano.com\/index.php?rest_route=\/wp\/v2\/users\/3"}],"replies":[{"embeddable":true,"href":"https:\/\/diariodominicano.com\/index.php?rest_route=%2Fwp%2Fv2%2Fcomments&post=51240"}],"version-history":[{"count":0,"href":"https:\/\/diariodominicano.com\/index.php?rest_route=\/wp\/v2\/posts\/51240\/revisions"}],"wp:attachment":[{"href":"https:\/\/diariodominicano.com\/index.php?rest_route=%2Fwp%2Fv2%2Fmedia&parent=51240"}],"wp:term":[{"taxonomy":"category","embeddable":true,"href":"https:\/\/diariodominicano.com\/index.php?rest_route=%2Fwp%2Fv2%2Fcategories&post=51240"},{"taxonomy":"post_tag","embeddable":true,"href":"https:\/\/diariodominicano.com\/index.php?rest_route=%2Fwp%2Fv2%2Ftags&post=51240"}],"curies":[{"name":"wp","href":"https:\/\/api.w.org\/{rel}","templated":true}]}}