{"id":512393,"date":"2024-03-04T20:55:31","date_gmt":"2024-03-05T00:55:31","guid":{"rendered":"https:\/\/diariodominicano.com\/?p=512393"},"modified":"2024-03-04T20:55:31","modified_gmt":"2024-03-05T00:55:31","slug":"presidente-abinader-destaca-que-embarazos-en-adolescentes-disminuyeron-9000-casos-menos-en-2023-respecto-al-2019","status":"publish","type":"post","link":"https:\/\/diariodominicano.com\/?p=512393","title":{"rendered":"Presidente Abinader destaca que embarazos en adolescentes disminuyeron 9,000 casos menos en 2023, respecto al 2019"},"content":{"rendered":"\n<p>diariodominicano.com<\/p>\n\n\n\n<p>Santo Domingo, R. D.,\u20024 de marzo, 2024.-\u00a0<strong>El presidente Luis Abinader\u00a0<\/strong>resalt\u00f3 este lunes los logros alcanzados por el Gobierno,\u00a0<strong>con respecto a la mujer<\/strong>, destacando que los\u00a0<strong>embarazos en adolescentes<\/strong>\u00a0pasaron de 32,061 en el a\u00f1o 2019 a\u00a0<strong>23,070 en el a\u00f1o 2023.<\/strong><\/p>\n\n\n\n<p>De igual modo, resalt\u00f3 que las exportaciones de&nbsp;<strong>empresas lideradas por mujeres<\/strong>&nbsp;desde el 2020 al 2023 superaron&nbsp;<strong>m\u00e1s de 7,295 millones de d\u00f3lares.<\/strong><\/p>\n\n\n\n<p>Estas declaraciones las ofreci\u00f3 el jefe de Estado durante&nbsp;<strong>LA Semanal<\/strong>, celebrada en el Sal\u00f3n Las Cari\u00e1tides del&nbsp;<strong>Palacio Nacional.<\/strong><\/p>\n\n\n\n<p><strong>Ministerio de la Mujer<\/strong><\/p>\n\n\n\n<p>En cuanto a la labor de&nbsp;<strong>prevenci\u00f3n y atenci\u00f3n<\/strong>&nbsp;a la violencia, inform\u00f3 que el&nbsp;<strong>Ministerio de la Mujer<\/strong>&nbsp;ha llegado a&nbsp;<strong>390,733 viviendas<\/strong>&nbsp;con jornadas&nbsp;<strong>\u00abPuerta a Puerta\u00bb,&nbsp;<\/strong>para promover una&nbsp;<strong>vida libre de violencia<\/strong>&nbsp;en todo el pa\u00eds. Como resultado,&nbsp;<strong>2,881,261 personas<\/strong>&nbsp;han sido&nbsp;<strong>orientadas y sensibilizadas<\/strong>, siendo el&nbsp;<strong>43 %<\/strong>&nbsp;hombres y el&nbsp;<strong>57 %<\/strong>&nbsp;mujeres.&nbsp;<\/p>\n\n\n\n<p><strong>Casas de acogida<\/strong><\/p>\n\n\n\n<p>Respecto al incremento en capacidad de respuesta, el jefe de Estado mencion\u00f3 que&nbsp;<strong>5,065 mujeres<\/strong>&nbsp;y sus dependientes fueron protegidas en&nbsp;<strong>casas de acogida<\/strong>, las cuales han&nbsp;<strong>aumentado de 3 a 17&nbsp;<\/strong>durante su gesti\u00f3n, incluyendo una especializada en tr\u00e1fico y trata, otra en embarazo de adolescentes y un centro nacional con capacidad para&nbsp;<strong>200 mujeres<\/strong>&nbsp;y sus familias.<\/p>\n\n\n\n<p><strong>Programa de apoyo econ\u00f3mico y atenci\u00f3n a la di\u00e1spora<\/strong><\/p>\n\n\n\n<p>En cuanto a acciones espec\u00edficas para mujeres afectadas, el presidente anunci\u00f3 que&nbsp;<strong>por primera vez<\/strong>&nbsp;se estableci\u00f3 un programa de apoyo econ\u00f3mico de&nbsp;<strong>RD 10,000<\/strong>&nbsp;mensuales para mujeres en condiciones de riesgo, as\u00ed como un programa de&nbsp;<strong>atenci\u00f3n a la di\u00e1spora<\/strong>, brindando servicios de atenci\u00f3n telef\u00f3nica para asistencia&nbsp;<strong>psicol\u00f3gica y legal.<\/strong><\/p>\n\n\n<div class=\"wp-block-image\">\n<figure class=\"alignleft is-resized\"><img decoding=\"async\" src=\"https:\/\/presidencia.gob.do\/sites\/default\/files\/inline-images\/WhatsApp%20Image%202024-03-04%20at%207.49.22%20PM.jpeg\" alt=\"\" style=\"width:365px;height:auto\"\/><\/figure>\n<\/div>\n\n\n<p><strong>La l\u00ednea de emergencia *212<\/strong><\/p>\n\n\n\n<p>La&nbsp;<strong>l\u00ednea de emergencia *212<\/strong>&nbsp;se ha extendido a todas las provincias del pa\u00eds, con un total de&nbsp;<strong>28,166<\/strong>&nbsp;atenciones,&nbsp;<strong>468&nbsp;<\/strong>rescates,&nbsp;<strong>236,322<\/strong>&nbsp;atenciones legales y&nbsp;<strong>102,849<\/strong>&nbsp;consultas psicol\u00f3gicas ofrecidas&nbsp;<strong>hasta 2023.&nbsp;<\/strong><\/p>\n\n\n\n<p><strong>Bono Mujer y la Escuela Nacional de la Igualdad<\/strong><\/p>\n\n\n\n<p>Adem\u00e1s, se ha invertido&nbsp;<strong>RD 24,495,00<\/strong>&nbsp;en el Bono Mujer, para facilitar el acceso a la vivienda.<\/p>\n\n\n\n<p>Igualmente, el jefe de Estado anunci\u00f3 la apertura de la&nbsp;<strong>Escuela Nacional de la Igualdad,<\/strong>&nbsp;en honor a la activista&nbsp;<strong>Magaly Pineda.&nbsp;<\/strong><\/p>\n\n\n\n<p><strong>Pro Dominicana&nbsp;<\/strong><\/p>\n\n\n\n<p>Destac\u00f3 los logros de&nbsp;<strong>Pro Dominicana<\/strong>&nbsp;en el sector empresarial, con&nbsp;<strong>12 reconocimientos<\/strong>&nbsp;a empresas lideradas por<strong>&nbsp;mujeres exportadoras<\/strong>&nbsp;y un total de&nbsp;<strong>7,295 millones<\/strong>&nbsp;de exportaciones durante&nbsp;<strong>2020-2023<\/strong>.<\/p>\n\n\n\n<p>En cuanto a indicadores sociales, el \u00edndice de pobreza extrema en hogares liderados por mujeres ha alcanzado un&nbsp;<strong>r\u00e9cord m\u00ednimo<\/strong>&nbsp;de 2.41 en 2023.&nbsp;<\/p>\n\n\n\n<p><strong>Industria y Comercio<\/strong><\/p>\n\n\n\n<p>El presidente tambi\u00e9n habl\u00f3 sobre la certificaci\u00f3n&nbsp;<strong>Mipymes Mujer<\/strong>, con acceso a licitaciones exclusivas y otros incentivos, y mencion\u00f3 que el&nbsp;<strong>53 % del empleo<\/strong>&nbsp;en zonas francas corresponde a mujeres, as\u00ed como el&nbsp;<strong>61.4 %<\/strong>&nbsp;de la cartera de pr\u00e9stamos en&nbsp;<strong>Promipyme.<\/strong><\/p>\n\n\n\n<p><strong>Sup\u00e9rate<\/strong><\/p>\n\n\n\n<p>El programa&nbsp;<strong>Mujeres Super Emprendedoras,<\/strong>&nbsp;a trav\u00e9s de Sup\u00e9rate, ha llevado&nbsp;<strong>964 proyectos<\/strong>&nbsp;liderados por mujeres, con&nbsp;<strong>acompa\u00f1amiento y capacitaciones socioeducativas<\/strong>&nbsp;para mujeres que aspiran iniciar un&nbsp;<strong>microemprendimiento<\/strong>, para mejorar su condici\u00f3n de vida.<\/p>\n\n\n\n<p><strong>Gabinete de Adolescencia y Ni\u00f1ez de la Primera Dama<\/strong><\/p>\n\n\n\n<p>La&nbsp;<strong>Oficina de la Primera Dama<\/strong>&nbsp;ha registrado un&nbsp;<strong>aumento del 72 %<\/strong>&nbsp;en llamadas al centro de contacto&nbsp;<strong>\u00abCuida tu salud mental\u00bb<\/strong>&nbsp;y m\u00e1s de 355 jornadas de&nbsp;<strong>detecci\u00f3n oportuna<\/strong>&nbsp;de c\u00e1nceres de mama y cervicouterino, concienciando a m\u00e1s de&nbsp;<strong>53,000 mujeres<\/strong>&nbsp;en prevenci\u00f3n oportuna.&nbsp;<\/p>\n\n\n\n<p>Adem\u00e1s, ha habido una\u00a0<strong>disminuci\u00f3n significativa<\/strong>\u00a0en los embarazos en adolescentes, pasando de\u00a0<strong>32,061\u00a0<\/strong>en 2019 a\u00a0<strong>23,070 en 2023.<\/strong><\/p>\n\n\n\n<p>Fuente: Direcci\u00f3n de Estrategia y Comunicaci\u00f3n<\/p>\n\n\n\n<p>Ministerio Administrativo de la Presidencia de la Rep\u00fablica Dominicana<\/p>\n","protected":false},"excerpt":{"rendered":"<p>diariodominicano.com Santo Domingo, R. D.,\u20024 de marzo, 2024.-\u00a0El presidente Luis Abinader\u00a0resalt\u00f3 este lunes los logros alcanzados por el Gobierno,\u00a0con respecto a la mujer, destacando que los\u00a0embarazos en adolescentes\u00a0pasaron de 32,061 en el a\u00f1o 2019 a\u00a023,070 en el a\u00f1o 2023. De igual modo, resalt\u00f3 que las exportaciones de&nbsp;empresas lideradas por mujeres&nbsp;desde el 2020 al 2023 superaron&nbsp;m\u00e1s [&hellip;]<\/p>\n","protected":false},"author":5,"featured_media":512394,"comment_status":"closed","ping_status":"","sticky":true,"template":"","format":"standard","meta":{"footnotes":""},"categories":[20,27],"tags":[],"class_list":["post-512393","post","type-post","status-publish","format-standard","has-post-thumbnail","hentry","category-dominicana-hoy","category-portada"],"_links":{"self":[{"href":"https:\/\/diariodominicano.com\/index.php?rest_route=\/wp\/v2\/posts\/512393","targetHints":{"allow":["GET"]}}],"collection":[{"href":"https:\/\/diariodominicano.com\/index.php?rest_route=\/wp\/v2\/posts"}],"about":[{"href":"https:\/\/diariodominicano.com\/index.php?rest_route=\/wp\/v2\/types\/post"}],"author":[{"embeddable":true,"href":"https:\/\/diariodominicano.com\/index.php?rest_route=\/wp\/v2\/users\/5"}],"replies":[{"embeddable":true,"href":"https:\/\/diariodominicano.com\/index.php?rest_route=%2Fwp%2Fv2%2Fcomments&post=512393"}],"version-history":[{"count":1,"href":"https:\/\/diariodominicano.com\/index.php?rest_route=\/wp\/v2\/posts\/512393\/revisions"}],"predecessor-version":[{"id":512395,"href":"https:\/\/diariodominicano.com\/index.php?rest_route=\/wp\/v2\/posts\/512393\/revisions\/512395"}],"wp:featuredmedia":[{"embeddable":true,"href":"https:\/\/diariodominicano.com\/index.php?rest_route=\/wp\/v2\/media\/512394"}],"wp:attachment":[{"href":"https:\/\/diariodominicano.com\/index.php?rest_route=%2Fwp%2Fv2%2Fmedia&parent=512393"}],"wp:term":[{"taxonomy":"category","embeddable":true,"href":"https:\/\/diariodominicano.com\/index.php?rest_route=%2Fwp%2Fv2%2Fcategories&post=512393"},{"taxonomy":"post_tag","embeddable":true,"href":"https:\/\/diariodominicano.com\/index.php?rest_route=%2Fwp%2Fv2%2Ftags&post=512393"}],"curies":[{"name":"wp","href":"https:\/\/api.w.org\/{rel}","templated":true}]}}