{"id":512380,"date":"2024-03-04T16:09:13","date_gmt":"2024-03-04T20:09:13","guid":{"rendered":"https:\/\/diariodominicano.com\/?p=512380"},"modified":"2024-03-04T17:42:29","modified_gmt":"2024-03-04T21:42:29","slug":"universidad-dominico-americano-conmemora-independencia-nacional-dominicana-con-presentacion-de-obra-teatral-grito-de-independencia","status":"publish","type":"post","link":"https:\/\/diariodominicano.com\/?p=512380","title":{"rendered":"Universidad Dom\u00ednico Americano conmemora Independencia Nacional Dominicana con presentaci\u00f3n de obra teatral \u201cGrito de Independencia\u201d"},"content":{"rendered":"\n<p>\u00b7&nbsp;&nbsp;&nbsp;&nbsp;&nbsp;&nbsp;&nbsp;<em>Cuenta con la direcci\u00f3n de la pedagoga Wendy Queliz y la producci\u00f3n general de la UNICDA.<\/em><\/p>\n\n\n\n<p><strong><em>Santo Domingo, marzo 2024<\/em><\/strong>.&nbsp;Como parte de las actividades para conmemorar el 180 aniversario de la Independencia Nacional de la Rep\u00fablica Dominicana, la Universidad Dom\u00ednico Americano (UNICDA) present\u00f3 la obra \u201cGrito de Independencia\u201d, bajo la direcci\u00f3n de la pedagoga y directora teatral Wendy Queliz.<\/p>\n\n\n\n<p>La puesta en escena, presentada en el Auditorio Patrick N. Hughson del Instituto Cultural Dom\u00ednico Americano, aborda el proceso de la gesta independentista en la b\u00fasqueda de la soberan\u00eda y la libertad de la Rep\u00fablica Dominicana. La misma cuenta con la producci\u00f3n general de la UNICDA y un elenco integrado por estudiantes de diversas carreras de la casa de altos estudios.&nbsp;<\/p>\n\n\n\n<figure class=\"wp-block-image size-large\"><img loading=\"lazy\" decoding=\"async\" width=\"1024\" height=\"682\" src=\"https:\/\/diariodominicano.com\/wp-content\/uploads\/2024\/03\/Universidad-Dominico-Americano-conmemora-Independencia-Nacional-Dominicana-con-presentacion-de-obra-teatral-Grito-de-Independencia-1024x682.jpeg\" alt=\"\" class=\"wp-image-512382\" srcset=\"https:\/\/diariodominicano.com\/wp-content\/uploads\/2024\/03\/Universidad-Dominico-Americano-conmemora-Independencia-Nacional-Dominicana-con-presentacion-de-obra-teatral-Grito-de-Independencia-1024x682.jpeg 1024w, https:\/\/diariodominicano.com\/wp-content\/uploads\/2024\/03\/Universidad-Dominico-Americano-conmemora-Independencia-Nacional-Dominicana-con-presentacion-de-obra-teatral-Grito-de-Independencia-300x200.jpeg 300w, https:\/\/diariodominicano.com\/wp-content\/uploads\/2024\/03\/Universidad-Dominico-Americano-conmemora-Independencia-Nacional-Dominicana-con-presentacion-de-obra-teatral-Grito-de-Independencia-768x512.jpeg 768w, https:\/\/diariodominicano.com\/wp-content\/uploads\/2024\/03\/Universidad-Dominico-Americano-conmemora-Independencia-Nacional-Dominicana-con-presentacion-de-obra-teatral-Grito-de-Independencia-1536x1023.jpeg 1536w, https:\/\/diariodominicano.com\/wp-content\/uploads\/2024\/03\/Universidad-Dominico-Americano-conmemora-Independencia-Nacional-Dominicana-con-presentacion-de-obra-teatral-Grito-de-Independencia-816x544.jpeg 816w, https:\/\/diariodominicano.com\/wp-content\/uploads\/2024\/03\/Universidad-Dominico-Americano-conmemora-Independencia-Nacional-Dominicana-con-presentacion-de-obra-teatral-Grito-de-Independencia.jpeg 1600w\" sizes=\"auto, (max-width: 1024px) 100vw, 1024px\" \/><\/figure>\n\n\n\n<p>Seg\u00fan explica su directora, \u201cGrito de Independencia\u201d narra el proceso hist\u00f3rico que dio lugar a la proclamaci\u00f3n de la independencia el 27 de febrero de 1844.<\/p>\n\n\n\n<p>\u201cCon esta pieza utilizamos el teatro como una herramienta para reflexionar sobre la importancia de la libertad y los ideales que llevaron a nuestros pr\u00f3ceres a luchar y sacrificar sus vidas. La obra invita al espectador a cuestionarse sobre su propia realidad y, a valorar y defender los derechos y libertades que hoy en d\u00eda gozamos. Es un llamado a la reflexi\u00f3n y a la acci\u00f3n, record\u00e1ndonos que la independencia es un proceso constante que no debe darse por sentado\u201d, explic\u00f3 Queliz.<\/p>\n\n\n\n<p>Esta obra abarca el momento hist\u00f3rico donde j\u00f3venes valientes conformaron la sociedad secreta La Trinitaria y lograron dar fin a la ocupaci\u00f3n haitiana, luego de que en la puerta de la Misericordia se dispar\u00f3 el trabucazo por el patricio Mat\u00edas Ram\u00f3n Mella. Adem\u00e1s, relata c\u00f3mo sucedi\u00f3 durante la madrugada del 27 de febrero de 1844, el izamiento de la bandera tricolor en la puerta del Conde por el patricio Francisco del Rosario S\u00e1nchez. Tanto Mella como S\u00e1nchez, fueron inspirados con los ideales fundamentales de Juan Pablo Duarte, el ide\u00f3logo y padre de la Patria.<\/p>\n\n\n\n<p>Esta presentaci\u00f3n se suma a los continuos esfuerzos de la Universidad Dom\u00ednico Americano (UNICDA) para reforzar su visi\u00f3n&nbsp;de ser una comunidad universitaria multicultural de excelencia en la formaci\u00f3n de ciudadanos globales que transforman la sociedad.&nbsp;<\/p>\n\n\n\n<p><strong>Sobre la&nbsp;<\/strong><strong>Universidad Dom\u00ednico Americano (UNICDA)<\/strong><\/p>\n\n\n\n<p>UNICDA es la universidad del Instituto Cultural Dom\u00ednico Americano (ICDA), aprobada como instituci\u00f3n de Educaci\u00f3n Superior mediante el Decreto No. 389-01 del Poder Ejecutivo emitido el 20 de marzo del a\u00f1o 2001.<\/p>\n\n\n\n<p>Ofrece programas de estudios de grado, postgrado. Asimismo, despliega&nbsp;un abarcador y actualizado programa de educaci\u00f3n continuada para brindar cursos de actualizaci\u00f3n profesional y entrenamientos sobre nuevos m\u00e9todos y t\u00e9cnicas para optimizar los resultados empresariales.<\/p>\n\n\n\n<p>Utiliza&nbsp;las metodolog\u00edas m\u00e1s avanzadas en el proceso ense\u00f1anza-aprendizaje; adem\u00e1s, recoge y aplica&nbsp;ideas innovadoras en cuanto al desarrollo del conocimiento de las ciencias y las tecnolog\u00edas. Asimismo,&nbsp;hace \u00e9nfasis&nbsp;en la calidad de la docencia, la administraci\u00f3n y el servicio a&nbsp;los&nbsp;estudiantes, al tiempo que le&nbsp;brinda&nbsp;acompa\u00f1amiento y atenci\u00f3n personalizada durante su recorrido acad\u00e9mico.<\/p>\n\n\n\n<p>Cuenta tambi\u00e9n con el Teacher Development Center, que tiene como misi\u00f3n formar docentes y gestores educativos de la Rep\u00fablica Dominicana y la regi\u00f3n, mediante programas innovadores y especializados que permitan el dominio de las habilidades requeridas para lograr un proceso ense\u00f1anza-aprendizaje efectivo.&#8211;<\/p>\n\n\n\n<p>Elizabeth Martinez<\/p>\n\n\n\n<p><a target=\"_blank\" href=\"mailto:elizabeth.martinez@caribbeanpn.com\" rel=\"noreferrer noopener\">elizabeth.martinez@caribbeanpn.c<\/a><\/p>\n\n\n\n<p><\/p>\n","protected":false},"excerpt":{"rendered":"<p>\u00b7&nbsp;&nbsp;&nbsp;&nbsp;&nbsp;&nbsp;&nbsp;Cuenta con la direcci\u00f3n de la pedagoga Wendy Queliz y la producci\u00f3n general de la UNICDA. Santo Domingo, marzo 2024.&nbsp;Como parte de las actividades para conmemorar el 180 aniversario de la Independencia Nacional de la Rep\u00fablica Dominicana, la Universidad Dom\u00ednico Americano (UNICDA) present\u00f3 la obra \u201cGrito de Independencia\u201d, bajo la direcci\u00f3n de la pedagoga y [&hellip;]<\/p>\n","protected":false},"author":28,"featured_media":512383,"comment_status":"closed","ping_status":"","sticky":true,"template":"","format":"standard","meta":{"footnotes":""},"categories":[21,36,26,27],"tags":[],"class_list":["post-512380","post","type-post","status-publish","format-standard","has-post-thumbnail","hentry","category-cultura","category-hombresmujeresycosas","category-efemerides","category-portada"],"_links":{"self":[{"href":"https:\/\/diariodominicano.com\/index.php?rest_route=\/wp\/v2\/posts\/512380","targetHints":{"allow":["GET"]}}],"collection":[{"href":"https:\/\/diariodominicano.com\/index.php?rest_route=\/wp\/v2\/posts"}],"about":[{"href":"https:\/\/diariodominicano.com\/index.php?rest_route=\/wp\/v2\/types\/post"}],"author":[{"embeddable":true,"href":"https:\/\/diariodominicano.com\/index.php?rest_route=\/wp\/v2\/users\/28"}],"replies":[{"embeddable":true,"href":"https:\/\/diariodominicano.com\/index.php?rest_route=%2Fwp%2Fv2%2Fcomments&post=512380"}],"version-history":[{"count":2,"href":"https:\/\/diariodominicano.com\/index.php?rest_route=\/wp\/v2\/posts\/512380\/revisions"}],"predecessor-version":[{"id":512386,"href":"https:\/\/diariodominicano.com\/index.php?rest_route=\/wp\/v2\/posts\/512380\/revisions\/512386"}],"wp:featuredmedia":[{"embeddable":true,"href":"https:\/\/diariodominicano.com\/index.php?rest_route=\/wp\/v2\/media\/512383"}],"wp:attachment":[{"href":"https:\/\/diariodominicano.com\/index.php?rest_route=%2Fwp%2Fv2%2Fmedia&parent=512380"}],"wp:term":[{"taxonomy":"category","embeddable":true,"href":"https:\/\/diariodominicano.com\/index.php?rest_route=%2Fwp%2Fv2%2Fcategories&post=512380"},{"taxonomy":"post_tag","embeddable":true,"href":"https:\/\/diariodominicano.com\/index.php?rest_route=%2Fwp%2Fv2%2Ftags&post=512380"}],"curies":[{"name":"wp","href":"https:\/\/api.w.org\/{rel}","templated":true}]}}