{"id":512320,"date":"2024-03-05T17:11:56","date_gmt":"2024-03-05T21:11:56","guid":{"rendered":"https:\/\/diariodominicano.com\/?p=512320"},"modified":"2024-03-05T17:46:27","modified_gmt":"2024-03-05T21:46:27","slug":"feda-desarrolla-sector-arrocero-de-miches-con-inversion-de-rd37-millones","status":"publish","type":"post","link":"https:\/\/diariodominicano.com\/?p=512320","title":{"rendered":"FEDA desarrolla sector arrocero de Miches con inversi\u00f3n de RD$37 millones"},"content":{"rendered":"\n<p>Hecmilio Galv\u00e1n inaugura cambio de matriz energ\u00e9tica de Factor\u00eda de Arroceros del Este.<\/p>\n\n\n\n<p>En un esfuerzo integral por fortalecer la producci\u00f3n arrocera en El Este, el Gobierno, a trav\u00e9s del Fondo Especial para el Desarrollo Agropecuario (FEDA), ha destinado m\u00e1s de 37 millones de pesos para apoyar a los m\u00e1s de 2,000 productores de arroz de la zona.<\/p>\n\n\n\n<p>La iniciativa inici\u00f3 con la inauguraci\u00f3n de la Matriz Energ\u00e9tica para la transici\u00f3n hacia energ\u00eda m\u00e1s sostenible mediante la paneles solares la Factor\u00eda de la Federaci\u00f3n de Arroceros del Este. Esta transformaci\u00f3n, con un costo de m\u00e1s de 5 millones de pesos, no s\u00f3lo revitaliza la infraestructura clave sino que tambi\u00e9n ofrece ahorros significativos en costos el\u00e9ctricos para mejorar la rentabilidad de la producci\u00f3n.<\/p>\n\n\n\n<p>Adem\u00e1s incluye la reconstrucci\u00f3n de la Factor\u00eda de Arroz de la Cooperativa Padre Larroche destruida por Fionna en La Gina, Miches, la cual est\u00e1 actualmente en proceso.<\/p>\n\n\n\n<figure class=\"wp-block-image size-large\"><img loading=\"lazy\" decoding=\"async\" width=\"1024\" height=\"683\" src=\"https:\/\/diariodominicano.com\/wp-content\/uploads\/2024\/03\/FEDA-desarrolla-sector-arrocero-Miches-con-inversion-de-RD37-millones-1024x683.jpeg\" alt=\"\" class=\"wp-image-512649\" srcset=\"https:\/\/diariodominicano.com\/wp-content\/uploads\/2024\/03\/FEDA-desarrolla-sector-arrocero-Miches-con-inversion-de-RD37-millones-1024x683.jpeg 1024w, https:\/\/diariodominicano.com\/wp-content\/uploads\/2024\/03\/FEDA-desarrolla-sector-arrocero-Miches-con-inversion-de-RD37-millones-300x200.jpeg 300w, https:\/\/diariodominicano.com\/wp-content\/uploads\/2024\/03\/FEDA-desarrolla-sector-arrocero-Miches-con-inversion-de-RD37-millones-768x512.jpeg 768w, https:\/\/diariodominicano.com\/wp-content\/uploads\/2024\/03\/FEDA-desarrolla-sector-arrocero-Miches-con-inversion-de-RD37-millones-1536x1024.jpeg 1536w, https:\/\/diariodominicano.com\/wp-content\/uploads\/2024\/03\/FEDA-desarrolla-sector-arrocero-Miches-con-inversion-de-RD37-millones-816x544.jpeg 816w, https:\/\/diariodominicano.com\/wp-content\/uploads\/2024\/03\/FEDA-desarrolla-sector-arrocero-Miches-con-inversion-de-RD37-millones.jpeg 1600w\" sizes=\"auto, (max-width: 1024px) 100vw, 1024px\" \/><\/figure>\n\n\n\n<p>Antes de esta intervenci\u00f3n, los productores pagaban m\u00e1s de un mill\u00f3n de pesos mensuales en electricidad. Con la adopci\u00f3n de energ\u00eda solar, este gasto se ha reducido a 160 mil pesos mensuales, marcando un hito importante en la eficiencia y sostenibilidad del sector.<\/p>\n\n\n\n<p>Hecmilio Galv\u00e1n director ejecutivo del Fondo Especial para el Desarrollo<\/p>\n\n\n\n<p>Agropecuario expres\u00f3 su orgullo al contribuir al progreso de La Gina,<\/p>\n\n\n\n<p>Miches, proyectando un aumento en el potencial tur\u00edstico de la regi\u00f3n debido a las inversiones gubernamentales y la disponibilidad de alimentos para el turismo. Adem\u00e1s, Galv\u00e1n supervis\u00f3 la reconstrucci\u00f3n de la cooperativa de arroz, destinando 33 millones de pesos para su recuperaci\u00f3n despu\u00e9s de los da\u00f1os causados por el hurac\u00e1n Fiona.<\/p>\n\n\n\n<p>Santiago Zorrilla, Senador por la provincia el Seibo, destac\u00f3 el compromiso con una energ\u00eda limpia y amigable con el medio ambiente, subrayando el respaldo continuo con pr\u00e9stamos, equipos y maquinarias para fortalecer la producci\u00f3n agr\u00edcola local. Zorrilla resalt\u00f3 la visi\u00f3n del presidente de llevar el desarrollo al campo, evitando la migraci\u00f3n hacia las ciudades.<\/p>\n\n\n\n<p>Domingo Mej\u00eda, presidente de la Factor\u00eda de Arroz, comparti\u00f3 que la transici\u00f3n a paneles solares ha reducido dr\u00e1sticamente los costos el\u00e9ctricos, generando un ahorro mensual significativo. La factor\u00eda, que anteriormente pagaba 1 mill\u00f3n 160 mil pesos, ahora abona solo 140 mil pesos mensuales por energ\u00eda el\u00e9ctrica, gracias a estos paneles que producen 13 mil voltios.<\/p>\n\n\n\n<p>La gobernadora provincial, Magaly Tabar, as\u00ed como tambi\u00e9n autoridades de la provincia y funcionarios del FEDA tambi\u00e9n estuvieron presentes en esta jornada de desarrollo, respaldando la visi\u00f3n de un pa\u00eds donde los dominicanos puedan vivir y trabajar en tranquilidad, impulsados por un fuerte apoyo a la producci\u00f3n agr\u00edcola local.<\/p>\n","protected":false},"excerpt":{"rendered":"<p>Hecmilio Galv\u00e1n inaugura cambio de matriz energ\u00e9tica de Factor\u00eda de Arroceros del Este. En un esfuerzo integral por fortalecer la producci\u00f3n arrocera en El Este, el Gobierno, a trav\u00e9s del Fondo Especial para el Desarrollo Agropecuario (FEDA), ha destinado m\u00e1s de 37 millones de pesos para apoyar a los m\u00e1s de 2,000 productores de arroz [&hellip;]<\/p>\n","protected":false},"author":7,"featured_media":512650,"comment_status":"closed","ping_status":"","sticky":true,"template":"","format":"standard","meta":{"footnotes":""},"categories":[20,27],"tags":[],"class_list":["post-512320","post","type-post","status-publish","format-standard","has-post-thumbnail","hentry","category-dominicana-hoy","category-portada"],"_links":{"self":[{"href":"https:\/\/diariodominicano.com\/index.php?rest_route=\/wp\/v2\/posts\/512320","targetHints":{"allow":["GET"]}}],"collection":[{"href":"https:\/\/diariodominicano.com\/index.php?rest_route=\/wp\/v2\/posts"}],"about":[{"href":"https:\/\/diariodominicano.com\/index.php?rest_route=\/wp\/v2\/types\/post"}],"author":[{"embeddable":true,"href":"https:\/\/diariodominicano.com\/index.php?rest_route=\/wp\/v2\/users\/7"}],"replies":[{"embeddable":true,"href":"https:\/\/diariodominicano.com\/index.php?rest_route=%2Fwp%2Fv2%2Fcomments&post=512320"}],"version-history":[{"count":2,"href":"https:\/\/diariodominicano.com\/index.php?rest_route=\/wp\/v2\/posts\/512320\/revisions"}],"predecessor-version":[{"id":512651,"href":"https:\/\/diariodominicano.com\/index.php?rest_route=\/wp\/v2\/posts\/512320\/revisions\/512651"}],"wp:featuredmedia":[{"embeddable":true,"href":"https:\/\/diariodominicano.com\/index.php?rest_route=\/wp\/v2\/media\/512650"}],"wp:attachment":[{"href":"https:\/\/diariodominicano.com\/index.php?rest_route=%2Fwp%2Fv2%2Fmedia&parent=512320"}],"wp:term":[{"taxonomy":"category","embeddable":true,"href":"https:\/\/diariodominicano.com\/index.php?rest_route=%2Fwp%2Fv2%2Fcategories&post=512320"},{"taxonomy":"post_tag","embeddable":true,"href":"https:\/\/diariodominicano.com\/index.php?rest_route=%2Fwp%2Fv2%2Ftags&post=512320"}],"curies":[{"name":"wp","href":"https:\/\/api.w.org\/{rel}","templated":true}]}}