{"id":51228,"date":"2020-07-27T01:05:37","date_gmt":"2020-07-27T01:05:37","guid":{"rendered":"http:\/\/diariodominicano.ddns.net\/?p=51228"},"modified":"2020-07-27T01:05:37","modified_gmt":"2020-07-27T01:05:37","slug":"gobierno-estadounidense-expresa-condolencias-por-el-asesinato-del-presidente-heureaux","status":"publish","type":"post","link":"https:\/\/diariodominicano.com\/?p=51228","title":{"rendered":"Gobierno estadounidense expresa condolencias por el asesinato del presidente Heureaux&#13;"},"content":{"rendered":"<p><body><\/p>\n<p><img decoding=\"async\" src=\"img3\/Ulises Lilis Heureaux 1.jpg\" \/>  <\/p>\n<p><strong><span class=\"text1noticias\">Diariodominicano.com<\/span><\/strong><\/p>\n<p><strong><span class=\"text1noticias\"> El mensaje del Presidente estadounidense fue el siguiente: \u00abSe\u00f1or Presidente de la Rep\u00fablica Dominicana. En nombre del pueblo americano y el m\u00edo propio, ofrezca a su excelencia y a la naci\u00f3n dominicana las m\u00e1s sinceras condolencias por la muerte del Presidente  Heureaux\u00bb.<\/span><\/strong><\/p>\n<p><strong><span class=\"text1noticias\">Por H\u00e9ctor Tineo Nolasco<\/span><\/strong><\/p>\n<p><strong><span class=\"text1noticias\">Diariodominicano.com<\/span><\/strong><\/p>\n<\/p>\n<p><strong>SANTO DOMINGO,  el 27 de julio de 1899<\/strong>, el Gobierno de Estados Unidos  del Presidente  William Mckinley, expres\u00f3 sus condolencias por el asesinato del dictador dominicano  Ulises ?Lil\u00eds- Heureaux.<\/p>\n<\/p>\n<p>      El mensaje del Presidente estadounidense fue el siguiente: \u00abSe\u00f1or Presidente de la Rep\u00fablica Dominicana. En nombre del pueblo americano y el m\u00edo propio, ofrezca a su excelencia y a la naci\u00f3n dominicana las m\u00e1s sinceras condolencias por la muerte del Presidente  Heureaux\u00bb.<\/p>\n<\/p>\n<p>   Heureaux fue asesinado en Moca,  el  26 de julio  de 1899, por los j\u00f3venes Jacobito de Lara y Ram\u00f3n C\u00e1ceres, quienes huyeron hacia la comunidad de Estancia Nueva, donde eran esperados por los dem\u00e1s complotados que encabezaba Horacio V\u00e1squez.<\/p>\n<\/p>\n<p>     El cad\u00e1ver de Lil\u00eds fue llevado a Santiago en la madrugada del 27 de julio  por una comisi\u00f3n que encabez\u00f3 el general Perico Pep\u00edn, Gobernador de Santiago.<\/p>\n<\/p>\n<p>     A las 7 de la ma\u00f1ana del d\u00eda 27 de julio, el ca\u00f1\u00f3n de la fortaleza San Luis, toc\u00f3 el duelo.<\/p>\n<\/p>\n<p>     El peri\u00f3dico List\u00edn Diario public\u00f3 en su edici\u00f3n del 27 de julio de 1899, una escueta nota sobre el acontecimiento:<\/p>\n<\/p>\n<p> \u00abSe dice de p\u00fablico, y es la versi\u00f3n m\u00e1s acentuada hasta ahora, que el general Heureaux, disponi\u00e9ndose a salir para Santiago de los Caballeros. Que hab\u00eda hecho salir, precedi\u00e9ndole, a su Estado Mayor, que en el instante de su muerte se hallaba socorriendo con una limosna a un pobre anciano que se acerc\u00f3 a la puerta de la casa de don Carlos M. Rojas, y en que se hospedara el general Heureaux, cuando de s\u00fabito y sin darse cuenta de ello por la violencia con que fue acometido, cay\u00f3 derribado por un balazo que dispar\u00f3 no se sabe qu\u00e9 persona y el cual (&#8230;) le hiri\u00f3 en la mitad del coraz\u00f3n\u00bb. (sic)<\/p>\n<\/p>\n<p>    Al producirse la muerte de Lil\u00eds, asumi\u00f3  la Presidencia de la Rep\u00fablica, Wenceslao Figuereo, uno de sus seguidores, quien desat\u00f3 una persecuci\u00f3n contra los conjurados y trat\u00f3 de quedarse en el poder, pero como las fuerzas lilisistas no ten\u00edan respaldo popular,  tuvo que renunciar,  y dar paso,  el 30 de agosto de 1899 a  la \u00abJunta Popular Gubernativa\u00bb.<\/p>\n<\/p>\n<p>    Lil\u00eds Heureaux se encontraba en la Presidencia de la Rep\u00fablica desde el a\u00f1o 1886. <\/p>\n<\/p>\n<p>En el momento de su muerte su administraci\u00f3n enfrentaba una crisis financiera. Hab\u00eda ido a Moca  como parte de un recorrido que inici\u00f3 el d\u00eda 21 de julio de 1899, para calmar a los hombres de negocio que estaban muy disgustados por los efectos de las emisiones inorg\u00e1nicas que hab\u00eda hecho el Gobierno.<\/p>\n<\/p>\n<p>    Heureaux  les  prometi\u00f3 a los comerciantes que estaba en \u00e1nimo de incinerar los billetes que hab\u00eda emitido para restaurar la confianza en su Gobierno. Su gira la comenz\u00f3 en S\u00e1nchez donde cumpli\u00f3 su promesa.<\/p>\n<\/p>\n<p> El 25 de julio quem\u00f3 4 mil pesos en La Vega y luego se traslad\u00f3 a Moca, donde en la noche  le ofrecieron  una recepci\u00f3n.<\/p>\n<\/p>\n<h6> 2020-07-27 01:05:37 <\/h6>\n<p><!--\n<link rel=\"stylesheet\" href=\"css\/bootstrap.min.css\">\n\n\n<ul class=\"pagination\">\n\t    \n\t\n\n<li >\n\t<a href='?page_no=368'>Previous<\/a>\n\t<\/li>\n\n\n       \n    \n\n<li><a href='?page_no=1'>1<\/a><\/li>\n\n\n\n<li><a href='?page_no=2'>2<\/a><\/li>\n\n\n\n<li><a>...<\/a><\/li>\n\n\n\n<li><a href='?page_no=367'>367<\/a><\/li>\n\n\n\n<li><a href='?page_no=368'>368<\/a><\/li>\n\n\n\n<li class='active'><a>369<\/a><\/li>\n\n\n\n<li><a href='?page_no=370'>370<\/a><\/li>\n\n\n\n<li><a href='?page_no=371'>371<\/a><\/li>\n\n\n\n<li><a>...<\/a><\/li>\n\n\n\n<li><a href='?page_no=22911'>22911<\/a><\/li>\n\n\n\n<li><a href='?page_no=22912'>22912<\/a><\/li>\n\n    \n\t\n\n<li >\n\t<a href='?page_no=370'>Next<\/a>\n\t<\/li>\n\n\n    \n\n<li><a href='?page_no=22912'>Last &rsaquo;&rsaquo;<\/a><\/li>\n\n<\/ul>\n\n\n--><br \/>\n<\/body><\/p>\n","protected":false},"excerpt":{"rendered":"<p>Diariodominicano.com El mensaje del Presidente estadounidense fue el siguiente: \u00abSe\u00f1or Presidente de la Rep\u00fablica Dominicana. En nombre del pueblo americano y el m\u00edo propio, ofrezca a su excelencia y a la naci\u00f3n dominicana las m\u00e1s sinceras condolencias por la muerte del Presidente Heureaux\u00bb. Por H\u00e9ctor Tineo Nolasco Diariodominicano.com SANTO DOMINGO, el 27 de julio de [&hellip;]<\/p>\n","protected":false},"author":3,"featured_media":0,"comment_status":"open","ping_status":"open","sticky":false,"template":"","format":"standard","meta":{"footnotes":""},"categories":[21],"tags":[],"class_list":["post-51228","post","type-post","status-publish","format-standard","hentry","category-cultura"],"_links":{"self":[{"href":"https:\/\/diariodominicano.com\/index.php?rest_route=\/wp\/v2\/posts\/51228","targetHints":{"allow":["GET"]}}],"collection":[{"href":"https:\/\/diariodominicano.com\/index.php?rest_route=\/wp\/v2\/posts"}],"about":[{"href":"https:\/\/diariodominicano.com\/index.php?rest_route=\/wp\/v2\/types\/post"}],"author":[{"embeddable":true,"href":"https:\/\/diariodominicano.com\/index.php?rest_route=\/wp\/v2\/users\/3"}],"replies":[{"embeddable":true,"href":"https:\/\/diariodominicano.com\/index.php?rest_route=%2Fwp%2Fv2%2Fcomments&post=51228"}],"version-history":[{"count":0,"href":"https:\/\/diariodominicano.com\/index.php?rest_route=\/wp\/v2\/posts\/51228\/revisions"}],"wp:attachment":[{"href":"https:\/\/diariodominicano.com\/index.php?rest_route=%2Fwp%2Fv2%2Fmedia&parent=51228"}],"wp:term":[{"taxonomy":"category","embeddable":true,"href":"https:\/\/diariodominicano.com\/index.php?rest_route=%2Fwp%2Fv2%2Fcategories&post=51228"},{"taxonomy":"post_tag","embeddable":true,"href":"https:\/\/diariodominicano.com\/index.php?rest_route=%2Fwp%2Fv2%2Ftags&post=51228"}],"curies":[{"name":"wp","href":"https:\/\/api.w.org\/{rel}","templated":true}]}}