{"id":512273,"date":"2024-03-04T00:39:48","date_gmt":"2024-03-04T04:39:48","guid":{"rendered":"https:\/\/diariodominicano.com\/?p=512273"},"modified":"2024-03-04T00:40:13","modified_gmt":"2024-03-04T04:40:13","slug":"vicepresidenta-raquel-pena-inaugura-destacamento-militar-y-supervisa-reconstruccion-de-factoria-federacion-agraria-en-yuna","status":"publish","type":"post","link":"https:\/\/diariodominicano.com\/?p=512273","title":{"rendered":"Vicepresidenta Raquel Pe\u00f1a inaugura destacamento militar y supervisa reconstrucci\u00f3n de factor\u00eda federaci\u00f3n agraria en Yuna"},"content":{"rendered":"\n<p>Duarte.- Con el objetivo de seguir&nbsp;<strong>modernizando el Ej\u00e9rcito Nacional<\/strong>&nbsp;y fortaleciendo el&nbsp;<strong>sector agropecuario<\/strong>&nbsp;del pa\u00eds, la&nbsp;<strong>vicepresidenta de la Rep\u00fablica, Raquel Pe\u00f1a<\/strong>, entreg\u00f3 el&nbsp;<strong>destacamento militar \u00abLa Restauraci\u00f3n\u00bb,&nbsp;<\/strong>en el Lim\u00f3n del Yuna, y supervis\u00f3 la instalaci\u00f3n de nuevas maquinarias que forman parte del proceso de reconstrucci\u00f3n de la&nbsp;<strong>factor\u00eda federaci\u00f3n agraria en el Bajo Yuna.<\/strong><\/p>\n\n\n\n<p>Durante el acto militar, el comandante general, ERD,&nbsp;<strong>mayor general Carlos Antonio Fern\u00e1ndez Onofre,<\/strong>&nbsp;indic\u00f3 que la antigua instalaci\u00f3n ten\u00eda capacidad para albergar a solo dos hombres y ahora tiene disponibilidad para una escuadra de&nbsp;<strong>11 personas<\/strong>.<\/p>\n\n\n\n<p>Esta intervenci\u00f3n estructural forma parte del&nbsp;<strong>eje estrat\u00e9gico del nordeste<\/strong>&nbsp;y desde all\u00ed se apoyar\u00e1 la&nbsp;<strong>seguridad ciudadana<\/strong>, el medio ambiente y a toda la poblaci\u00f3n en casos de desastres naturales, as\u00ed como otras&nbsp;<strong>operaciones militares<\/strong>&nbsp;en beneficio de la sociedad dominicana.<\/p>\n\n\n\n<p>La obra consta de 111 metros cuadrados de construcci\u00f3n y posee todas las comodidades para que los soldados puedan convivir de forma&nbsp;<strong>digna y decorosa<\/strong>.<\/p>\n\n\n\n<figure class=\"wp-block-image\"><img decoding=\"async\" src=\"https:\/\/www.presidencia.gob.do\/sites\/default\/files\/inline-images\/7fc3132a-5d4a-4674-8b50-740367abdb60.jpeg\" alt=\"\"\/><\/figure>\n\n\n\n<p><strong>Impulso agropecuario<\/strong><\/p>\n\n\n\n<p>Por otro lado, la vicepresidenta tambi\u00e9n visit\u00f3, junto al director del&nbsp;<strong>Instituto Agrario Dominicano<\/strong>&nbsp;(IAD), Francisco Guillermo Garc\u00eda, y el administrador del&nbsp;<strong>Banco Agr\u00edcola<\/strong>, Fernando Dur\u00e1n, los trabajos de&nbsp;<strong>remozamiento&nbsp;<\/strong>que se est\u00e1n realizando en la factor\u00eda federaci\u00f3n agraria en el Bajo Yuna.<\/p>\n\n\n\n<p>En el marco del recorrido por la obra, para la que se ha destinado una inversi\u00f3n total de&nbsp;<strong>RD 35,785,688.00<\/strong>, a trav\u00e9s del Banco Agr\u00edcola, Pe\u00f1a supervis\u00f3 las nuevas maquinarias adquiridas con fondos del Gobierno, que permitir\u00e1n seguir incorporando&nbsp;<strong>m\u00e1s productores al proyecto.<\/strong><\/p>\n\n\n\n<p><strong>Juramentaci\u00f3n Amaprosan<\/strong><\/p>\n\n\n\n<p>M\u00e1s temprano, la vicemandataria particip\u00f3 de la celebraci\u00f3n del&nbsp;<strong>61 aniversario<\/strong>&nbsp;de la fundaci\u00f3n de la&nbsp;<strong>Asociaci\u00f3n de Mayoristas en Provisiones de Santiago<\/strong>&nbsp;(Amaprosan), evento en el que se jurament\u00f3 la nueva junta directiva para el periodo 2024-2025, presidida nueva vez por el comerciante Mario Abreu Henr\u00edquez.<\/p>\n\n\n\n<p>Raquel Pe\u00f1a&nbsp;<strong>fue distinguida<\/strong>&nbsp;en la actividad con un reconocimiento de los comerciantes mayoristas, por sus&nbsp;<strong>aportes y trayectoria<\/strong>&nbsp;desde sus funciones en el Estado.<\/p>\n\n\n\n<p>Tras agradecer la distinci\u00f3n, la vicepresidenta valor\u00f3 el papel de Amaprosan y resalt\u00f3 su capacidad de adaptarse de manera innovadora a los<strong>\u00a0cambios y desaf\u00edos<\/strong>\u00a0de un entorno empresarial cada vez m\u00e1s exigente, al tiempo que destac\u00f3 que la entidad es un ejemplo de que la\u00a0<strong>colaboraci\u00f3n y el esp\u00edritu emprendedor\u00a0<\/strong>son motores de crecimiento, de\u00a0<strong>creaci\u00f3n de empleos y de oportunidades<\/strong>\u00a0para la gran familia santiaguera.<\/p>\n\n\n\n<p>Presidencia de la Rep\u00fablica Dominicana<\/p>\n","protected":false},"excerpt":{"rendered":"<p>Duarte.- Con el objetivo de seguir&nbsp;modernizando el Ej\u00e9rcito Nacional&nbsp;y fortaleciendo el&nbsp;sector agropecuario&nbsp;del pa\u00eds, la&nbsp;vicepresidenta de la Rep\u00fablica, Raquel Pe\u00f1a, entreg\u00f3 el&nbsp;destacamento militar \u00abLa Restauraci\u00f3n\u00bb,&nbsp;en el Lim\u00f3n del Yuna, y supervis\u00f3 la instalaci\u00f3n de nuevas maquinarias que forman parte del proceso de reconstrucci\u00f3n de la&nbsp;factor\u00eda federaci\u00f3n agraria en el Bajo Yuna. Durante el acto militar, el [&hellip;]<\/p>\n","protected":false},"author":28,"featured_media":512274,"comment_status":"closed","ping_status":"","sticky":true,"template":"","format":"standard","meta":{"footnotes":""},"categories":[20,27],"tags":[],"class_list":["post-512273","post","type-post","status-publish","format-standard","has-post-thumbnail","hentry","category-dominicana-hoy","category-portada"],"_links":{"self":[{"href":"https:\/\/diariodominicano.com\/index.php?rest_route=\/wp\/v2\/posts\/512273","targetHints":{"allow":["GET"]}}],"collection":[{"href":"https:\/\/diariodominicano.com\/index.php?rest_route=\/wp\/v2\/posts"}],"about":[{"href":"https:\/\/diariodominicano.com\/index.php?rest_route=\/wp\/v2\/types\/post"}],"author":[{"embeddable":true,"href":"https:\/\/diariodominicano.com\/index.php?rest_route=\/wp\/v2\/users\/28"}],"replies":[{"embeddable":true,"href":"https:\/\/diariodominicano.com\/index.php?rest_route=%2Fwp%2Fv2%2Fcomments&post=512273"}],"version-history":[{"count":2,"href":"https:\/\/diariodominicano.com\/index.php?rest_route=\/wp\/v2\/posts\/512273\/revisions"}],"predecessor-version":[{"id":512276,"href":"https:\/\/diariodominicano.com\/index.php?rest_route=\/wp\/v2\/posts\/512273\/revisions\/512276"}],"wp:featuredmedia":[{"embeddable":true,"href":"https:\/\/diariodominicano.com\/index.php?rest_route=\/wp\/v2\/media\/512274"}],"wp:attachment":[{"href":"https:\/\/diariodominicano.com\/index.php?rest_route=%2Fwp%2Fv2%2Fmedia&parent=512273"}],"wp:term":[{"taxonomy":"category","embeddable":true,"href":"https:\/\/diariodominicano.com\/index.php?rest_route=%2Fwp%2Fv2%2Fcategories&post=512273"},{"taxonomy":"post_tag","embeddable":true,"href":"https:\/\/diariodominicano.com\/index.php?rest_route=%2Fwp%2Fv2%2Ftags&post=512273"}],"curies":[{"name":"wp","href":"https:\/\/api.w.org\/{rel}","templated":true}]}}