{"id":512254,"date":"2024-03-03T23:51:40","date_gmt":"2024-03-04T03:51:40","guid":{"rendered":"https:\/\/diariodominicano.com\/?p=512254"},"modified":"2024-03-03T23:51:40","modified_gmt":"2024-03-04T03:51:40","slug":"en-newark-nj-reconocen-a-belkis-martinez-como-periodista-del-ano","status":"publish","type":"post","link":"https:\/\/diariodominicano.com\/?p=512254","title":{"rendered":"En Newark-NJ reconocen a Belkis Mart\u00ednez como \u201cPeriodista del A\u00f1o\u201d"},"content":{"rendered":"\n<p><strong>Por Ram\u00f3n Mercedes<\/strong><\/p>\n\n\n\n<p><strong>NEWARK-Nueva Jersey.-<\/strong>&nbsp;La comunicadora dominicana en Nueva York y Nueva Jersey, Belkis Mart\u00ednez, fue reconocida como \u201cPeriodista del A\u00f1o\u201d, por la Alcald\u00eda de Newark y la entidad Quisqueyanos Unidos.<\/p>\n\n\n\n<p>Mart\u00ednez tambi\u00e9n recibi\u00f3 reconocimientos del Concejo Municipal, la Junta de Comisionados del Condado de Essex y una carta del alcalde Ras J. Baraka, en la que se destacan sus contribuciones a la comunidad dominicana.<\/p>\n\n\n\n<p>Baraka expres\u00f3 su orgullo por el servicio, la labor \u00e9tica y en\u00e9rgica de Mart\u00ednez, resaltando su papel en representar y enriquecer la cultura dominicana en Estados Unidos.<\/p>\n\n\n\n<p>Asimismo, reconoci\u00f3 su contribuci\u00f3n al crecimiento de la ciudad y su impacto positivo en la vida de sus habitantes. Actualmente, es la productora del programa \u201cEl Poder del Pueblo\u201d, que se transmite por \u201cGlobal TV\u201d en NY y varios estados-USA y una red de televisi\u00f3n por cable en RD.<\/p>\n\n\n\n<p>Con estos galardones se reconoce el trabajo y la dedicaci\u00f3n de la periodista, que ha dejado una huella significativa.<\/p>\n\n\n\n<p>De esta manera, Mart\u00ednez se consolida como un modelo a seguir y una figura ejemplar en el \u00e1mbito period\u00edstico, representando el compromiso y la excelencia en su labor.<\/p>\n\n\n\n<p>La entrega de estos reconocimientos tuvo lugar durante la celebraci\u00f3n de la organizaci\u00f3n Quisqueyanos Unidos de Newark, en la 31 edici\u00f3n del Izamiento de la Bandera dominicana en el City Hall de la Alcald\u00eda de Newark, con motivo de la conmemoraci\u00f3n del 180 aniversario de la Independencia Nacional de la RD, donde se destac\u00f3 la labor de Mart\u00ednez.<\/p>\n\n\n\n<p>La periodista agradeci\u00f3 la distinci\u00f3n por parte de la Alcald\u00eda, Quisqueyanos Unidos, a los honorables miembros del Concejo Municipal de Newark, y a los miembros de la Junta de Comisionados del Condados de Essex, expresando sentirte muy honrada por tomar en cuenta su trabajo.<\/p>\n\n\n\n<p>El evento cont\u00f3 con la participaci\u00f3n art\u00edstica de Yulianny Jim\u00e9nez, los alumnos de las escuelas Rafael Hern\u00e1ndez y McKinley Elementary School, y el Dance Group de Ramona Torres.<\/p>\n\n\n\n<p>Como maestros de ceremonias estuvieron Amaris P\u00e9rez y Andr\u00e9s Mel\u00e9ndez, qui\u00e9n tambi\u00e9n realiz\u00f3 la coordinaci\u00f3n general del evento.<\/p>\n","protected":false},"excerpt":{"rendered":"<p>Por Ram\u00f3n Mercedes NEWARK-Nueva Jersey.-&nbsp;La comunicadora dominicana en Nueva York y Nueva Jersey, Belkis Mart\u00ednez, fue reconocida como \u201cPeriodista del A\u00f1o\u201d, por la Alcald\u00eda de Newark y la entidad Quisqueyanos Unidos. Mart\u00ednez tambi\u00e9n recibi\u00f3 reconocimientos del Concejo Municipal, la Junta de Comisionados del Condado de Essex y una carta del alcalde Ras J. Baraka, en [&hellip;]<\/p>\n","protected":false},"author":28,"featured_media":512255,"comment_status":"closed","ping_status":"","sticky":false,"template":"","format":"standard","meta":{"footnotes":""},"categories":[36,25],"tags":[],"class_list":["post-512254","post","type-post","status-publish","format-standard","has-post-thumbnail","hentry","category-hombresmujeresycosas","category-gente"],"_links":{"self":[{"href":"https:\/\/diariodominicano.com\/index.php?rest_route=\/wp\/v2\/posts\/512254","targetHints":{"allow":["GET"]}}],"collection":[{"href":"https:\/\/diariodominicano.com\/index.php?rest_route=\/wp\/v2\/posts"}],"about":[{"href":"https:\/\/diariodominicano.com\/index.php?rest_route=\/wp\/v2\/types\/post"}],"author":[{"embeddable":true,"href":"https:\/\/diariodominicano.com\/index.php?rest_route=\/wp\/v2\/users\/28"}],"replies":[{"embeddable":true,"href":"https:\/\/diariodominicano.com\/index.php?rest_route=%2Fwp%2Fv2%2Fcomments&post=512254"}],"version-history":[{"count":1,"href":"https:\/\/diariodominicano.com\/index.php?rest_route=\/wp\/v2\/posts\/512254\/revisions"}],"predecessor-version":[{"id":512256,"href":"https:\/\/diariodominicano.com\/index.php?rest_route=\/wp\/v2\/posts\/512254\/revisions\/512256"}],"wp:featuredmedia":[{"embeddable":true,"href":"https:\/\/diariodominicano.com\/index.php?rest_route=\/wp\/v2\/media\/512255"}],"wp:attachment":[{"href":"https:\/\/diariodominicano.com\/index.php?rest_route=%2Fwp%2Fv2%2Fmedia&parent=512254"}],"wp:term":[{"taxonomy":"category","embeddable":true,"href":"https:\/\/diariodominicano.com\/index.php?rest_route=%2Fwp%2Fv2%2Fcategories&post=512254"},{"taxonomy":"post_tag","embeddable":true,"href":"https:\/\/diariodominicano.com\/index.php?rest_route=%2Fwp%2Fv2%2Ftags&post=512254"}],"curies":[{"name":"wp","href":"https:\/\/api.w.org\/{rel}","templated":true}]}}