{"id":512129,"date":"2024-03-04T11:46:57","date_gmt":"2024-03-04T15:46:57","guid":{"rendered":"https:\/\/diariodominicano.com\/?p=512129"},"modified":"2024-03-04T11:54:22","modified_gmt":"2024-03-04T15:54:22","slug":"pelicula-asalto-en-progreso-la-opera-prima-de-josell-hernandez-llegara-al-cine-el-2-de-mayo-de-este-2024","status":"publish","type":"post","link":"https:\/\/diariodominicano.com\/?p=512129","title":{"rendered":"Pel\u00edcula \u201cAsalto en Progreso\u201d, la \u00f3pera prima de Josell Hern\u00e1ndez,\u00a0llegar\u00e1 al cine el\u00a02  de mayo de este 2024"},"content":{"rendered":"\n<p>Santo Domingo. El reconocido actor y productor cinematogr\u00e1fico, Josell Hern\u00e1ndez, despu\u00e9s de haber producido decenas de pel\u00edculas nacionales y extranjeras ha revelado detalles emocionantes sobre su primera incursi\u00f3n como director con la pel\u00edcula \u201cAsalto en Progreso\u201d, que llegar\u00e1 a las salas de cine el 2 de mayo.&nbsp;<\/p>\n\n\n\n<p>Este proyecto, inspirado en los hechos reales del asalto a la sucursal del Banco del Progreso, en la avenida Independencia de Gazcue, el 1 de marzo de 1993, promete llevar al p\u00fablico a trav\u00e9s de una historia impactante con actuaciones memorables y sustentado con una co-producci\u00f3n con la Aldea Studios.<\/p>\n\n\n\n<figure class=\"wp-block-gallery has-nested-images columns-default is-cropped wp-block-gallery-1 is-layout-flex wp-block-gallery-is-layout-flex\">\n<figure class=\"wp-block-image size-large\"><img loading=\"lazy\" decoding=\"async\" width=\"1024\" height=\"639\" data-id=\"512327\" src=\"https:\/\/diariodominicano.com\/wp-content\/uploads\/2024\/03\/Pelicula-Asalto-en-Progreso-la-opera-prima-de-Josell-Hernandez-llegara-al-cine-1024x639.jpeg\" alt=\"\" class=\"wp-image-512327\" srcset=\"https:\/\/diariodominicano.com\/wp-content\/uploads\/2024\/03\/Pelicula-Asalto-en-Progreso-la-opera-prima-de-Josell-Hernandez-llegara-al-cine-1024x639.jpeg 1024w, https:\/\/diariodominicano.com\/wp-content\/uploads\/2024\/03\/Pelicula-Asalto-en-Progreso-la-opera-prima-de-Josell-Hernandez-llegara-al-cine-300x187.jpeg 300w, https:\/\/diariodominicano.com\/wp-content\/uploads\/2024\/03\/Pelicula-Asalto-en-Progreso-la-opera-prima-de-Josell-Hernandez-llegara-al-cine-768x479.jpeg 768w, https:\/\/diariodominicano.com\/wp-content\/uploads\/2024\/03\/Pelicula-Asalto-en-Progreso-la-opera-prima-de-Josell-Hernandez-llegara-al-cine-1536x958.jpeg 1536w, https:\/\/diariodominicano.com\/wp-content\/uploads\/2024\/03\/Pelicula-Asalto-en-Progreso-la-opera-prima-de-Josell-Hernandez-llegara-al-cine-816x509.jpeg 816w, https:\/\/diariodominicano.com\/wp-content\/uploads\/2024\/03\/Pelicula-Asalto-en-Progreso-la-opera-prima-de-Josell-Hernandez-llegara-al-cine.jpeg 1600w\" sizes=\"auto, (max-width: 1024px) 100vw, 1024px\" \/><\/figure>\n<\/figure>\n\n\n\n<p>La pel\u00edcula cuenta con un elenco estelar de la industria cinematogr\u00e1fica dominicana, incluyendo a figuras destacadas como Pepe Sierra, Mar\u00eda Castillo, Hony Estrella, Irving Alberti, Richard Douglas, Francis Cruz y Jochy Santos, entre otros, que conversaron con la prensa en Caribbean Cinemas de Galar\u00eda 360.<\/p>\n\n\n\n<p>Durante el encuentro, Josell Hern\u00e1ndez comparti\u00f3 su motivaci\u00f3n detr\u00e1s de \u201cAsalto en Progreso\u00bb, destacando la fascinaci\u00f3n persistente desde su infancia por este evento y la complejidad psicol\u00f3gica de un m\u00e9dico involucrado en un acto que ha permanecido en la memoria de los dominicanos.<\/p>\n\n\n\n<p>\u201cCuando ocurri\u00f3 el hecho yo ten\u00eda 11 a\u00f1os, y fue un episodio que nunca se borr\u00f3 de mi cabeza. Al pasar los a\u00f1os y ver los reportajes en televisi\u00f3n, yo le dije a mi padre que yo quer\u00eda hacer una pel\u00edcula de ese caso, a lo que me reprendi\u00f3 dici\u00e9ndome que yo estaba como loco\u201d, cont\u00f3 el director a los periodistas.<\/p>\n\n\n\n<p>Para hacer esta obra cinematogr\u00e1fica, cuenta que \u201cme movi\u00f3 la idea de ver a un profesional de la medicina haciendo un asalto, y me preguntaba c\u00f3mo un doctor, que era una de las carreras m\u00e1s reputadas de la \u00e9poca, se abalanz\u00f3 a robar un banco. \u00bfQu\u00e9 lo movi\u00f3, qu\u00e9 le atormentaba, su familia, ten\u00eda hijos?\u201d.<\/p>\n\n\n\n<p>El proceso de selecci\u00f3n del elenco fue meticuloso, buscando actores que no solo transmitieran emociones, sino que tambi\u00e9n brindaran la esencia de los personajes. Por eso, la elecci\u00f3n de Pepe Sierra, Mar\u00eda Castillo, Hony Estrella, Irving Alberti, Richard Douglas, Francis Cruz y Jochy Santos se bas\u00f3 en la versatilidad y capacidad para sumergirse en roles desafiantes.<\/p>\n\n\n\n<figure class=\"wp-block-gallery has-nested-images columns-default is-cropped wp-block-gallery-2 is-layout-flex wp-block-gallery-is-layout-flex\">\n<figure class=\"wp-block-image size-large\"><img loading=\"lazy\" decoding=\"async\" width=\"740\" height=\"1024\" data-id=\"512326\" src=\"https:\/\/diariodominicano.com\/wp-content\/uploads\/2024\/03\/Pelicula-Asalto-en-Progreso-la-opera-prima-de-Josell-Hernandez-llegara-al-cine-el-2-de-mayo-de-este-2024--740x1024.jpeg\" alt=\"\" class=\"wp-image-512326\" srcset=\"https:\/\/diariodominicano.com\/wp-content\/uploads\/2024\/03\/Pelicula-Asalto-en-Progreso-la-opera-prima-de-Josell-Hernandez-llegara-al-cine-el-2-de-mayo-de-este-2024--740x1024.jpeg 740w, https:\/\/diariodominicano.com\/wp-content\/uploads\/2024\/03\/Pelicula-Asalto-en-Progreso-la-opera-prima-de-Josell-Hernandez-llegara-al-cine-el-2-de-mayo-de-este-2024--217x300.jpeg 217w, https:\/\/diariodominicano.com\/wp-content\/uploads\/2024\/03\/Pelicula-Asalto-en-Progreso-la-opera-prima-de-Josell-Hernandez-llegara-al-cine-el-2-de-mayo-de-este-2024--768x1063.jpeg 768w, https:\/\/diariodominicano.com\/wp-content\/uploads\/2024\/03\/Pelicula-Asalto-en-Progreso-la-opera-prima-de-Josell-Hernandez-llegara-al-cine-el-2-de-mayo-de-este-2024--1110x1536.jpeg 1110w, https:\/\/diariodominicano.com\/wp-content\/uploads\/2024\/03\/Pelicula-Asalto-en-Progreso-la-opera-prima-de-Josell-Hernandez-llegara-al-cine-el-2-de-mayo-de-este-2024--816x1129.jpeg 816w, https:\/\/diariodominicano.com\/wp-content\/uploads\/2024\/03\/Pelicula-Asalto-en-Progreso-la-opera-prima-de-Josell-Hernandez-llegara-al-cine-el-2-de-mayo-de-este-2024-.jpeg 1156w\" sizes=\"auto, (max-width: 740px) 100vw, 740px\" \/><\/figure>\n<\/figure>\n\n\n\n<p>\u201cPrimero, cre\u00eda que cada actor era una v\u00e1lvula del coraz\u00f3n de la pel\u00edcula, y de manera minuciosa los eleg\u00ed antes y durante la escritura del guion. Pens\u00e9 en Pepe Sierra, como un actor tan bueno que pudiera estar enmascarado y de igual manera transmitir emociones; Mar\u00eda Castillo la vi desde un principio como la mentora de la pel\u00edcula, una maestra de la actuaci\u00f3n, la cual aport\u00f3 mucho a la cinta; Irving Alberti, que aparte de su carisma y profesionalidad, encarna a un coronel de la \u00e9poca con dotes de actuaci\u00f3n y rasgos f\u00edsicos; Richard Douglas puso toda su fuerza, desde siempre lo vi como Candela, un fuego que se necesitaba en la trama\u201d, detall\u00f3.<\/p>\n\n\n\n<figure class=\"wp-block-gallery has-nested-images columns-default is-cropped wp-block-gallery-3 is-layout-flex wp-block-gallery-is-layout-flex\">\n<figure class=\"wp-block-image size-large\"><img loading=\"lazy\" decoding=\"async\" width=\"1024\" height=\"682\" data-id=\"512329\" src=\"https:\/\/diariodominicano.com\/wp-content\/uploads\/2024\/03\/Pelicula-Asalto-en-Progreso-1024x682.jpeg\" alt=\"\" class=\"wp-image-512329\" srcset=\"https:\/\/diariodominicano.com\/wp-content\/uploads\/2024\/03\/Pelicula-Asalto-en-Progreso-1024x682.jpeg 1024w, https:\/\/diariodominicano.com\/wp-content\/uploads\/2024\/03\/Pelicula-Asalto-en-Progreso-300x200.jpeg 300w, https:\/\/diariodominicano.com\/wp-content\/uploads\/2024\/03\/Pelicula-Asalto-en-Progreso-768x512.jpeg 768w, https:\/\/diariodominicano.com\/wp-content\/uploads\/2024\/03\/Pelicula-Asalto-en-Progreso-1536x1023.jpeg 1536w, https:\/\/diariodominicano.com\/wp-content\/uploads\/2024\/03\/Pelicula-Asalto-en-Progreso-816x544.jpeg 816w, https:\/\/diariodominicano.com\/wp-content\/uploads\/2024\/03\/Pelicula-Asalto-en-Progreso.jpeg 1600w\" sizes=\"auto, (max-width: 1024px) 100vw, 1024px\" \/><\/figure>\n<\/figure>\n\n\n\n<p>Durante el rodaje, el equipo enfrent\u00f3 el desaf\u00edo de equilibrar la seriedad del drama con la necesidad de hacer la pel\u00edcula comercialmente atractiva. \u201cEl gran desaf\u00edo era hacer un drama serio y que sea comercial, por ello siempre vi un elenco de actores que garantizaran una obra digna; juntarlos fue un proceso m\u00e1gico y de aprendizaje\u201d, comparti\u00f3 Hern\u00e1ndez.<\/p>\n\n\n\n<figure class=\"wp-block-gallery has-nested-images columns-default is-cropped wp-block-gallery-4 is-layout-flex wp-block-gallery-is-layout-flex\">\n<figure class=\"wp-block-image size-large\"><img loading=\"lazy\" decoding=\"async\" width=\"867\" height=\"1024\" data-id=\"512328\" src=\"https:\/\/diariodominicano.com\/wp-content\/uploads\/2024\/03\/Pelicula-Asalto-en-Progreso-la-opera-prima-de-Josell-Hernandez-867x1024.jpeg\" alt=\"\" class=\"wp-image-512328\" srcset=\"https:\/\/diariodominicano.com\/wp-content\/uploads\/2024\/03\/Pelicula-Asalto-en-Progreso-la-opera-prima-de-Josell-Hernandez-867x1024.jpeg 867w, https:\/\/diariodominicano.com\/wp-content\/uploads\/2024\/03\/Pelicula-Asalto-en-Progreso-la-opera-prima-de-Josell-Hernandez-254x300.jpeg 254w, https:\/\/diariodominicano.com\/wp-content\/uploads\/2024\/03\/Pelicula-Asalto-en-Progreso-la-opera-prima-de-Josell-Hernandez-768x908.jpeg 768w, https:\/\/diariodominicano.com\/wp-content\/uploads\/2024\/03\/Pelicula-Asalto-en-Progreso-la-opera-prima-de-Josell-Hernandez-1300x1536.jpeg 1300w, https:\/\/diariodominicano.com\/wp-content\/uploads\/2024\/03\/Pelicula-Asalto-en-Progreso-la-opera-prima-de-Josell-Hernandez-816x964.jpeg 816w, https:\/\/diariodominicano.com\/wp-content\/uploads\/2024\/03\/Pelicula-Asalto-en-Progreso-la-opera-prima-de-Josell-Hernandez.jpeg 1354w\" sizes=\"auto, (max-width: 867px) 100vw, 867px\" \/><\/figure>\n<\/figure>\n\n\n\n<p>En cuanto a las locaciones, se eligieron cuidadosamente para transportar a la audiencia a la d\u00e9cada de 1990. El 70% de las escenas se filmaron en sets construidos al estilo de Hollywood en La Aldea Studios.<\/p>\n\n\n\n<figure class=\"wp-block-gallery has-nested-images columns-default is-cropped wp-block-gallery-5 is-layout-flex wp-block-gallery-is-layout-flex\">\n<figure class=\"wp-block-image size-large\"><img loading=\"lazy\" decoding=\"async\" width=\"1024\" height=\"682\" data-id=\"512321\" src=\"https:\/\/diariodominicano.com\/wp-content\/uploads\/2024\/03\/Asalto-en-Progreso-la-opera-prima-de-Josell-Hernandez-1024x682.jpeg\" alt=\"\" class=\"wp-image-512321\" srcset=\"https:\/\/diariodominicano.com\/wp-content\/uploads\/2024\/03\/Asalto-en-Progreso-la-opera-prima-de-Josell-Hernandez-1024x682.jpeg 1024w, https:\/\/diariodominicano.com\/wp-content\/uploads\/2024\/03\/Asalto-en-Progreso-la-opera-prima-de-Josell-Hernandez-300x200.jpeg 300w, https:\/\/diariodominicano.com\/wp-content\/uploads\/2024\/03\/Asalto-en-Progreso-la-opera-prima-de-Josell-Hernandez-768x511.jpeg 768w, https:\/\/diariodominicano.com\/wp-content\/uploads\/2024\/03\/Asalto-en-Progreso-la-opera-prima-de-Josell-Hernandez-1536x1022.jpeg 1536w, https:\/\/diariodominicano.com\/wp-content\/uploads\/2024\/03\/Asalto-en-Progreso-la-opera-prima-de-Josell-Hernandez-816x543.jpeg 816w, https:\/\/diariodominicano.com\/wp-content\/uploads\/2024\/03\/Asalto-en-Progreso-la-opera-prima-de-Josell-Hernandez.jpeg 1600w\" sizes=\"auto, (max-width: 1024px) 100vw, 1024px\" \/><\/figure>\n<\/figure>\n\n\n\n<p>En t\u00e9rminos t\u00e9cnicos y creativos, \u00abAsalto al Progreso\u00bb destaca por el uso de tecnolog\u00eda de \u00faltima generaci\u00f3n y efectos especiales proporcionados por una reconocida compa\u00f1\u00eda mexicana.<\/p>\n\n\n\n<figure class=\"wp-block-gallery has-nested-images columns-default is-cropped wp-block-gallery-6 is-layout-flex wp-block-gallery-is-layout-flex\">\n<figure class=\"wp-block-image size-large\"><img loading=\"lazy\" decoding=\"async\" width=\"714\" height=\"1024\" data-id=\"512322\" src=\"https:\/\/diariodominicano.com\/wp-content\/uploads\/2024\/03\/Asalto-en-Progreso-la-opera-prima-de-Josell-714x1024.jpeg\" alt=\"\" class=\"wp-image-512322\" srcset=\"https:\/\/diariodominicano.com\/wp-content\/uploads\/2024\/03\/Asalto-en-Progreso-la-opera-prima-de-Josell-714x1024.jpeg 714w, https:\/\/diariodominicano.com\/wp-content\/uploads\/2024\/03\/Asalto-en-Progreso-la-opera-prima-de-Josell-209x300.jpeg 209w, https:\/\/diariodominicano.com\/wp-content\/uploads\/2024\/03\/Asalto-en-Progreso-la-opera-prima-de-Josell-768x1102.jpeg 768w, https:\/\/diariodominicano.com\/wp-content\/uploads\/2024\/03\/Asalto-en-Progreso-la-opera-prima-de-Josell-1070x1536.jpeg 1070w, https:\/\/diariodominicano.com\/wp-content\/uploads\/2024\/03\/Asalto-en-Progreso-la-opera-prima-de-Josell-816x1171.jpeg 816w, https:\/\/diariodominicano.com\/wp-content\/uploads\/2024\/03\/Asalto-en-Progreso-la-opera-prima-de-Josell.jpeg 1115w\" sizes=\"auto, (max-width: 714px) 100vw, 714px\" \/><\/figure>\n<\/figure>\n\n\n\n<p>Josell Hern\u00e1ndez tiene grandes expectativas para su pel\u00edcula, previendo que se convertir\u00e1 en el drama m\u00e1s comercial de la historia del cine local. Con su enfoque en la resiliencia familiar, Hern\u00e1ndez espera que el p\u00fablico se lleve un mensaje poderoso sobre el valor de la familia y la importancia de mantener la esperanza, incluso en circunstancias dif\u00edciles.<\/p>\n\n\n\n<figure class=\"wp-block-gallery has-nested-images columns-default is-cropped wp-block-gallery-7 is-layout-flex wp-block-gallery-is-layout-flex\">\n<figure class=\"wp-block-image size-large\"><img loading=\"lazy\" decoding=\"async\" width=\"714\" height=\"1024\" data-id=\"512325\" src=\"https:\/\/diariodominicano.com\/wp-content\/uploads\/2024\/03\/Pelicula-Asalto-en-Progreso-la-opera-prima-de-Josell-Hernandez-al-cine-714x1024.jpeg\" alt=\"\" class=\"wp-image-512325\" srcset=\"https:\/\/diariodominicano.com\/wp-content\/uploads\/2024\/03\/Pelicula-Asalto-en-Progreso-la-opera-prima-de-Josell-Hernandez-al-cine-714x1024.jpeg 714w, https:\/\/diariodominicano.com\/wp-content\/uploads\/2024\/03\/Pelicula-Asalto-en-Progreso-la-opera-prima-de-Josell-Hernandez-al-cine-209x300.jpeg 209w, https:\/\/diariodominicano.com\/wp-content\/uploads\/2024\/03\/Pelicula-Asalto-en-Progreso-la-opera-prima-de-Josell-Hernandez-al-cine-768x1101.jpeg 768w, https:\/\/diariodominicano.com\/wp-content\/uploads\/2024\/03\/Pelicula-Asalto-en-Progreso-la-opera-prima-de-Josell-Hernandez-al-cine-1071x1536.jpeg 1071w, https:\/\/diariodominicano.com\/wp-content\/uploads\/2024\/03\/Pelicula-Asalto-en-Progreso-la-opera-prima-de-Josell-Hernandez-al-cine-816x1170.jpeg 816w, https:\/\/diariodominicano.com\/wp-content\/uploads\/2024\/03\/Pelicula-Asalto-en-Progreso-la-opera-prima-de-Josell-Hernandez-al-cine.jpeg 1116w\" sizes=\"auto, (max-width: 714px) 100vw, 714px\" \/><\/figure>\n\n\n\n<figure class=\"wp-block-image size-large\"><img loading=\"lazy\" decoding=\"async\" width=\"734\" height=\"1024\" data-id=\"512324\" src=\"https:\/\/diariodominicano.com\/wp-content\/uploads\/2024\/03\/Pelicula-Asalto-en-Progreso-opera-prima-de-Josell-Hernandez-llegara-al-cine-734x1024.jpeg\" alt=\"\" class=\"wp-image-512324\" srcset=\"https:\/\/diariodominicano.com\/wp-content\/uploads\/2024\/03\/Pelicula-Asalto-en-Progreso-opera-prima-de-Josell-Hernandez-llegara-al-cine-734x1024.jpeg 734w, https:\/\/diariodominicano.com\/wp-content\/uploads\/2024\/03\/Pelicula-Asalto-en-Progreso-opera-prima-de-Josell-Hernandez-llegara-al-cine-215x300.jpeg 215w, https:\/\/diariodominicano.com\/wp-content\/uploads\/2024\/03\/Pelicula-Asalto-en-Progreso-opera-prima-de-Josell-Hernandez-llegara-al-cine-768x1071.jpeg 768w, https:\/\/diariodominicano.com\/wp-content\/uploads\/2024\/03\/Pelicula-Asalto-en-Progreso-opera-prima-de-Josell-Hernandez-llegara-al-cine-1101x1536.jpeg 1101w, https:\/\/diariodominicano.com\/wp-content\/uploads\/2024\/03\/Pelicula-Asalto-en-Progreso-opera-prima-de-Josell-Hernandez-llegara-al-cine-816x1138.jpeg 816w, https:\/\/diariodominicano.com\/wp-content\/uploads\/2024\/03\/Pelicula-Asalto-en-Progreso-opera-prima-de-Josell-Hernandez-llegara-al-cine.jpeg 1147w\" sizes=\"auto, (max-width: 734px) 100vw, 734px\" \/><\/figure>\n<\/figure>\n\n\n\n<p>\u201cAsalto en Progreso\u201d es una obra cinematogr\u00e1fica que fusiona drama, intriga y la cruda realidad de un suceso que dej\u00f3 una marca imborrable en la memoria de la sociedad dominicana.<\/p>\n","protected":false},"excerpt":{"rendered":"<p>Santo Domingo. El reconocido actor y productor cinematogr\u00e1fico, Josell Hern\u00e1ndez, despu\u00e9s de haber producido decenas de pel\u00edculas nacionales y extranjeras ha revelado detalles emocionantes sobre su primera incursi\u00f3n como director con la pel\u00edcula \u201cAsalto en Progreso\u201d, que llegar\u00e1 a las salas de cine el 2 de mayo.&nbsp; Este proyecto, inspirado en los hechos reales del [&hellip;]<\/p>\n","protected":false},"author":7,"featured_media":512321,"comment_status":"closed","ping_status":"","sticky":true,"template":"","format":"standard","meta":{"footnotes":""},"categories":[25,27],"tags":[],"class_list":["post-512129","post","type-post","status-publish","format-standard","has-post-thumbnail","hentry","category-gente","category-portada"],"_links":{"self":[{"href":"https:\/\/diariodominicano.com\/index.php?rest_route=\/wp\/v2\/posts\/512129","targetHints":{"allow":["GET"]}}],"collection":[{"href":"https:\/\/diariodominicano.com\/index.php?rest_route=\/wp\/v2\/posts"}],"about":[{"href":"https:\/\/diariodominicano.com\/index.php?rest_route=\/wp\/v2\/types\/post"}],"author":[{"embeddable":true,"href":"https:\/\/diariodominicano.com\/index.php?rest_route=\/wp\/v2\/users\/7"}],"replies":[{"embeddable":true,"href":"https:\/\/diariodominicano.com\/index.php?rest_route=%2Fwp%2Fv2%2Fcomments&post=512129"}],"version-history":[{"count":4,"href":"https:\/\/diariodominicano.com\/index.php?rest_route=\/wp\/v2\/posts\/512129\/revisions"}],"predecessor-version":[{"id":512343,"href":"https:\/\/diariodominicano.com\/index.php?rest_route=\/wp\/v2\/posts\/512129\/revisions\/512343"}],"wp:featuredmedia":[{"embeddable":true,"href":"https:\/\/diariodominicano.com\/index.php?rest_route=\/wp\/v2\/media\/512321"}],"wp:attachment":[{"href":"https:\/\/diariodominicano.com\/index.php?rest_route=%2Fwp%2Fv2%2Fmedia&parent=512129"}],"wp:term":[{"taxonomy":"category","embeddable":true,"href":"https:\/\/diariodominicano.com\/index.php?rest_route=%2Fwp%2Fv2%2Fcategories&post=512129"},{"taxonomy":"post_tag","embeddable":true,"href":"https:\/\/diariodominicano.com\/index.php?rest_route=%2Fwp%2Fv2%2Ftags&post=512129"}],"curies":[{"name":"wp","href":"https:\/\/api.w.org\/{rel}","templated":true}]}}