{"id":51206,"date":"2020-07-27T19:34:40","date_gmt":"2020-07-27T19:34:40","guid":{"rendered":"http:\/\/diariodominicano.ddns.net\/?p=51206"},"modified":"2020-07-27T19:34:40","modified_gmt":"2020-07-27T19:34:40","slug":"director-de-gabinete-del-minerd-asegura-no-dejaran-a-otras-autoridades-las-responsabilidades-de-esta-gestion","status":"publish","type":"post","link":"https:\/\/diariodominicano.com\/?p=51206","title":{"rendered":"Director de Gabinete del MINERD asegura no dejar\u00e1n a otras autoridades las responsabilidades de esta gesti\u00f3n"},"content":{"rendered":"<p><body><\/p>\n<p><img decoding=\"async\" src=\"img3\/Cultura27-7-20.JPG\" \/>  <\/p>\n<p><span class=\"text1noticias\">diariodominicano.com<\/span><\/p>\n<p><span class=\"text1noticias\"> <\/span><\/p>\n<p><span class=\"text1noticias\">Santo Domingo, R. D., 27 de julio, 2020.- El director de Gabinete del Ministerio de Educaci\u00f3n y presidente de la comisi\u00f3n de transici\u00f3n de las autoridades actuales, Henry Santos, precis\u00f3 este lunes que las responsabilidades de esta gesti\u00f3n institucional, encabezada por el ministro Antonio Pe\u00f1a Mirabal, no dejar\u00e1 ning\u00fan proceso pendiente o tarea sin realizar, a la raz\u00f3n de que el servicio p\u00fablico requiere de entrega, calidad y gesti\u00f3n al m\u00e1s alto nivel.<\/span><\/p>\n<p><span class=\"text1noticias\"> <\/span><\/p>\n<p><span class=\"text1noticias\">Santos, en reuni\u00f3n con la comisi\u00f3n de transici\u00f3n seleccionada por el designado ministro Roberto Fulcar, dijo que para la actual gesti\u00f3n del MINERD es muy importante completar todo lo que sea de su responsabilidad, \u00abporque la historia nos juzgar\u00e1 a todos y si no terminamos bien, ma\u00f1ana estaremos en deuda con nuestra naci\u00f3n\u00bb.<\/span><\/p>\n<p><span class=\"text1noticias\"> <\/span><\/p>\n<p><span class=\"text1noticias\">\u00abHay cosas que no podemos delegar porque somos funcionarios p\u00fablicos. Sabemos que hay temas que debemos posponer para que sean ejecutados por las autoridades entrantes, pero hay otros que nos competen y la sociedad espera su exitosa conclusi\u00f3n para poder continuar avanzando\u00bb, manifest\u00f3 Santos.<\/span><\/p>\n<p><span class=\"text1noticias\"> <\/span><\/p>\n<p><span class=\"text1noticias\">En ese sentido, se\u00f1al\u00f3 que todo lo relacionado con educaci\u00f3n y tecnolog\u00eda son de alta prioridad para el pa\u00eds, sobre todo por la expansi\u00f3n de la pandemia COVID-19 y la necesidad de contemplar la ense\u00f1anza y el aprendizaje virtual, por lo que insiste ambas comisiones puedan completar las observaciones en ese t\u00f3pico y asumir un camino en conjunto.<\/span><\/p>\n<p><span class=\"text1noticias\"> <\/span><\/p>\n<p><span class=\"text1noticias\">\u00abEl pa\u00eds tiene que asumir el reto educativo en medio de esta pandemia, y debe hacerlo con creatividad, originalidad y firmeza. Tenemos que asumir algunos riesgos y estamos dispuestos a asumirlos juntos, porque todos somos dominicanos. Nuestro pa\u00eds debe dar un ejemplo de resiliencia, no podemos rendirnos\u00bb, enfatiz\u00f3 el director de Gabinete del MINERD.<\/span><\/p>\n<p><span class=\"text1noticias\"> <\/span><\/p>\n<p><span class=\"text1noticias\">Entrega de informes<\/span><\/p>\n<p><span class=\"text1noticias\"> <\/span><\/p>\n<p><span class=\"text1noticias\">Las actuales autoridades del Ministerio de Educaci\u00f3n contin\u00faan entregando todas las informaciones que la gesti\u00f3n entrante el pr\u00f3ximo 16 de agosto ha requerido. Incluso, ya se ha entregado todo lo relacionado desde el 26 de febrero de 2019 a la fecha, precisando los pormenores administrativos y financieros.<\/span><\/p>\n<p><span class=\"text1noticias\"> <\/span><\/p>\n<p><span class=\"text1noticias\">Santos volvi\u00f3 a entregar m\u00e1s documentos a Julito Fulcar, representante del pr\u00f3ximo ministro ante la transici\u00f3n gubernamental, esta vez todo lo relacionado con los facilitadores y gesti\u00f3n de Recursos Humanos, archivos que se suman a los de contabilidad, ejecuci\u00f3n presupuestaria, planificaci\u00f3n y desarrollo educativo.<\/span><\/p>\n<p><span class=\"text1noticias\"> <\/span><\/p>\n<p><span class=\"text1noticias\">Tambi\u00e9n se han compartido informes de consultor\u00eda jur\u00eddica, compra y contrataciones, tecnolog\u00eda, comunicaci\u00f3n y la cooperaci\u00f3n internacional. Adem\u00e1s, el plan estrat\u00e9gico institucional, el plan operativo anual y los programas en ejecuci\u00f3n hasta la fecha.<\/span><\/p>\n<p><span class=\"text1noticias\"> <\/span><\/p>\n<p><span class=\"text1noticias\">A todo eso se le agrega el mapa de procesos del MINERD, el manual de organizaci\u00f3n y funciones, el organigrama vigente, el presupuesto aprobado y ejecutado, los acuerdos internacionales y lo estados financieros desde el 2016 hasta el 30 de junio del a\u00f1o en curso.<\/span><\/p>\n<p><span class=\"text1noticias\"> <\/span><\/p>\n<p><span class=\"text1noticias\">Fuente: Prensa MINERD <\/span><\/p>\n<p><span class=\"text1noticias\">Direcci\u00f3n de Comunicaci\u00f3n y Relaciones P\u00fablicas <\/span><\/p>\n<p><span class=\"text1noticias\">Licda. Magdalena Nu\u00f1ez <\/span><\/p>\n<p><span class=\"text1noticias\">Enc. Relaciones P\u00fablicas<\/span><\/p>\n<p><span class=\"text1noticias\">Ministerio Educaci\u00f3n <\/span>Rep\u00fablica Dominicana<\/p>\n<p><span class=\"text1noticias\">27 de julio 2020<\/span><\/p>\n<h6> 2020-07-27 19:34:40 <\/h6>\n<p><!--\n<link rel=\"stylesheet\" href=\"css\/bootstrap.min.css\">\n\n\n<ul class=\"pagination\">\n\t    \n\t\n\n<li >\n\t<a href='?page_no=366'>Previous<\/a>\n\t<\/li>\n\n\n       \n    \n\n<li><a href='?page_no=1'>1<\/a><\/li>\n\n\n\n<li><a href='?page_no=2'>2<\/a><\/li>\n\n\n\n<li><a>...<\/a><\/li>\n\n\n\n<li><a href='?page_no=365'>365<\/a><\/li>\n\n\n\n<li><a href='?page_no=366'>366<\/a><\/li>\n\n\n\n<li class='active'><a>367<\/a><\/li>\n\n\n\n<li><a href='?page_no=368'>368<\/a><\/li>\n\n\n\n<li><a href='?page_no=369'>369<\/a><\/li>\n\n\n\n<li><a>...<\/a><\/li>\n\n\n\n<li><a href='?page_no=22911'>22911<\/a><\/li>\n\n\n\n<li><a href='?page_no=22912'>22912<\/a><\/li>\n\n    \n\t\n\n<li >\n\t<a href='?page_no=368'>Next<\/a>\n\t<\/li>\n\n\n    \n\n<li><a href='?page_no=22912'>Last &rsaquo;&rsaquo;<\/a><\/li>\n\n<\/ul>\n\n\n--><br \/>\n<\/body><\/p>\n","protected":false},"excerpt":{"rendered":"<p>diariodominicano.com Santo Domingo, R. D., 27 de julio, 2020.- El director de Gabinete del Ministerio de Educaci\u00f3n y presidente de la comisi\u00f3n de transici\u00f3n de las autoridades actuales, Henry Santos, precis\u00f3 este lunes que las responsabilidades de esta gesti\u00f3n institucional, encabezada por el ministro Antonio Pe\u00f1a Mirabal, no dejar\u00e1 ning\u00fan proceso pendiente o tarea sin [&hellip;]<\/p>\n","protected":false},"author":3,"featured_media":0,"comment_status":"open","ping_status":"open","sticky":false,"template":"","format":"standard","meta":{"footnotes":""},"categories":[21],"tags":[],"class_list":["post-51206","post","type-post","status-publish","format-standard","hentry","category-cultura"],"_links":{"self":[{"href":"https:\/\/diariodominicano.com\/index.php?rest_route=\/wp\/v2\/posts\/51206","targetHints":{"allow":["GET"]}}],"collection":[{"href":"https:\/\/diariodominicano.com\/index.php?rest_route=\/wp\/v2\/posts"}],"about":[{"href":"https:\/\/diariodominicano.com\/index.php?rest_route=\/wp\/v2\/types\/post"}],"author":[{"embeddable":true,"href":"https:\/\/diariodominicano.com\/index.php?rest_route=\/wp\/v2\/users\/3"}],"replies":[{"embeddable":true,"href":"https:\/\/diariodominicano.com\/index.php?rest_route=%2Fwp%2Fv2%2Fcomments&post=51206"}],"version-history":[{"count":0,"href":"https:\/\/diariodominicano.com\/index.php?rest_route=\/wp\/v2\/posts\/51206\/revisions"}],"wp:attachment":[{"href":"https:\/\/diariodominicano.com\/index.php?rest_route=%2Fwp%2Fv2%2Fmedia&parent=51206"}],"wp:term":[{"taxonomy":"category","embeddable":true,"href":"https:\/\/diariodominicano.com\/index.php?rest_route=%2Fwp%2Fv2%2Fcategories&post=51206"},{"taxonomy":"post_tag","embeddable":true,"href":"https:\/\/diariodominicano.com\/index.php?rest_route=%2Fwp%2Fv2%2Ftags&post=51206"}],"curies":[{"name":"wp","href":"https:\/\/api.w.org\/{rel}","templated":true}]}}