{"id":511972,"date":"2024-03-02T01:15:39","date_gmt":"2024-03-02T05:15:39","guid":{"rendered":"https:\/\/diariodominicano.com\/?p=511972"},"modified":"2024-03-02T01:18:05","modified_gmt":"2024-03-02T05:18:05","slug":"comandante-del-ejercito-asume-direccion-del-comando-conjunto-unificado-ff-aa","status":"publish","type":"post","link":"https:\/\/diariodominicano.com\/?p=511972","title":{"rendered":"Comandante del Ej\u00e9rcito asume direcci\u00f3n del Comando Conjunto Unificado FF. AA."},"content":{"rendered":"\n<p>En un acto encabezado por el ministro de Defensa, teniente general Carlos Luciano D\u00edaz Morfa, ERD., fue posicionado el mayor general Carlos A. Fern\u00e1ndez Onofre comandante general del Ej\u00e9rcito, quien a partir de la fecha asume el mando del Comando Conjunto Unificado de las Fuerzas Armadas.<\/p>\n\n\n\n<figure class=\"wp-block-image size-large\"><img loading=\"lazy\" decoding=\"async\" width=\"1024\" height=\"682\" src=\"https:\/\/diariodominicano.com\/wp-content\/uploads\/2024\/03\/WhatsApp-Image-2024-03-01-at-1.59.53-PM-1024x682.jpeg\" alt=\"\" class=\"wp-image-511980\" srcset=\"https:\/\/diariodominicano.com\/wp-content\/uploads\/2024\/03\/WhatsApp-Image-2024-03-01-at-1.59.53-PM-1024x682.jpeg 1024w, https:\/\/diariodominicano.com\/wp-content\/uploads\/2024\/03\/WhatsApp-Image-2024-03-01-at-1.59.53-PM-300x200.jpeg 300w, https:\/\/diariodominicano.com\/wp-content\/uploads\/2024\/03\/WhatsApp-Image-2024-03-01-at-1.59.53-PM-768x511.jpeg 768w, https:\/\/diariodominicano.com\/wp-content\/uploads\/2024\/03\/WhatsApp-Image-2024-03-01-at-1.59.53-PM-1536x1022.jpeg 1536w, https:\/\/diariodominicano.com\/wp-content\/uploads\/2024\/03\/WhatsApp-Image-2024-03-01-at-1.59.53-PM-2048x1363.jpeg 2048w, https:\/\/diariodominicano.com\/wp-content\/uploads\/2024\/03\/WhatsApp-Image-2024-03-01-at-1.59.53-PM-816x543.jpeg 816w\" sizes=\"auto, (max-width: 1024px) 100vw, 1024px\" \/><\/figure>\n\n\n\n<figure class=\"wp-block-image size-large\"><img loading=\"lazy\" decoding=\"async\" width=\"1024\" height=\"682\" src=\"https:\/\/diariodominicano.com\/wp-content\/uploads\/2024\/03\/WhatsApp-Image-2024-03-01-at-1.59.52-PM-1-1024x682.jpeg\" alt=\"\" class=\"wp-image-511977\" srcset=\"https:\/\/diariodominicano.com\/wp-content\/uploads\/2024\/03\/WhatsApp-Image-2024-03-01-at-1.59.52-PM-1-1024x682.jpeg 1024w, https:\/\/diariodominicano.com\/wp-content\/uploads\/2024\/03\/WhatsApp-Image-2024-03-01-at-1.59.52-PM-1-300x200.jpeg 300w, https:\/\/diariodominicano.com\/wp-content\/uploads\/2024\/03\/WhatsApp-Image-2024-03-01-at-1.59.52-PM-1-768x511.jpeg 768w, https:\/\/diariodominicano.com\/wp-content\/uploads\/2024\/03\/WhatsApp-Image-2024-03-01-at-1.59.52-PM-1-1536x1022.jpeg 1536w, https:\/\/diariodominicano.com\/wp-content\/uploads\/2024\/03\/WhatsApp-Image-2024-03-01-at-1.59.52-PM-1-2048x1363.jpeg 2048w, https:\/\/diariodominicano.com\/wp-content\/uploads\/2024\/03\/WhatsApp-Image-2024-03-01-at-1.59.52-PM-1-816x543.jpeg 816w\" sizes=\"auto, (max-width: 1024px) 100vw, 1024px\" \/><\/figure>\n\n\n\n<p><br><br>Desde esa instancia militar, se dirigen las operaciones conjuntas en apoyo a la Polic\u00eda Nacional, en contribuci\u00f3n la delincuencia com\u00fan y el crimen organizado, para contribuir al fortalecimiento de las labores de seguridad ciudadana y el mantenimiento del orden p\u00fablico.<br><br>En el acto, realizado en el Sal\u00f3n de Situaciones del Centro de Comando, Control, Comunicaciones, Computadoras, Ciberseguridad e Inteligencia (C5i) del MIDE, se presentaron los resultados y estad\u00edsticas de las misiones realizadas por el Comando Conjunto Unificado, bajo responsabilidad del mayor general t\u00e9cnico de aviaci\u00f3n Carlos R. Febrillet Rodr\u00edguez, FARD, comandante general de la Fuerza A\u00e9rea de Rep\u00fablica Dominicana, durante el periodo comprendido entre el 1 de diciembre 2023 hasta el 29 de febrero 2024.<br><br>En el traspaso de mando estuvieron tambi\u00e9n presentes el vicealmirante Agust\u00edn A. Morillo Rodr\u00edguez, comandante general de la Armada de Rep\u00fablica Dominicana; el mayor general Ram\u00f3n Antonio Guzm\u00e1n Peralta, P.N, director general de la Polic\u00eda Nacional; el mayor general Jorge Iv\u00e1n Camino P\u00e9rez, ERD, director de Inteligencia (J2, MIDE), el vicealmirante, Luis Rafael Lee Ballester, ARD, director general del C5i.<br><br>Tambi\u00e9n estuvieron, el mayor general Rafel V\u00e1squez Esp\u00ednola, ERD, director general de la Comisi\u00f3n Militar y Policial del Ministerio de Obras P\u00fablicas y Comunicaciones (COMIPOL); el general de brigada Rafael Antonio N\u00fa\u00f1ez Veloz, ERD, director de Planes y Operaciones del Estado Mayor Conjunto MIDE, (J3); &nbsp;el general de brigada F\u00e9lix Edwin Santana &nbsp;Morillo, ERD, inspector general del Ej\u00e9rcito; el contralmirante Juan Bienvenido Cris\u00f3stomo Mart\u00ednez, ARD, inspector general de la Armada; el general de brigada paracaidista Rafael C. Acosta Sena, FARD, inspector general de la Fuerza A\u00e9rea de Rep\u00fablica Dominicana, y los comandantes de los Comandos Conjuntos de las diferentes zonas, entre otros.<br><\/p>\n\n\n\n<p><strong><em>Departamento de Prensa<\/em><\/strong><\/p>\n\n\n\n<p><em><strong>Direcci\u00f3n de Asuntos Civiles del Estado Mayor Conjunto, J5<\/strong><\/em><\/p>\n\n\n\n<p><em><strong>Ministerio de Defensa de Rep\u00fablica Dominicana<\/strong><\/em><\/p>\n","protected":false},"excerpt":{"rendered":"<p>En un acto encabezado por el ministro de Defensa, teniente general Carlos Luciano D\u00edaz Morfa, ERD., fue posicionado el mayor general Carlos A. Fern\u00e1ndez Onofre comandante general del Ej\u00e9rcito, quien a partir de la fecha asume el mando del Comando Conjunto Unificado de las Fuerzas Armadas. Desde esa instancia militar, se dirigen las operaciones conjuntas [&hellip;]<\/p>\n","protected":false},"author":2,"featured_media":511974,"comment_status":"closed","ping_status":"","sticky":false,"template":"","format":"standard","meta":{"footnotes":""},"categories":[36,20,27],"tags":[],"class_list":["post-511972","post","type-post","status-publish","format-standard","has-post-thumbnail","hentry","category-hombresmujeresycosas","category-dominicana-hoy","category-portada"],"_links":{"self":[{"href":"https:\/\/diariodominicano.com\/index.php?rest_route=\/wp\/v2\/posts\/511972","targetHints":{"allow":["GET"]}}],"collection":[{"href":"https:\/\/diariodominicano.com\/index.php?rest_route=\/wp\/v2\/posts"}],"about":[{"href":"https:\/\/diariodominicano.com\/index.php?rest_route=\/wp\/v2\/types\/post"}],"author":[{"embeddable":true,"href":"https:\/\/diariodominicano.com\/index.php?rest_route=\/wp\/v2\/users\/2"}],"replies":[{"embeddable":true,"href":"https:\/\/diariodominicano.com\/index.php?rest_route=%2Fwp%2Fv2%2Fcomments&post=511972"}],"version-history":[{"count":3,"href":"https:\/\/diariodominicano.com\/index.php?rest_route=\/wp\/v2\/posts\/511972\/revisions"}],"predecessor-version":[{"id":511982,"href":"https:\/\/diariodominicano.com\/index.php?rest_route=\/wp\/v2\/posts\/511972\/revisions\/511982"}],"wp:featuredmedia":[{"embeddable":true,"href":"https:\/\/diariodominicano.com\/index.php?rest_route=\/wp\/v2\/media\/511974"}],"wp:attachment":[{"href":"https:\/\/diariodominicano.com\/index.php?rest_route=%2Fwp%2Fv2%2Fmedia&parent=511972"}],"wp:term":[{"taxonomy":"category","embeddable":true,"href":"https:\/\/diariodominicano.com\/index.php?rest_route=%2Fwp%2Fv2%2Fcategories&post=511972"},{"taxonomy":"post_tag","embeddable":true,"href":"https:\/\/diariodominicano.com\/index.php?rest_route=%2Fwp%2Fv2%2Ftags&post=511972"}],"curies":[{"name":"wp","href":"https:\/\/api.w.org\/{rel}","templated":true}]}}