{"id":511888,"date":"2024-03-01T22:59:07","date_gmt":"2024-03-02T02:59:07","guid":{"rendered":"https:\/\/diariodominicano.com\/?p=511888"},"modified":"2024-03-01T23:14:03","modified_gmt":"2024-03-02T03:14:03","slug":"la-embajada-de-la-republica-dominicana-en-los-estados-unidos-mexicanos-celebra-el-180-aniversario-de-la-independencia-dominicana-con-la-jornada-dominicana-en-mexico-2024","status":"publish","type":"post","link":"https:\/\/diariodominicano.com\/?p=511888","title":{"rendered":"La Embajada de la Rep\u00fablica Dominicana en los Estados Unidos Mexicanos celebra  el 180 Aniversario de la Independencia Dominicana con la Jornada Dominicana en M\u00e9xico 2024"},"content":{"rendered":"\n<p>El Sr. Jean Paul Farah, la Excma. Sra. Mari\u0301a Isabel Castillo, Embajadora de la Repu\u0301blica Dominicana en los Estados Unidos Mexicanos y el Sr. Imanol Belausteguigoitia<\/p>\n\n\n\n<p><strong>Las actividades buscan proyectar&nbsp; la Rep\u00fablica Dominicana desde la cultura, la ciudadan\u00eda, el comercio e inversi\u00f3n.&nbsp;&nbsp;<\/strong><\/p>\n\n\n\n<figure class=\"wp-block-image size-large\"><img loading=\"lazy\" decoding=\"async\" width=\"1024\" height=\"682\" src=\"https:\/\/diariodominicano.com\/wp-content\/uploads\/2024\/03\/La-Embajadora-Maria-Isabel-Castillo-y-Alejandrina-Corona-en-la-Fiesta-Nacional-1024x682.jpg\" alt=\"\" class=\"wp-image-511891\" srcset=\"https:\/\/diariodominicano.com\/wp-content\/uploads\/2024\/03\/La-Embajadora-Maria-Isabel-Castillo-y-Alejandrina-Corona-en-la-Fiesta-Nacional-1024x682.jpg 1024w, https:\/\/diariodominicano.com\/wp-content\/uploads\/2024\/03\/La-Embajadora-Maria-Isabel-Castillo-y-Alejandrina-Corona-en-la-Fiesta-Nacional-300x200.jpg 300w, https:\/\/diariodominicano.com\/wp-content\/uploads\/2024\/03\/La-Embajadora-Maria-Isabel-Castillo-y-Alejandrina-Corona-en-la-Fiesta-Nacional-768x512.jpg 768w, https:\/\/diariodominicano.com\/wp-content\/uploads\/2024\/03\/La-Embajadora-Maria-Isabel-Castillo-y-Alejandrina-Corona-en-la-Fiesta-Nacional-1536x1024.jpg 1536w, https:\/\/diariodominicano.com\/wp-content\/uploads\/2024\/03\/La-Embajadora-Maria-Isabel-Castillo-y-Alejandrina-Corona-en-la-Fiesta-Nacional-816x544.jpg 816w, https:\/\/diariodominicano.com\/wp-content\/uploads\/2024\/03\/La-Embajadora-Maria-Isabel-Castillo-y-Alejandrina-Corona-en-la-Fiesta-Nacional.jpg 1856w\" sizes=\"auto, (max-width: 1024px) 100vw, 1024px\" \/><\/figure>\n\n\n\n<p><strong>La Embajadora Mari\u0301a Isabel Castillo y Alejandrina Corona en la Fiesta Nacional.<\/strong><\/p>\n\n\n\n<figure class=\"wp-block-image size-large\"><img loading=\"lazy\" decoding=\"async\" width=\"1024\" height=\"683\" src=\"https:\/\/diariodominicano.com\/wp-content\/uploads\/2024\/03\/2-La-Embajadora-Maria-Isabel-Castillo-y-el-cuerpo-diplomatico-dominicano-en-Mexico-1024x683.jpeg\" alt=\"\" class=\"wp-image-511894\" srcset=\"https:\/\/diariodominicano.com\/wp-content\/uploads\/2024\/03\/2-La-Embajadora-Maria-Isabel-Castillo-y-el-cuerpo-diplomatico-dominicano-en-Mexico-1024x683.jpeg 1024w, https:\/\/diariodominicano.com\/wp-content\/uploads\/2024\/03\/2-La-Embajadora-Maria-Isabel-Castillo-y-el-cuerpo-diplomatico-dominicano-en-Mexico-300x200.jpeg 300w, https:\/\/diariodominicano.com\/wp-content\/uploads\/2024\/03\/2-La-Embajadora-Maria-Isabel-Castillo-y-el-cuerpo-diplomatico-dominicano-en-Mexico-768x512.jpeg 768w, https:\/\/diariodominicano.com\/wp-content\/uploads\/2024\/03\/2-La-Embajadora-Maria-Isabel-Castillo-y-el-cuerpo-diplomatico-dominicano-en-Mexico-1536x1024.jpeg 1536w, https:\/\/diariodominicano.com\/wp-content\/uploads\/2024\/03\/2-La-Embajadora-Maria-Isabel-Castillo-y-el-cuerpo-diplomatico-dominicano-en-Mexico-816x544.jpeg 816w, https:\/\/diariodominicano.com\/wp-content\/uploads\/2024\/03\/2-La-Embajadora-Maria-Isabel-Castillo-y-el-cuerpo-diplomatico-dominicano-en-Mexico.jpeg 1678w\" sizes=\"auto, (max-width: 1024px) 100vw, 1024px\" \/><\/figure>\n\n\n\n<p><strong>La Embajadora Mari\u0301a Isabel Castillo y el cuerpo diploma\u0301tico dominicano en Me\u0301xico<\/strong>.<\/p>\n\n\n\n<p>La Embajada Dominicana en M\u00e9xico celebra por todo lo alto el 180 Aniversario de la Independencia de la Rep\u00fablica Dominicana con una serie de actividades enmarcadas en la iniciativa \u201cJornada Dominicana en M\u00e9xico 2024\u201d con el fin de proyectar a la Rep\u00fablica Dominicana a trav\u00e9s de la cultura, m\u00fasica, gastronom\u00eda y ciudadan\u00eda y destacar al pa\u00eds\u00a0 como socio comercial y destino de inversi\u00f3n.\u00a0<\/p>\n\n\n\n<p>Se trata de una iniciativa que la misi\u00f3n en M\u00e9xico realiza a\u00f1o tras a\u00f1o y que ha logrado ir posicionando a la Rep\u00fablica Dominicana en la mente y los gustos del mexicano, a trav\u00e9s de campa\u00f1as en medios digitales, activaciones, sesiones informativas y colaboraciones con distintas empresas e instituciones mexicanas y dominicanas.<\/p>\n\n\n\n<figure class=\"wp-block-image size-large\"><img loading=\"lazy\" decoding=\"async\" width=\"683\" height=\"1024\" src=\"https:\/\/diariodominicano.com\/wp-content\/uploads\/2024\/03\/Los-asistentes-disfrutaron-de-un-juego-de-pelota-virtual-en-la-Fiesta-Nacional-683x1024.jpeg\" alt=\"\" class=\"wp-image-511898\" srcset=\"https:\/\/diariodominicano.com\/wp-content\/uploads\/2024\/03\/Los-asistentes-disfrutaron-de-un-juego-de-pelota-virtual-en-la-Fiesta-Nacional-683x1024.jpeg 683w, https:\/\/diariodominicano.com\/wp-content\/uploads\/2024\/03\/Los-asistentes-disfrutaron-de-un-juego-de-pelota-virtual-en-la-Fiesta-Nacional-200x300.jpeg 200w, https:\/\/diariodominicano.com\/wp-content\/uploads\/2024\/03\/Los-asistentes-disfrutaron-de-un-juego-de-pelota-virtual-en-la-Fiesta-Nacional-768x1152.jpeg 768w, https:\/\/diariodominicano.com\/wp-content\/uploads\/2024\/03\/Los-asistentes-disfrutaron-de-un-juego-de-pelota-virtual-en-la-Fiesta-Nacional-1024x1536.jpeg 1024w, https:\/\/diariodominicano.com\/wp-content\/uploads\/2024\/03\/Los-asistentes-disfrutaron-de-un-juego-de-pelota-virtual-en-la-Fiesta-Nacional-1366x2048.jpeg 1366w, https:\/\/diariodominicano.com\/wp-content\/uploads\/2024\/03\/Los-asistentes-disfrutaron-de-un-juego-de-pelota-virtual-en-la-Fiesta-Nacional-816x1224.jpeg 816w, https:\/\/diariodominicano.com\/wp-content\/uploads\/2024\/03\/Los-asistentes-disfrutaron-de-un-juego-de-pelota-virtual-en-la-Fiesta-Nacional.jpeg 1547w\" sizes=\"auto, (max-width: 683px) 100vw, 683px\" \/><\/figure>\n\n\n\n<p><strong>Los asistentes disfrutaron de un juego de pelota virtual en la Fiesta Nacional<\/strong><\/p>\n\n\n\n<p>Este a\u00f1o, la agenda ha incluido:<\/p>\n\n\n\n<p><strong>21 de enero<\/strong><\/p>\n\n\n\n<p>\u00a0<em>Misa en honor a la Virgen de la Altagracia.<\/em>\u00a0En la Catedral Metropolitana de la Ciudad de M\u00e9xico, donde se dio cita un nutrido grupo de la comunidad dominicana residente en M\u00e9xico, fieles mexicanos y diplom\u00e1ticos, unidos en torno a la imagen de la Virgen como elemento de identidad dominicana, en una misa oficiada por el Dean de la Catedral, Cgo. Ricardo Valenzuela.<\/p>\n\n\n\n<p><strong>7 de febrero<\/strong><\/p>\n\n\n\n<p><em>Feria de Arte Contempor\u00e1neo MACO 2024<\/em>.\u00a0 La cultura y el arte dominicanos fueron protagonistas en la Feria de Arte Contempor\u00e1neo MACO 2024, en donde se desarroll\u00f3 el panel \u201cExploraciones diagn\u00f3sticas\u00a0\u00a0sobre la fotograf\u00eda contempor\u00e1nea\u201d moderado por el artista dominicano Luis Graham, quien fue el curador\u00a0 de ZONAMACO Foto.\u00a0 La misi\u00f3n diplom\u00e1tica acompa\u00f1\u00f3 a la delegaci\u00f3n dominicana que particip\u00f3 en Zona Maco, convocando p\u00fablico y difundiendo la presencia dominicana en la feria.\u00a0<\/p>\n\n\n\n<p><strong>13 de febrero<\/strong>.\u00a0<\/p>\n\n\n\n<p><em>Presentaci\u00f3n de Marcas de moda dominicanas.<\/em>\u00a0Ante un selecto p\u00fablico, se presentaron en el evento\u00a0 ben\u00e9fico\u00a0 \u201cAMA con causa\u201d las marcas dominicanas Ind\u00f3-mita y Jenny Polanco. En la actividad, ambas marcas presentaron sus \u00faltimas colecciones y compartieron con los asistentes la historia detr\u00e1s de cada proyecto, uni\u00e9ndose as\u00ed, en solidaridad, a los damnificados en las costas de Guerrero por el paso del Hurac\u00e1n Otis.<\/p>\n\n\n\n<figure class=\"wp-block-image size-large\"><img loading=\"lazy\" decoding=\"async\" width=\"1024\" height=\"683\" src=\"https:\/\/diariodominicano.com\/wp-content\/uploads\/2024\/03\/La-Embajadora-Maria-Isabel-Castillo-acompana-a-la-chef-dominicana-Ana-Lebron-y-al-chef-colombiando-Sebastian-Pinzon-en-la-inauguracion-de-La-Noche-Dominicana-1024x683.jpeg\" alt=\"\" class=\"wp-image-511901\" srcset=\"https:\/\/diariodominicano.com\/wp-content\/uploads\/2024\/03\/La-Embajadora-Maria-Isabel-Castillo-acompana-a-la-chef-dominicana-Ana-Lebron-y-al-chef-colombiando-Sebastian-Pinzon-en-la-inauguracion-de-La-Noche-Dominicana-1024x683.jpeg 1024w, https:\/\/diariodominicano.com\/wp-content\/uploads\/2024\/03\/La-Embajadora-Maria-Isabel-Castillo-acompana-a-la-chef-dominicana-Ana-Lebron-y-al-chef-colombiando-Sebastian-Pinzon-en-la-inauguracion-de-La-Noche-Dominicana-300x200.jpeg 300w, https:\/\/diariodominicano.com\/wp-content\/uploads\/2024\/03\/La-Embajadora-Maria-Isabel-Castillo-acompana-a-la-chef-dominicana-Ana-Lebron-y-al-chef-colombiando-Sebastian-Pinzon-en-la-inauguracion-de-La-Noche-Dominicana-768x512.jpeg 768w, https:\/\/diariodominicano.com\/wp-content\/uploads\/2024\/03\/La-Embajadora-Maria-Isabel-Castillo-acompana-a-la-chef-dominicana-Ana-Lebron-y-al-chef-colombiando-Sebastian-Pinzon-en-la-inauguracion-de-La-Noche-Dominicana-1536x1024.jpeg 1536w, https:\/\/diariodominicano.com\/wp-content\/uploads\/2024\/03\/La-Embajadora-Maria-Isabel-Castillo-acompana-a-la-chef-dominicana-Ana-Lebron-y-al-chef-colombiando-Sebastian-Pinzon-en-la-inauguracion-de-La-Noche-Dominicana-816x544.jpeg 816w, https:\/\/diariodominicano.com\/wp-content\/uploads\/2024\/03\/La-Embajadora-Maria-Isabel-Castillo-acompana-a-la-chef-dominicana-Ana-Lebron-y-al-chef-colombiando-Sebastian-Pinzon-en-la-inauguracion-de-La-Noche-Dominicana.jpeg 2005w\" sizes=\"auto, (max-width: 1024px) 100vw, 1024px\" \/><\/figure>\n\n\n\n<p><strong>La Embajadora Mari\u0301a Isabel Castillo acompan\u0303a a la chef dominicana Ana Lebro\u0301n y al chef colombiano Sebastia\u0301n Pinzo\u0301n en la inauguracio\u0301n de La Noche Dominicana<\/strong><\/p>\n\n\n\n<p><strong>27 de febrero<\/strong><\/p>\n\n\n\n<p><em>Conmemoraci\u00f3n del D\u00eda de la Independencia<\/em>.\u00a0 Se celebr\u00f3 la recepci\u00f3n oficial a la que asistieron embajadores, miembros del cuerpo diplom\u00e1tico acreditado en M\u00e9xico, representantes gubernamentales y empresariado\u00a0 mexicano, en el Museo de la Bola de Ciudad de M\u00e9xico.\u00a0\u00a0<\/p>\n\n\n\n<p>En el encuentro, la Embajadora Mar\u00eda Isabel Castillo resalt\u00f3 la antigua amistad que une a M\u00e9xico y a la Rep\u00fablica Dominicana, la revitalizada vinculaci\u00f3n que ambos pa\u00edses est\u00e1n construyendo, as\u00ed como la disposici\u00f3n de seguir fortaleciendo la cooperaci\u00f3n bilateral.&nbsp; La Embajadora resalt\u00f3 tres puntos importantes de la relaci\u00f3n bilateral actual:&nbsp;<\/p>\n\n\n\n<p>\u00b7&nbsp;&nbsp;&nbsp;&nbsp;&nbsp;&nbsp;&nbsp;M\u00e9xico ocupa el segundo lugar en inversi\u00f3n extranjera en la Rep\u00fablica Dominicana en el per\u00edodo 2019-2023.<\/p>\n\n\n\n<p>\u00b7&nbsp;&nbsp;&nbsp;&nbsp;&nbsp;&nbsp;&nbsp;El intercambio comercial el a\u00f1o pasado fue de m\u00e1s de 1,400 millones de d\u00f3lares (cifra nunca antes alcanzada en el comercio bilateral).&nbsp;<\/p>\n\n\n\n<p>\u00b7&nbsp;&nbsp;&nbsp;&nbsp;&nbsp;&nbsp;&nbsp;El turismo desde M\u00e9xico a Rep\u00fablica Dominicana aument\u00f3 de 49,450 turistas en el 2019 a 86,451 turistas en 2023.&nbsp;<\/p>\n\n\n\n<p>El Sr. Imanol Belausteguigoitia, Director General de Centroam\u00e9rica y el Caribe de&nbsp; la Secretar\u00eda de Relaciones Exteriores de M\u00e9xico felicit\u00f3 a la Rep\u00fablica Dominicana por tan importante conmemoraci\u00f3n y celebr\u00f3 el fortalecimiento de las relaciones entre el pueblo dominicano y mexicano.<\/p>\n\n\n\n<p>En la noche, se iluminaron seis monumentos de la Ciudad de M\u00e9xico con los colores patrios, al tiempo que se celebraba en el Museo de la Bola una gran fiesta para la comunidad dominicana radicada en el pa\u00eds azteca. En el evento se reforz\u00f3 la dominicanidad como elemento de uni\u00f3n de los dominicanos en el exterior a trav\u00e9s de las palabras de la Embajadora Mar\u00eda Isabel Castillo, de videos y de la presentaci\u00f3n de la orquesta musical dominicana Kandelazo.<\/p>\n\n\n\n<figure class=\"wp-block-image size-large\"><img loading=\"lazy\" decoding=\"async\" width=\"1024\" height=\"682\" src=\"https:\/\/diariodominicano.com\/wp-content\/uploads\/2024\/03\/3-Concierto-acustico-del-dominicano-Yasser-Tejeda-1024x682.jpg\" alt=\"\" class=\"wp-image-511896\" srcset=\"https:\/\/diariodominicano.com\/wp-content\/uploads\/2024\/03\/3-Concierto-acustico-del-dominicano-Yasser-Tejeda-1024x682.jpg 1024w, https:\/\/diariodominicano.com\/wp-content\/uploads\/2024\/03\/3-Concierto-acustico-del-dominicano-Yasser-Tejeda-300x200.jpg 300w, https:\/\/diariodominicano.com\/wp-content\/uploads\/2024\/03\/3-Concierto-acustico-del-dominicano-Yasser-Tejeda-768x512.jpg 768w, https:\/\/diariodominicano.com\/wp-content\/uploads\/2024\/03\/3-Concierto-acustico-del-dominicano-Yasser-Tejeda-1536x1024.jpg 1536w, https:\/\/diariodominicano.com\/wp-content\/uploads\/2024\/03\/3-Concierto-acustico-del-dominicano-Yasser-Tejeda-816x544.jpg 816w, https:\/\/diariodominicano.com\/wp-content\/uploads\/2024\/03\/3-Concierto-acustico-del-dominicano-Yasser-Tejeda.jpg 1856w\" sizes=\"auto, (max-width: 1024px) 100vw, 1024px\" \/><\/figure>\n\n\n\n<p>Concierto acu\u0301stico del dominicano Yasser Tejeda<\/p>\n\n\n\n<p><strong>28 de febrero<\/strong><\/p>\n\n\n\n<p><em>Presentaci\u00f3n ac\u00fastica del artista dominicano Yasser Tejeda titulada \u201cHistoria del bolero, la bachata y el merengue\u201d<\/em>\u00a0. Este evento abierto al p\u00fablico en general\u00a0 tuvo lugar en el anfiteatro de la Plaza Loreto y dio a conocer las ra\u00edces de la m\u00fasica dominicana a un variado p\u00fablico de mexicanos y dominicanos.<\/p>\n\n\n\n<p><strong>29 de febrero<\/strong>\u00a0.<\/p>\n\n\n\n<p>\u00a0<em>Inauguraci\u00f3n de la iniciativa \u201cNoches Dominicanas\u201d.<\/em>\u00a0Se inaugur\u00f3 la iniciativa que proyecta celebrar una N<em>oche Dominicana<\/em>\u00a0en el restaurante La Palapa Cantina Caribe\u00f1a, cada dos meses, en la que se podr\u00e1 degustar un men\u00fa dominicano dise\u00f1ado por la Chef Ana Lebr\u00f3n y bailar al ritmo de la bachata y el merengue. Esta iniciativa recae dentro del programa de diplomacia gastron\u00f3mica de la Canciller\u00eda dominicana.<\/p>\n\n\n\n<p>La agenda continuar\u00e1 este mes de marzo con una conferencia en el marco de la C\u00e1tedra de Pedro Henr\u00edquez Ure\u00f1a en la Universidad Aut\u00f3noma de M\u00e9xico, impartida por el Dr. Alfredo Kramarz, y con&nbsp; la sesi\u00f3n de negocios \u201cRep\u00fablica Dominicana: un pa\u00eds de grandes oportunidades\u201d que se dirigir\u00e1 al empresariado en el Estado de Quer\u00e9taro, conocido por su industria aeron\u00e1utica y manufacturera, continuando con los esfuerzos de la misi\u00f3n por generar encadenamientos productivos entre las industrias dominicanas y mexicanas.<\/p>\n\n\n\n<p>&nbsp;Para cerrar con broche de oro, la misi\u00f3n inaugurar\u00e1 el Jard\u00edn Rep\u00fablica Dominicana y el Monumento a Juan Pablo Duarte ubicado en una de las principales avenidas de la Ciudad de M\u00e9xico.&nbsp;&nbsp;<\/p>\n\n\n\n<p><strong><em>Viernes 1 de marzo 2024<\/em><\/strong><\/p>\n\n\n\n<p><strong><em>Ciudad de M\u00e9xico, M\u00e9xico.<\/em><\/strong><\/p>\n\n\n\n<p>Embajada de Rep\u00fablica Dominicana en M\u00e9xico Administrador<\/p>\n\n\n\n<p><a href=\"mailto:admin@embadom.org\" target=\"_blank\" rel=\"noreferrer noopener\">admin@embadom.org<\/a><\/p>\n","protected":false},"excerpt":{"rendered":"<p>El Sr. Jean Paul Farah, la Excma. Sra. Mari\u0301a Isabel Castillo, Embajadora de la Repu\u0301blica Dominicana en los Estados Unidos Mexicanos y el Sr. Imanol Belausteguigoitia Las actividades buscan proyectar&nbsp; la Rep\u00fablica Dominicana desde la cultura, la ciudadan\u00eda, el comercio e inversi\u00f3n.&nbsp;&nbsp; La Embajadora Mari\u0301a Isabel Castillo y Alejandrina Corona en la Fiesta Nacional. La [&hellip;]<\/p>\n","protected":false},"author":2,"featured_media":511889,"comment_status":"closed","ping_status":"","sticky":false,"template":"","format":"standard","meta":{"footnotes":""},"categories":[21,36,26,27],"tags":[],"class_list":["post-511888","post","type-post","status-publish","format-standard","has-post-thumbnail","hentry","category-cultura","category-hombresmujeresycosas","category-efemerides","category-portada"],"_links":{"self":[{"href":"https:\/\/diariodominicano.com\/index.php?rest_route=\/wp\/v2\/posts\/511888","targetHints":{"allow":["GET"]}}],"collection":[{"href":"https:\/\/diariodominicano.com\/index.php?rest_route=\/wp\/v2\/posts"}],"about":[{"href":"https:\/\/diariodominicano.com\/index.php?rest_route=\/wp\/v2\/types\/post"}],"author":[{"embeddable":true,"href":"https:\/\/diariodominicano.com\/index.php?rest_route=\/wp\/v2\/users\/2"}],"replies":[{"embeddable":true,"href":"https:\/\/diariodominicano.com\/index.php?rest_route=%2Fwp%2Fv2%2Fcomments&post=511888"}],"version-history":[{"count":7,"href":"https:\/\/diariodominicano.com\/index.php?rest_route=\/wp\/v2\/posts\/511888\/revisions"}],"predecessor-version":[{"id":511902,"href":"https:\/\/diariodominicano.com\/index.php?rest_route=\/wp\/v2\/posts\/511888\/revisions\/511902"}],"wp:featuredmedia":[{"embeddable":true,"href":"https:\/\/diariodominicano.com\/index.php?rest_route=\/wp\/v2\/media\/511889"}],"wp:attachment":[{"href":"https:\/\/diariodominicano.com\/index.php?rest_route=%2Fwp%2Fv2%2Fmedia&parent=511888"}],"wp:term":[{"taxonomy":"category","embeddable":true,"href":"https:\/\/diariodominicano.com\/index.php?rest_route=%2Fwp%2Fv2%2Fcategories&post=511888"},{"taxonomy":"post_tag","embeddable":true,"href":"https:\/\/diariodominicano.com\/index.php?rest_route=%2Fwp%2Fv2%2Ftags&post=511888"}],"curies":[{"name":"wp","href":"https:\/\/api.w.org\/{rel}","templated":true}]}}