{"id":511868,"date":"2024-03-01T13:46:35","date_gmt":"2024-03-01T17:46:35","guid":{"rendered":"https:\/\/diariodominicano.com\/?p=511868"},"modified":"2024-03-01T13:46:35","modified_gmt":"2024-03-01T17:46:35","slug":"aditex-anuncia-designacion-de-nuevo-director-ejecutivo","status":"publish","type":"post","link":"https:\/\/diariodominicano.com\/?p=511868","title":{"rendered":"ADITEX anuncia designaci\u00f3n de nuevo Director Ejecutivo"},"content":{"rendered":"\n<p>diariodominicano.com<\/p>\n\n\n\n<p>.Santo Domingo, R. D.,\u20021 de marzo, 2024.- La Asociaci\u00f3n Dominicana de Industrias Textiles (ADITEX) anunci\u00f3 la designaci\u00f3n de un nuevo Director Ejecutivo, que inici\u00f3 sus funciones este 1ro de marzo.<\/p>\n\n\n\n<p>La informaci\u00f3n fue ofrecida por el licenciado Ren\u00e9 Rivas, presidente de ADITEX, quien comunic\u00f3 que esa responsabilidad estar\u00e1 a cargo del mercad\u00f3logo Rommel Miguel Santos Rodr\u00edguez.<\/p>\n\n\n\n<p>Rivas dijo que la designaci\u00f3n forma parte de un programa de acci\u00f3n de la entidad, con el objetivo fortalecer el sector de las industrias textiles y a sus asociados para competir en el mercado mundial de ropa y accesorios de vestir y, especialmente, en el mercado dominicano, que cada vez es m\u00e1s importante y demandante de estos productos.<\/p>\n\n\n\n<p>Perfil de Rommel Miguel Santos Rodr\u00edguez<\/p>\n\n\n\n<p>Santos Rodr\u00edguez es graduado de Licenciatura en Mercadeo del Instituto Tecnol\u00f3gico de Santo Domingo (INTEC) y obtuvo una maestr\u00eda en Alta Gerencia, Diplomado en Pedagog\u00eda Universitaria, Diplomado en Gesti\u00f3n de Docencia, Gerencia en Gesti\u00f3n de Servicios, entre otros seminarios y cursos.<\/p>\n\n\n\n<p>Adem\u00e1s, se desempe\u00f1a como consultor empresarial.<\/p>\n\n\n\n<p>Acerca de ADITEX<\/p>\n\n\n\n<p>ADITEX es la asociaci\u00f3n que agrupa a las industrias de la rama textil y a los fabricantes de ropas de la Rep\u00fablica Dominicana, fundada el 18 de abril del 1979.<\/p>\n\n\n\n<p>La iniciativa fue impulsada por un grupo de empresarios textiles que buscaban en la unidad una soluci\u00f3n a los problemas comunes, cuyo inter\u00e9s principal es defender y representar los intereses de las empresas textiles.&#8211;<\/p>\n\n\n\n<p><strong>Periodista Robinson Castro,&nbsp;<\/strong><\/p>\n","protected":false},"excerpt":{"rendered":"<p>diariodominicano.com .Santo Domingo, R. D.,\u20021 de marzo, 2024.- La Asociaci\u00f3n Dominicana de Industrias Textiles (ADITEX) anunci\u00f3 la designaci\u00f3n de un nuevo Director Ejecutivo, que inici\u00f3 sus funciones este 1ro de marzo. La informaci\u00f3n fue ofrecida por el licenciado Ren\u00e9 Rivas, presidente de ADITEX, quien comunic\u00f3 que esa responsabilidad estar\u00e1 a cargo del mercad\u00f3logo Rommel Miguel [&hellip;]<\/p>\n","protected":false},"author":5,"featured_media":511869,"comment_status":"closed","ping_status":"","sticky":true,"template":"","format":"standard","meta":{"footnotes":""},"categories":[20,27],"tags":[],"class_list":["post-511868","post","type-post","status-publish","format-standard","has-post-thumbnail","hentry","category-dominicana-hoy","category-portada"],"_links":{"self":[{"href":"https:\/\/diariodominicano.com\/index.php?rest_route=\/wp\/v2\/posts\/511868","targetHints":{"allow":["GET"]}}],"collection":[{"href":"https:\/\/diariodominicano.com\/index.php?rest_route=\/wp\/v2\/posts"}],"about":[{"href":"https:\/\/diariodominicano.com\/index.php?rest_route=\/wp\/v2\/types\/post"}],"author":[{"embeddable":true,"href":"https:\/\/diariodominicano.com\/index.php?rest_route=\/wp\/v2\/users\/5"}],"replies":[{"embeddable":true,"href":"https:\/\/diariodominicano.com\/index.php?rest_route=%2Fwp%2Fv2%2Fcomments&post=511868"}],"version-history":[{"count":1,"href":"https:\/\/diariodominicano.com\/index.php?rest_route=\/wp\/v2\/posts\/511868\/revisions"}],"predecessor-version":[{"id":511870,"href":"https:\/\/diariodominicano.com\/index.php?rest_route=\/wp\/v2\/posts\/511868\/revisions\/511870"}],"wp:featuredmedia":[{"embeddable":true,"href":"https:\/\/diariodominicano.com\/index.php?rest_route=\/wp\/v2\/media\/511869"}],"wp:attachment":[{"href":"https:\/\/diariodominicano.com\/index.php?rest_route=%2Fwp%2Fv2%2Fmedia&parent=511868"}],"wp:term":[{"taxonomy":"category","embeddable":true,"href":"https:\/\/diariodominicano.com\/index.php?rest_route=%2Fwp%2Fv2%2Fcategories&post=511868"},{"taxonomy":"post_tag","embeddable":true,"href":"https:\/\/diariodominicano.com\/index.php?rest_route=%2Fwp%2Fv2%2Ftags&post=511868"}],"curies":[{"name":"wp","href":"https:\/\/api.w.org\/{rel}","templated":true}]}}