{"id":511832,"date":"2024-03-01T10:51:52","date_gmt":"2024-03-01T14:51:52","guid":{"rendered":"https:\/\/diariodominicano.com\/?p=511832"},"modified":"2024-03-01T10:51:52","modified_gmt":"2024-03-01T14:51:52","slug":"alcaldia-del-dn-anuncia-inicio-de-remozamiento-del-parque-tematico-ambiental-los-proceres","status":"publish","type":"post","link":"https:\/\/diariodominicano.com\/?p=511832","title":{"rendered":"Alcald\u00eda del DN anuncia inicio de remozamiento del Parque Tem\u00e1tico Ambiental Los Pr\u00f3ceres"},"content":{"rendered":"\n<p>diariodominicano.com<\/p>\n\n\n\n<p><strong>Santo Domingo, R. D., 1 de marzo, 2024.-<\/strong>\u00a0La Alcald\u00eda del Distrito Nacional anuncia el cierre temporal del Parque Tem\u00e1tico Ambiental ubicado en la intersecci\u00f3n de la Avenida John F. Kennedy y Los Pr\u00f3ceres, debido a las labores de remodelaci\u00f3n que se est\u00e1n llevando a cabo para mejorar y embellecer este espacio.<\/p>\n\n\n\n<p>Este proyecto de revitalizaci\u00f3n busca ofrecer a los ciudadanos un entorno m\u00e1s seguro, moderno y funcional para el disfrute de actividades recreativas y de esparcimiento. Durante este per\u00edodo de cierre, se realizar\u00e1n diversas mejoras que incluyen la renovaci\u00f3n de \u00e1reas verdes, la instalaci\u00f3n de nuevas infraestructuras y la implementaci\u00f3n de medidas para la conservaci\u00f3n del medio ambiente.<\/p>\n\n\n\n<p><strong>Paso peatonal seguro<\/strong><\/p>\n\n\n\n<p>Con el prop\u00f3sito de garantizar la seguridad y comodidad de los transe\u00fantes, la alcald\u00eda ha habilitado y se\u00f1alizado un acceso peatonal dentro del parque. Este acceso garantizar\u00e1 la seguridad y comodidad de los transe\u00fantes, permiti\u00e9ndoles trasladarse a sus destinos de forma segura mientras se llevan a cabo las labores de remodelaci\u00f3n.<\/p>\n\n\n\n<p>Agradecemos la comprensi\u00f3n y colaboraci\u00f3n de todos los ciudadanos durante este proceso de mejora que contribuir\u00e1 al bienestar y embellecimiento del entorno urbano.<\/p>\n\n\n\n<figure class=\"wp-block-table\"><table><tbody><tr><td><strong>Comunicaciones ADN<\/strong><\/td><\/tr><\/tbody><\/table><\/figure>\n","protected":false},"excerpt":{"rendered":"<p>diariodominicano.com Santo Domingo, R. D., 1 de marzo, 2024.-\u00a0La Alcald\u00eda del Distrito Nacional anuncia el cierre temporal del Parque Tem\u00e1tico Ambiental ubicado en la intersecci\u00f3n de la Avenida John F. Kennedy y Los Pr\u00f3ceres, debido a las labores de remodelaci\u00f3n que se est\u00e1n llevando a cabo para mejorar y embellecer este espacio. Este proyecto de [&hellip;]<\/p>\n","protected":false},"author":5,"featured_media":511833,"comment_status":"closed","ping_status":"","sticky":true,"template":"","format":"standard","meta":{"footnotes":""},"categories":[20,27],"tags":[],"class_list":["post-511832","post","type-post","status-publish","format-standard","has-post-thumbnail","hentry","category-dominicana-hoy","category-portada"],"_links":{"self":[{"href":"https:\/\/diariodominicano.com\/index.php?rest_route=\/wp\/v2\/posts\/511832","targetHints":{"allow":["GET"]}}],"collection":[{"href":"https:\/\/diariodominicano.com\/index.php?rest_route=\/wp\/v2\/posts"}],"about":[{"href":"https:\/\/diariodominicano.com\/index.php?rest_route=\/wp\/v2\/types\/post"}],"author":[{"embeddable":true,"href":"https:\/\/diariodominicano.com\/index.php?rest_route=\/wp\/v2\/users\/5"}],"replies":[{"embeddable":true,"href":"https:\/\/diariodominicano.com\/index.php?rest_route=%2Fwp%2Fv2%2Fcomments&post=511832"}],"version-history":[{"count":1,"href":"https:\/\/diariodominicano.com\/index.php?rest_route=\/wp\/v2\/posts\/511832\/revisions"}],"predecessor-version":[{"id":511834,"href":"https:\/\/diariodominicano.com\/index.php?rest_route=\/wp\/v2\/posts\/511832\/revisions\/511834"}],"wp:featuredmedia":[{"embeddable":true,"href":"https:\/\/diariodominicano.com\/index.php?rest_route=\/wp\/v2\/media\/511833"}],"wp:attachment":[{"href":"https:\/\/diariodominicano.com\/index.php?rest_route=%2Fwp%2Fv2%2Fmedia&parent=511832"}],"wp:term":[{"taxonomy":"category","embeddable":true,"href":"https:\/\/diariodominicano.com\/index.php?rest_route=%2Fwp%2Fv2%2Fcategories&post=511832"},{"taxonomy":"post_tag","embeddable":true,"href":"https:\/\/diariodominicano.com\/index.php?rest_route=%2Fwp%2Fv2%2Ftags&post=511832"}],"curies":[{"name":"wp","href":"https:\/\/api.w.org\/{rel}","templated":true}]}}