{"id":511817,"date":"2024-03-01T09:38:43","date_gmt":"2024-03-01T13:38:43","guid":{"rendered":"https:\/\/diariodominicano.com\/?p=511817"},"modified":"2024-03-01T09:38:43","modified_gmt":"2024-03-01T13:38:43","slug":"ariel-henry-primer-ministro-de-haiti-presente-en-cumbre-medioambiental-de-la-onu-en-kenya-africa","status":"publish","type":"post","link":"https:\/\/diariodominicano.com\/?p=511817","title":{"rendered":"Ariel Henry, Primer ministro de Hait\u00ed presente en cumbre medioambiental de la ONU,  en Kenya, \u00c1frica"},"content":{"rendered":"\n<p>\/diariodominicano.com<\/p>\n\n\n\n<p>Puerto Pr\u00edncipe, 1 mar (Prensa Latina) El primer ministro de Hait\u00ed, Ariel Henry, participa hoy en la Cumbre sobre Medio Ambiente de la Organizaci\u00f3n de las Naciones Unidas que se celebra en Kenya.<\/p>\n\n\n\n<p>Henry lleg\u00f3 la v\u00edspera a la naci\u00f3n africana, donde los delegados desde hace varios d\u00edas abordan el papel del multilateralismo para enfrentar los desaf\u00edos en los cuidados del planeta.<\/p>\n\n\n\n<p>El debate apunta a la la llamada triple crisis planetaria, fundamentada en el cambio clim\u00e1tico, p\u00e9rdida de biodiversidad y la contaminaci\u00f3n.<\/p>\n\n\n\n<p>Esta es la sexta sesi\u00f3n de la Asamblea de la Organizaci\u00f3n de Naciones Unidas sobre el Medio Ambiente.<\/p>\n\n\n\n<p>Actualmente, el Ministerio de Medio Ambiente de Hait\u00ed mantiene entre sus l\u00edneas estrat\u00e9gicas unir a todos los sectores del pa\u00eds para avanzar en el inventario de los gases de efecto invernadero.<\/p>\n\n\n\n<p>Los convenios firmados por el gobierno haitiano tienen una serie de exigencias, entre ellas la aplicaci\u00f3n de un marco de transparencia reforzado.<\/p>\n\n\n\n<p>El pa\u00eds caribe\u00f1o enfrenta un problema con la recogida de datos sobre los gases de efecto invernadero, y puede observarse una reticencia por parte de ciertos sectores a comunicar datos sobre el tema.<\/p>\n\n\n\n<p>Dicha cartera considera que esa informaci\u00f3n es crucial en la lucha contra el cambio clim\u00e1tico, pero si no est\u00e1 disponible dificulta cumplir las obligaciones en virtud de los acuerdos y convenios firmados por el gobierno en materia medioambiental.<\/p>\n\n\n\n<p>Es imprescindible -seg\u00fan la fuente- contar con la disponibilidad de datos para planificar acciones, calcular tendencias futuras y supervisar el progreso de las acciones ya emprendidas.<\/p>\n\n\n\n<p>El monitoreo de los gases de efecto invernadero es de vital importancia para la reducci\u00f3n de contaminantes y evitar el calentamiento global.<\/p>\n\n\n\n<p>mem\/joe<\/p>\n","protected":false},"excerpt":{"rendered":"<p>\/diariodominicano.com Puerto Pr\u00edncipe, 1 mar (Prensa Latina) El primer ministro de Hait\u00ed, Ariel Henry, participa hoy en la Cumbre sobre Medio Ambiente de la Organizaci\u00f3n de las Naciones Unidas que se celebra en Kenya. Henry lleg\u00f3 la v\u00edspera a la naci\u00f3n africana, donde los delegados desde hace varios d\u00edas abordan el papel del multilateralismo para [&hellip;]<\/p>\n","protected":false},"author":5,"featured_media":511818,"comment_status":"closed","ping_status":"","sticky":true,"template":"","format":"standard","meta":{"footnotes":""},"categories":[112,23,27],"tags":[],"class_list":["post-511817","post","type-post","status-publish","format-standard","has-post-thumbnail","hentry","category-haiti","category-internacional","category-portada"],"_links":{"self":[{"href":"https:\/\/diariodominicano.com\/index.php?rest_route=\/wp\/v2\/posts\/511817","targetHints":{"allow":["GET"]}}],"collection":[{"href":"https:\/\/diariodominicano.com\/index.php?rest_route=\/wp\/v2\/posts"}],"about":[{"href":"https:\/\/diariodominicano.com\/index.php?rest_route=\/wp\/v2\/types\/post"}],"author":[{"embeddable":true,"href":"https:\/\/diariodominicano.com\/index.php?rest_route=\/wp\/v2\/users\/5"}],"replies":[{"embeddable":true,"href":"https:\/\/diariodominicano.com\/index.php?rest_route=%2Fwp%2Fv2%2Fcomments&post=511817"}],"version-history":[{"count":1,"href":"https:\/\/diariodominicano.com\/index.php?rest_route=\/wp\/v2\/posts\/511817\/revisions"}],"predecessor-version":[{"id":511819,"href":"https:\/\/diariodominicano.com\/index.php?rest_route=\/wp\/v2\/posts\/511817\/revisions\/511819"}],"wp:featuredmedia":[{"embeddable":true,"href":"https:\/\/diariodominicano.com\/index.php?rest_route=\/wp\/v2\/media\/511818"}],"wp:attachment":[{"href":"https:\/\/diariodominicano.com\/index.php?rest_route=%2Fwp%2Fv2%2Fmedia&parent=511817"}],"wp:term":[{"taxonomy":"category","embeddable":true,"href":"https:\/\/diariodominicano.com\/index.php?rest_route=%2Fwp%2Fv2%2Fcategories&post=511817"},{"taxonomy":"post_tag","embeddable":true,"href":"https:\/\/diariodominicano.com\/index.php?rest_route=%2Fwp%2Fv2%2Ftags&post=511817"}],"curies":[{"name":"wp","href":"https:\/\/api.w.org\/{rel}","templated":true}]}}