{"id":511745,"date":"2024-03-01T00:37:13","date_gmt":"2024-03-01T04:37:13","guid":{"rendered":"https:\/\/diariodominicano.com\/?p=511745"},"modified":"2024-03-01T00:39:00","modified_gmt":"2024-03-01T04:39:00","slug":"carnaval-del-distrito-nacional-contara-con-tarima-para-personas-con-discapacidad-y-adultos-mayores","status":"publish","type":"post","link":"https:\/\/diariodominicano.com\/?p=511745","title":{"rendered":"Carnaval del Distrito Nacional contar\u00e1 con tarima para personas con discapacidad y adultos mayores: ADN"},"content":{"rendered":"\n<p>La Alcald\u00eda del Distrito Nacional realizar\u00e1 este domingo 3 de marzo el Carnaval en el Malec\u00f3n de Santo Domingo.<\/p>\n\n\n\n<figure class=\"wp-block-image size-large\"><img loading=\"lazy\" decoding=\"async\" width=\"1024\" height=\"682\" src=\"https:\/\/diariodominicano.com\/wp-content\/uploads\/2024\/03\/WhatsApp-Image-2024-02-29-at-4.22.46-PM-1-1024x682.jpeg\" alt=\"\" class=\"wp-image-511748\" srcset=\"https:\/\/diariodominicano.com\/wp-content\/uploads\/2024\/03\/WhatsApp-Image-2024-02-29-at-4.22.46-PM-1-1024x682.jpeg 1024w, https:\/\/diariodominicano.com\/wp-content\/uploads\/2024\/03\/WhatsApp-Image-2024-02-29-at-4.22.46-PM-1-300x200.jpeg 300w, https:\/\/diariodominicano.com\/wp-content\/uploads\/2024\/03\/WhatsApp-Image-2024-02-29-at-4.22.46-PM-1-768x512.jpeg 768w, https:\/\/diariodominicano.com\/wp-content\/uploads\/2024\/03\/WhatsApp-Image-2024-02-29-at-4.22.46-PM-1-1536x1023.jpeg 1536w, https:\/\/diariodominicano.com\/wp-content\/uploads\/2024\/03\/WhatsApp-Image-2024-02-29-at-4.22.46-PM-1-816x544.jpeg 816w, https:\/\/diariodominicano.com\/wp-content\/uploads\/2024\/03\/WhatsApp-Image-2024-02-29-at-4.22.46-PM-1.jpeg 1600w\" sizes=\"auto, (max-width: 1024px) 100vw, 1024px\" \/><\/figure>\n\n\n\n<p>Santo Domingo D.N.- La Alcald\u00eda del Distrito Nacional anunci\u00f3 que por segundo a\u00f1o consecutivo el Carnaval 2024 contar\u00e1 con una tarima inclusiva adaptada con rampas de acceso e interprete en lengua de se\u00f1as para el disfrute de personas con discapacidad y adultos mayores. Esta medida, que forma parte de la visi\u00f3n de inclusi\u00f3n de la gesti\u00f3n de la alcaldesa Carolina Mej\u00eda, busca crear espacios accesibles para todos los ciudadanos.<\/p>\n\n\n\n<p>En\u2002un comunicado de prensa la Alcald\u00eda record\u00f3 que \u00abEsta iniciativa, que se implement\u00f3 por primera vez el a\u00f1o pasado, marca un paso importante como la primera alcald\u00eda en desarrollar tarimas inclusivas en el Carnaval. Esta es una iniciativa de la alcaldesa Carolina Mej\u00eda y del departamento de inclusi\u00f3n del Cabildo, que reafirma el compromiso de la administraci\u00f3n con la igualdad de oportunidades para todos.<\/p>\n\n\n\n<p>El Carnaval se llevar\u00e1 a cabo el pr\u00f3ximo domingo a partir de las tres de la tarde, en el Malec\u00f3n de Santo Domingo, frente al Parque Eugenio Mar\u00eda de Hostos. El evento dar\u00e1 inicio con un desfile que contar\u00e1 con la participaci\u00f3n de m\u00e1s de 80 comparsas grupales y personajes individuales, destacando los colores, la creatividad y la autenticidad propias de esta festividad.<\/p>\n\n\n\n<p>El cierre del Carnaval estar\u00e1 marcado por un concierto en el Parque Eugenio Mar\u00eda de Hostos, con la actuaci\u00f3n de artistas como: Eddy Herrera, Fernanado Villalona, Chimbala y Alex Matos.<\/p>\n\n\n\n<p>Los Reyes del Carnaval del Distrito Nacional 2024 son los artistas carnavalescos Carlos Manuel Tavarez Ventura, conocido como \u00abEl Viejo del Swing\u00bb, como Rey del Carnaval, y Belkis Amarilis, pionera en el mundo del Carnaval, como Reina. Este a\u00f1o, el Carnaval estar\u00e1 dedicado a Vinicio Brioso, propietario de la reposter\u00eda Vinicio, reconocido por su apoyo a las comparsas y su contribuci\u00f3n al sector de Villa Consuelo. El personaje central de esta festividad ser\u00e1 \u00abCalif\u00e9\u00bb.<\/p>\n\n\n\n<p>La alcald\u00eda del invita a todos los residentes y visitantes a unirse a esta celebraci\u00f3n de la cultura dominicana.<\/p>\n\n\n\n<p><strong>Direccion de Comunicaciones&nbsp;<\/strong><\/p>\n\n\n\n<p><strong>Jueves 29 de febrero 2024<\/strong><\/p>\n\n\n\n<p>&#8230;<\/p>\n","protected":false},"excerpt":{"rendered":"<p>La Alcald\u00eda del Distrito Nacional realizar\u00e1 este domingo 3 de marzo el Carnaval en el Malec\u00f3n de Santo Domingo. Santo Domingo D.N.- La Alcald\u00eda del Distrito Nacional anunci\u00f3 que por segundo a\u00f1o consecutivo el Carnaval 2024 contar\u00e1 con una tarima inclusiva adaptada con rampas de acceso e interprete en lengua de se\u00f1as para el disfrute [&hellip;]<\/p>\n","protected":false},"author":2,"featured_media":511746,"comment_status":"closed","ping_status":"","sticky":false,"template":"","format":"standard","meta":{"footnotes":""},"categories":[21,20,25,27],"tags":[],"class_list":["post-511745","post","type-post","status-publish","format-standard","has-post-thumbnail","hentry","category-cultura","category-dominicana-hoy","category-gente","category-portada"],"_links":{"self":[{"href":"https:\/\/diariodominicano.com\/index.php?rest_route=\/wp\/v2\/posts\/511745","targetHints":{"allow":["GET"]}}],"collection":[{"href":"https:\/\/diariodominicano.com\/index.php?rest_route=\/wp\/v2\/posts"}],"about":[{"href":"https:\/\/diariodominicano.com\/index.php?rest_route=\/wp\/v2\/types\/post"}],"author":[{"embeddable":true,"href":"https:\/\/diariodominicano.com\/index.php?rest_route=\/wp\/v2\/users\/2"}],"replies":[{"embeddable":true,"href":"https:\/\/diariodominicano.com\/index.php?rest_route=%2Fwp%2Fv2%2Fcomments&post=511745"}],"version-history":[{"count":4,"href":"https:\/\/diariodominicano.com\/index.php?rest_route=\/wp\/v2\/posts\/511745\/revisions"}],"predecessor-version":[{"id":511751,"href":"https:\/\/diariodominicano.com\/index.php?rest_route=\/wp\/v2\/posts\/511745\/revisions\/511751"}],"wp:featuredmedia":[{"embeddable":true,"href":"https:\/\/diariodominicano.com\/index.php?rest_route=\/wp\/v2\/media\/511746"}],"wp:attachment":[{"href":"https:\/\/diariodominicano.com\/index.php?rest_route=%2Fwp%2Fv2%2Fmedia&parent=511745"}],"wp:term":[{"taxonomy":"category","embeddable":true,"href":"https:\/\/diariodominicano.com\/index.php?rest_route=%2Fwp%2Fv2%2Fcategories&post=511745"},{"taxonomy":"post_tag","embeddable":true,"href":"https:\/\/diariodominicano.com\/index.php?rest_route=%2Fwp%2Fv2%2Ftags&post=511745"}],"curies":[{"name":"wp","href":"https:\/\/api.w.org\/{rel}","templated":true}]}}