{"id":51173,"date":"2020-07-29T01:18:30","date_gmt":"2020-07-29T01:18:30","guid":{"rendered":"http:\/\/diariodominicano.ddns.net\/?p=51173"},"modified":"2020-07-29T01:18:30","modified_gmt":"2020-07-29T01:18:30","slug":"duarte-y-pina-escapan-a-persecucion-de-las-autoridades-de-haiti","status":"publish","type":"post","link":"https:\/\/diariodominicano.com\/?p=51173","title":{"rendered":"Duarte  y Pina  escapan a persecuci\u00f3n de las autoridades de Hait\u00ed&#13;"},"content":{"rendered":"<p><body><\/p>\n<p><img decoding=\"async\" src=\"img3\/duarte4.jpg\" \/>  <\/p>\n<p><strong>Diariodominicano.com<\/strong><\/p>\n<p><strong>Duarte  y Pina  escapan a persecuci\u00f3n de las autoridades de Hait\u00ed<\/strong><\/p>\n<p><strong> <\/strong><\/p>\n<p><strong>Rosa Duarte, en  \u00abApuntes para la Historia de la isla de Santo Domingo\u00bb, anota que el d\u00eda 29  de julio de 1843, Duarte y Pedro Alejandrino Pina  lo pasaron en la residencia del se\u00f1or  Jos\u00e9 Botello, \u00abbastante amargamente\u00bb.<\/strong><\/p>\n<p><strong>Por H\u00e9ctor Tineo Nolasco<\/strong><\/p>\n<p><strong>Diariodominicano.com<\/strong><\/p>\n<\/p>\n<p><strong> <\/strong><\/p>\n<p><strong> SANTO DOMINGO,  el  29 de julio de 1843,<\/strong> Juan Pablo Duarte y  Pedro Alejandrino Pina, se refugiaron en la residencia de  Jos\u00e9 Botello, en la ciudad de Santo Domingo.<\/p>\n<\/p>\n<p>   Duarte y los dem\u00e1s miembros de La Trinitaria,  eran perseguidos por el Gobierno haitiano, porque ten\u00eda informes de que realizaban actividades para separarse de Hait\u00ed y fundar una  naci\u00f3n libre y soberana.<\/p>\n<\/p>\n<p>   Rosa Duarte, en  \u00abApuntes para la Historia de la isla de Santo Domingo\u00bb, anota que el d\u00eda 29  de julio de 1843, Duarte y Pedro Alejandrino Pina  lo pasaron en la residencia del se\u00f1or  Jos\u00e9 Botello, \u00abbastante amargamente\u00bb.<\/p>\n<\/p>\n<p>    El Gobierno haitiano inici\u00f3 la ocupaci\u00f3n de la parte oriental de la Isla de Santo Domingo, el d\u00eda 8 de febrero de 1822, cuando el Presidente haitiano Jean Pierre Boyer,  recibi\u00f3 las llaves de la ciudad  de manos del licenciado Jos\u00e9 N\u00fa\u00f1ez de C\u00e1ceres.<\/p>\n<\/p>\n<p>   Durante el mes de julio de 1843, las fuerzas militares del Gobierno haitiano intensificaron la persecuci\u00f3n contra los trinitarios.<\/p>\n<\/p>\n<p>   El d\u00eda 24 de julio de 1843, la residencia de la familia de Juan Pablo Duarte y la de su t\u00edo Jos\u00e9 D\u00edez, fueron allanadas por militares haitianos que trataban de localizar al l\u00edder trinitario.<\/p>\n<\/p>\n<p>    La requisa fue dirigida por el comandante haitiano Hip\u00f3lito Franquil, quien de acuerdo con la versi\u00f3n de Rosa  Duarte, \u00able acompa\u00f1aba una numerosa tropa de la que una parte cerc\u00f3 la manzana y la otra se introdujo en la casa dividida en dos filas de dos en fondo; una fila de soldados armados entr\u00f3 por el dormitorio principal hasta las piezas interiores; y la otra se extendi\u00f3 desde la calle pasando  por la sala hasta los corrales\u00bb.<\/p>\n<\/p>\n<p>     Ese d\u00eda Duarte y varios de sus compa\u00f1eros lograron escapar al saltar por patios de residencias vecinas hasta llegar a la casa del se\u00f1or  Teodoro Ariza.<\/p>\n<\/p>\n<p>     El partido independentista de Duarte se encontraba en plena actividad desde el d\u00eda 16 de julio de 1838,  cuando un grupo de j\u00f3venes liderados por Juan Pablo Duarte fundaron en la ciudad de Santo Domingo, la Sociedad Secreta La Trinitaria, con el objetivo de fundar la Rep\u00fablica Dominicana.<\/p>\n<\/p>\n<p>     El historiador Jos\u00e9 Gabriel Garc\u00eda anota en su obra \u00abHistoria de Santo Domingo\u00bb, que el acontecimiento se produjo en un momento que ya exist\u00eda en el pa\u00eds  un sentimiento dominicano.<\/p>\n<\/p>\n<p>    Se\u00f1ala que Duarte aprovech\u00f3 el disgusto que se expresaba en el pueblo haitiano en contra el Presidente Pedro Boyer, quien hab\u00eda ocupado el Santo Domingo Espa\u00f1ol, hoy Rep\u00fablica Dominicana, el 8 de febrero de 1822.<\/p>\n<\/p>\n<p>    El l\u00edder trinitario Juan  Pablo Duarte, hab\u00eda estudiado en Estados Unidos y Europa. Sus conocimientos los aprovech\u00f3 para organizar la entidad pol\u00edtica  La Trinitaria.<\/p>\n<\/p>\n<p>   Jos\u00e9 Gabriel Garc\u00eda precisa, al referirse al proceso de lucha por la Independencia Nacional, que Duarte aprovech\u00f3 los errores de Boyer,  para avanzar en su proyecto \u00abSe di\u00f3 a trabajar con toda la energ\u00eda de su inquebrantable voluntad. Amistades, relaciones,  conciudadan\u00eda, todo lo aprovech\u00f3  en bien de su empresa.  Escit\u00f3 \u00e1 los indolentes, anim\u00f3 a los tibios, templ\u00f3 \u00e1 los fogosos, convenci\u00f3 \u00e1 los errados, y pronto tuvo el placer de notar que la patria ten\u00eda campeones decididos y que no era un sue\u00f1o su esperanza de redimirla\u00bb (sic).<\/p>\n<\/p>\n<p>    El entusiasmo de  Duarte estimul\u00f3 a los j\u00f3venes de su generaci\u00f3n, lo que le permiti\u00f3 fundar el 16 de julio de 1838, la Sociedad Secreta La Trinitaria, en una reuni\u00f3n que celebraron en la residencia de la se\u00f1ora Josefa P\u00e9rez.<\/p>\n<\/p>\n<p>    Adem\u00e1s de Duarte, fueron fundadores de La Trinitaria, Juan Isidro P\u00e9rez, Pedro Alejandrino Pina, Felix Mar\u00eda Ru\u00edz, Benito Gonz\u00e1lez, Juan Nepomuceno Ravelo, Felipe Alfau, Jos\u00e9 Mar\u00eda Serra y Jacinto de la Concha.<\/p>\n<\/p>\n<p>   Asumieron el compromiso de luchar en la clandestinidad y propagar las doctrinas separatistas y mantener siempre encendido el fuego del patriotismo.<\/p>\n<\/p>\n<\/p>\n<h6> 2020-07-29 01:18:30 <\/h6>\n<p><!--\n<link rel=\"stylesheet\" href=\"css\/bootstrap.min.css\">\n\n\n<ul class=\"pagination\">\n\t    \n\t\n\n<li >\n\t<a href='?page_no=363'>Previous<\/a>\n\t<\/li>\n\n\n       \n    \n\n<li><a href='?page_no=1'>1<\/a><\/li>\n\n\n\n<li><a href='?page_no=2'>2<\/a><\/li>\n\n\n\n<li><a>...<\/a><\/li>\n\n\n\n<li><a href='?page_no=362'>362<\/a><\/li>\n\n\n\n<li><a href='?page_no=363'>363<\/a><\/li>\n\n\n\n<li class='active'><a>364<\/a><\/li>\n\n\n\n<li><a href='?page_no=365'>365<\/a><\/li>\n\n\n\n<li><a href='?page_no=366'>366<\/a><\/li>\n\n\n\n<li><a>...<\/a><\/li>\n\n\n\n<li><a href='?page_no=22911'>22911<\/a><\/li>\n\n\n\n<li><a href='?page_no=22912'>22912<\/a><\/li>\n\n    \n\t\n\n<li >\n\t<a href='?page_no=365'>Next<\/a>\n\t<\/li>\n\n\n    \n\n<li><a href='?page_no=22912'>Last &rsaquo;&rsaquo;<\/a><\/li>\n\n<\/ul>\n\n\n--><br \/>\n<\/body><\/p>\n","protected":false},"excerpt":{"rendered":"<p>Diariodominicano.com Duarte y Pina escapan a persecuci\u00f3n de las autoridades de Hait\u00ed Rosa Duarte, en \u00abApuntes para la Historia de la isla de Santo Domingo\u00bb, anota que el d\u00eda 29 de julio de 1843, Duarte y Pedro Alejandrino Pina lo pasaron en la residencia del se\u00f1or Jos\u00e9 Botello, \u00abbastante amargamente\u00bb. Por H\u00e9ctor Tineo Nolasco Diariodominicano.com [&hellip;]<\/p>\n","protected":false},"author":3,"featured_media":0,"comment_status":"open","ping_status":"open","sticky":false,"template":"","format":"standard","meta":{"footnotes":""},"categories":[21],"tags":[],"class_list":["post-51173","post","type-post","status-publish","format-standard","hentry","category-cultura"],"_links":{"self":[{"href":"https:\/\/diariodominicano.com\/index.php?rest_route=\/wp\/v2\/posts\/51173","targetHints":{"allow":["GET"]}}],"collection":[{"href":"https:\/\/diariodominicano.com\/index.php?rest_route=\/wp\/v2\/posts"}],"about":[{"href":"https:\/\/diariodominicano.com\/index.php?rest_route=\/wp\/v2\/types\/post"}],"author":[{"embeddable":true,"href":"https:\/\/diariodominicano.com\/index.php?rest_route=\/wp\/v2\/users\/3"}],"replies":[{"embeddable":true,"href":"https:\/\/diariodominicano.com\/index.php?rest_route=%2Fwp%2Fv2%2Fcomments&post=51173"}],"version-history":[{"count":0,"href":"https:\/\/diariodominicano.com\/index.php?rest_route=\/wp\/v2\/posts\/51173\/revisions"}],"wp:attachment":[{"href":"https:\/\/diariodominicano.com\/index.php?rest_route=%2Fwp%2Fv2%2Fmedia&parent=51173"}],"wp:term":[{"taxonomy":"category","embeddable":true,"href":"https:\/\/diariodominicano.com\/index.php?rest_route=%2Fwp%2Fv2%2Fcategories&post=51173"},{"taxonomy":"post_tag","embeddable":true,"href":"https:\/\/diariodominicano.com\/index.php?rest_route=%2Fwp%2Fv2%2Ftags&post=51173"}],"curies":[{"name":"wp","href":"https:\/\/api.w.org\/{rel}","templated":true}]}}