{"id":511717,"date":"2024-02-29T23:27:10","date_gmt":"2024-03-01T03:27:10","guid":{"rendered":"https:\/\/diariodominicano.com\/?p=511717"},"modified":"2024-02-29T23:29:18","modified_gmt":"2024-03-01T03:29:18","slug":"comunidad-dominicana-en-arizona-celebra-gran-gala-por-motivo-de-la-independencia-nacional","status":"publish","type":"post","link":"https:\/\/diariodominicano.com\/?p=511717","title":{"rendered":"\u00a0Comunidad Dominicana en Arizona celebra Gran Gala por motivo de La Independencia Nacional"},"content":{"rendered":"\n<p>En el marco de la celebraci\u00f3n del mes de la patria, la comunidad dominicana en EE.UU llev\u00f3 a cabo la duod\u00e9cima versi\u00f3n de la aclamada Gran Gala Dominicana, realizada en la ciudad de Phoenix Arizona por motivo del 180 Aniversario de la Independencia Nacional.<\/p>\n\n\n\n<figure class=\"wp-block-image size-large\"><img loading=\"lazy\" decoding=\"async\" width=\"1024\" height=\"768\" src=\"https:\/\/diariodominicano.com\/wp-content\/uploads\/2024\/02\/IMG_5528-1024x768.jpeg\" alt=\"\" class=\"wp-image-511720\" srcset=\"https:\/\/diariodominicano.com\/wp-content\/uploads\/2024\/02\/IMG_5528-1024x768.jpeg 1024w, https:\/\/diariodominicano.com\/wp-content\/uploads\/2024\/02\/IMG_5528-300x225.jpeg 300w, https:\/\/diariodominicano.com\/wp-content\/uploads\/2024\/02\/IMG_5528-768x576.jpeg 768w, https:\/\/diariodominicano.com\/wp-content\/uploads\/2024\/02\/IMG_5528-816x612.jpeg 816w, https:\/\/diariodominicano.com\/wp-content\/uploads\/2024\/02\/IMG_5528.jpeg 1500w\" sizes=\"auto, (max-width: 1024px) 100vw, 1024px\" \/><\/figure>\n\n\n\n<p>El encuentro recibi\u00f3 a m\u00e1s de 300 invitados que representan a l\u00edderes corporativos y comunitarios, fil\u00e1ntropos, famosos influencers&nbsp; locales e internacionales, entre otros, quienes desfilaron por la simb\u00f3lica alfombra roja, sin\u00f3nimo de la victoria del pueblo dominicano. Seguido del c\u00f3ctel estuvo la cena acompa\u00f1ada de un derroche de expresiones art\u00edsticas propias para esa noche memorable.<\/p>\n\n\n\n<figure class=\"wp-block-image size-large\"><img loading=\"lazy\" decoding=\"async\" width=\"817\" height=\"1024\" src=\"https:\/\/diariodominicano.com\/wp-content\/uploads\/2024\/02\/IMG_5535-817x1024.jpeg\" alt=\"\" class=\"wp-image-511722\" srcset=\"https:\/\/diariodominicano.com\/wp-content\/uploads\/2024\/02\/IMG_5535-817x1024.jpeg 817w, https:\/\/diariodominicano.com\/wp-content\/uploads\/2024\/02\/IMG_5535-240x300.jpeg 240w, https:\/\/diariodominicano.com\/wp-content\/uploads\/2024\/02\/IMG_5535-768x962.jpeg 768w, https:\/\/diariodominicano.com\/wp-content\/uploads\/2024\/02\/IMG_5535-816x1022.jpeg 816w, https:\/\/diariodominicano.com\/wp-content\/uploads\/2024\/02\/IMG_5535.jpeg 1152w\" sizes=\"auto, (max-width: 817px) 100vw, 817px\" \/><\/figure>\n\n\n\n<p>SOBRE LA GRAN GALA DOMINICANA<\/p>\n\n\n\n<p>La Gran Gala Dominicana tambi\u00e9n otorga premios a figuras dominicanas y comunitarias destacadas, que durante muchos a\u00f1os han realizado obras excepcionales en favor de la comunidad y en su l\u00ednea de trabajo. Entre los reconocidos en este importante evento se encuentran jugadores de b\u00e9isbol de las Grandes Ligas, celebridades, due\u00f1os de negocios, profesionales de los medios de comunicaci\u00f3n,&nbsp; figuras pol\u00edticas , etc.<\/p>\n\n\n\n<p>El evento fue organizado por la dominicana Denise Ceballos-Viner, Presidenta de la organizaci\u00f3n Padres Unidos AZ. Una organizaci\u00f3n que aboga por los derechos de las familias Hispanas. Comprometida con sus ra\u00edces por siempre, \u201cAunque tengo 44 a\u00f1os viviendo en el extranjero nunca olvido luchar por la gente de mi tierra natal. En cada uno de mis\u00a0 pasos procuro poner en alto el nombre de la Republica Dominicana\u201d. Asever\u00f3 Ceballos-Viner.\u00a0 Tambi\u00e9n estuvo participando el se\u00f1or H\u00e9ctor Faneytt quien actualmente es agente de peloteros de grandes ligas y trabaja con la concurrida comunidad dominicana que vive en Arizona,\u00a0 adem\u00e1s de ser el presidente de la Fundaci\u00f3n \u201cM\u00e1s All\u00e1 de la Pelota\u201d que tiene como objetivo donar equipos y uniformes deportivos a diferentes clubes y academias de b\u00e9isbol en Rep\u00fablica Dominicana .<\/p>\n\n\n\n<p>Alexander Mart\u00ednez Bonilla<\/p>\n\n\n\n<p><a target=\"_blank\" href=\"mailto:alexandermartinez05@hotmail.com\" rel=\"noreferrer noopener\">alexandermartinez05@hotmail<\/a><\/p>\n","protected":false},"excerpt":{"rendered":"<p>En el marco de la celebraci\u00f3n del mes de la patria, la comunidad dominicana en EE.UU llev\u00f3 a cabo la duod\u00e9cima versi\u00f3n de la aclamada Gran Gala Dominicana, realizada en la ciudad de Phoenix Arizona por motivo del 180 Aniversario de la Independencia Nacional. El encuentro recibi\u00f3 a m\u00e1s de 300 invitados que representan a [&hellip;]<\/p>\n","protected":false},"author":2,"featured_media":511718,"comment_status":"closed","ping_status":"","sticky":false,"template":"","format":"standard","meta":{"footnotes":""},"categories":[21,36,26,27],"tags":[],"class_list":["post-511717","post","type-post","status-publish","format-standard","has-post-thumbnail","hentry","category-cultura","category-hombresmujeresycosas","category-efemerides","category-portada"],"_links":{"self":[{"href":"https:\/\/diariodominicano.com\/index.php?rest_route=\/wp\/v2\/posts\/511717","targetHints":{"allow":["GET"]}}],"collection":[{"href":"https:\/\/diariodominicano.com\/index.php?rest_route=\/wp\/v2\/posts"}],"about":[{"href":"https:\/\/diariodominicano.com\/index.php?rest_route=\/wp\/v2\/types\/post"}],"author":[{"embeddable":true,"href":"https:\/\/diariodominicano.com\/index.php?rest_route=\/wp\/v2\/users\/2"}],"replies":[{"embeddable":true,"href":"https:\/\/diariodominicano.com\/index.php?rest_route=%2Fwp%2Fv2%2Fcomments&post=511717"}],"version-history":[{"count":4,"href":"https:\/\/diariodominicano.com\/index.php?rest_route=\/wp\/v2\/posts\/511717\/revisions"}],"predecessor-version":[{"id":511724,"href":"https:\/\/diariodominicano.com\/index.php?rest_route=\/wp\/v2\/posts\/511717\/revisions\/511724"}],"wp:featuredmedia":[{"embeddable":true,"href":"https:\/\/diariodominicano.com\/index.php?rest_route=\/wp\/v2\/media\/511718"}],"wp:attachment":[{"href":"https:\/\/diariodominicano.com\/index.php?rest_route=%2Fwp%2Fv2%2Fmedia&parent=511717"}],"wp:term":[{"taxonomy":"category","embeddable":true,"href":"https:\/\/diariodominicano.com\/index.php?rest_route=%2Fwp%2Fv2%2Fcategories&post=511717"},{"taxonomy":"post_tag","embeddable":true,"href":"https:\/\/diariodominicano.com\/index.php?rest_route=%2Fwp%2Fv2%2Ftags&post=511717"}],"curies":[{"name":"wp","href":"https:\/\/api.w.org\/{rel}","templated":true}]}}