{"id":511689,"date":"2024-03-02T01:17:39","date_gmt":"2024-03-02T05:17:39","guid":{"rendered":"https:\/\/diariodominicano.com\/?p=511689"},"modified":"2024-03-02T02:27:39","modified_gmt":"2024-03-02T06:27:39","slug":"familias-superate-seran-afiliadas-al-regimen-subsidiado-de-senasa","status":"publish","type":"post","link":"https:\/\/diariodominicano.com\/?p=511689","title":{"rendered":"Familias Sup\u00e9rate ser\u00e1n afiliadas al R\u00e9gimen Subsidiado de SeNaSa"},"content":{"rendered":"\n<p><em>El objetivo principal es acercar los servicios de salud que ofrece el gobierno dominicano, en favor de la poblaci\u00f3n m\u00e1s sensible y vulnerable de la naci\u00f3n<\/em><\/p>\n\n\n\n<p><strong>Santo Domingo, 29 de febrero de 2024.-<\/strong>\u00a0El programa social Sup\u00e9rate junto al Seguro Nacional de Salud (SeNaSa) establecieron una alianza para\u00a0garantizar la afiliaci\u00f3n y cobertura al R\u00e9gimen Subsidiado de Salud de las familias del programa de protecci\u00f3n social que no cuentan con seguro m\u00e9dico y que viven en situaci\u00f3n de vulnerabilidad.<\/p>\n\n\n\n<figure class=\"wp-block-gallery has-nested-images columns-default is-cropped wp-block-gallery-1 is-layout-flex wp-block-gallery-is-layout-flex\">\n<figure class=\"wp-block-image size-large\"><img loading=\"lazy\" decoding=\"async\" width=\"1024\" height=\"682\" data-id=\"511953\" src=\"https:\/\/diariodominicano.com\/wp-content\/uploads\/2024\/03\/Gloria-Reyes-directora-general-de-Superate-junto-al-doctor-Santiago-Hazim-director-ejecutivo-de-SeNaSa-tras-sostener-una-firma-de-econvenio-entre-ambas-entidades-1024x682.jpeg\" alt=\"\" class=\"wp-image-511953\" srcset=\"https:\/\/diariodominicano.com\/wp-content\/uploads\/2024\/03\/Gloria-Reyes-directora-general-de-Superate-junto-al-doctor-Santiago-Hazim-director-ejecutivo-de-SeNaSa-tras-sostener-una-firma-de-econvenio-entre-ambas-entidades-1024x682.jpeg 1024w, https:\/\/diariodominicano.com\/wp-content\/uploads\/2024\/03\/Gloria-Reyes-directora-general-de-Superate-junto-al-doctor-Santiago-Hazim-director-ejecutivo-de-SeNaSa-tras-sostener-una-firma-de-econvenio-entre-ambas-entidades-300x200.jpeg 300w, https:\/\/diariodominicano.com\/wp-content\/uploads\/2024\/03\/Gloria-Reyes-directora-general-de-Superate-junto-al-doctor-Santiago-Hazim-director-ejecutivo-de-SeNaSa-tras-sostener-una-firma-de-econvenio-entre-ambas-entidades-768x512.jpeg 768w, https:\/\/diariodominicano.com\/wp-content\/uploads\/2024\/03\/Gloria-Reyes-directora-general-de-Superate-junto-al-doctor-Santiago-Hazim-director-ejecutivo-de-SeNaSa-tras-sostener-una-firma-de-econvenio-entre-ambas-entidades-816x544.jpeg 816w, https:\/\/diariodominicano.com\/wp-content\/uploads\/2024\/03\/Gloria-Reyes-directora-general-de-Superate-junto-al-doctor-Santiago-Hazim-director-ejecutivo-de-SeNaSa-tras-sostener-una-firma-de-econvenio-entre-ambas-entidades.jpeg 1280w\" sizes=\"auto, (max-width: 1024px) 100vw, 1024px\" \/><\/figure>\n<\/figure>\n\n\n\n<p>El acuerdo estipula adem\u00e1s que ambas instituciones fortalecer\u00e1n el proceso de levantamiento de informaci\u00f3n de corresponsabilidades de salud en embarazadas, ni\u00f1os y ni\u00f1as entre las edades comprendidas de 0 a 5 a\u00f1os, pertenecientes a las familias participantes de Sup\u00e9rate, con miras a promover y proteger el derecho a la salud de calidad para este segmento de la&nbsp;poblaci\u00f3n.<\/p>\n\n\n\n<p>Las firmas fueron establecidas por Gloria Reyes, directora general de Sup\u00e9rate y el doctor Santiago Hazim, director ejecutivo de SeNaSa.<\/p>\n\n\n\n<p>La directora general de Sup\u00e9rate indic\u00f3 que \u201ccomo pa\u00eds tenemos el compromiso inquebrantable de reducir la pobreza multidimensional y el acceso a servicios de salud de calidad e igualitarios en la &nbsp;mayor de las dimensiones\u201d.<\/p>\n\n\n\n<p>Agreg\u00f3 que ambas entidades buscan que todas las familias beneficiarias del programa Sup\u00e9rate, que a\u00fan no cuenten con cobertura de seguro, sean afiliadas a SeNaSa. \u201cA la vez, aspiramos a impulsar espacios de formaci\u00f3n sobre salud preventiva y bienestar\u201d, resalt\u00f3 la funcionaria.<\/p>\n\n\n\n<p>El director ejecutivo de SeNaSa, destac\u00f3 que este tipo de alianzas interinstitucionales son las que contribuyen, a\u00fan m\u00e1s, a fortalecer y promover la prevenci\u00f3n en la salud, ahora a trav\u00e9s del programa Sup\u00e9rate. \u201cContinuaremos dando fiel cumplimiento a la palabra empe\u00f1ada del se\u00f1or presidente Luis Abinader de que ning\u00fan dominicano se quede desprotegido\u201d.<\/p>\n\n\n\n<figure class=\"wp-block-gallery has-nested-images columns-default is-cropped wp-block-gallery-2 is-layout-flex wp-block-gallery-is-layout-flex\">\n<figure class=\"wp-block-image size-large\"><img loading=\"lazy\" decoding=\"async\" width=\"1024\" height=\"682\" data-id=\"511952\" src=\"https:\/\/diariodominicano.com\/wp-content\/uploads\/2024\/03\/Gloria-Reyes-directora-general-de-Superate-junto-al-doctor-Santiago-Hazim-director-ejecutivo-de-SeNaSa-rubricando-sus-firmas-tras-realzar-un-acuerdo-para-brindar-seguro-de-salud-para-los-mas-vul-1024x682.jpeg\" alt=\"\" class=\"wp-image-511952\" srcset=\"https:\/\/diariodominicano.com\/wp-content\/uploads\/2024\/03\/Gloria-Reyes-directora-general-de-Superate-junto-al-doctor-Santiago-Hazim-director-ejecutivo-de-SeNaSa-rubricando-sus-firmas-tras-realzar-un-acuerdo-para-brindar-seguro-de-salud-para-los-mas-vul-1024x682.jpeg 1024w, https:\/\/diariodominicano.com\/wp-content\/uploads\/2024\/03\/Gloria-Reyes-directora-general-de-Superate-junto-al-doctor-Santiago-Hazim-director-ejecutivo-de-SeNaSa-rubricando-sus-firmas-tras-realzar-un-acuerdo-para-brindar-seguro-de-salud-para-los-mas-vul-300x200.jpeg 300w, https:\/\/diariodominicano.com\/wp-content\/uploads\/2024\/03\/Gloria-Reyes-directora-general-de-Superate-junto-al-doctor-Santiago-Hazim-director-ejecutivo-de-SeNaSa-rubricando-sus-firmas-tras-realzar-un-acuerdo-para-brindar-seguro-de-salud-para-los-mas-vul-768x512.jpeg 768w, https:\/\/diariodominicano.com\/wp-content\/uploads\/2024\/03\/Gloria-Reyes-directora-general-de-Superate-junto-al-doctor-Santiago-Hazim-director-ejecutivo-de-SeNaSa-rubricando-sus-firmas-tras-realzar-un-acuerdo-para-brindar-seguro-de-salud-para-los-mas-vul-816x544.jpeg 816w, https:\/\/diariodominicano.com\/wp-content\/uploads\/2024\/03\/Gloria-Reyes-directora-general-de-Superate-junto-al-doctor-Santiago-Hazim-director-ejecutivo-de-SeNaSa-rubricando-sus-firmas-tras-realzar-un-acuerdo-para-brindar-seguro-de-salud-para-los-mas-vul.jpeg 1280w\" sizes=\"auto, (max-width: 1024px) 100vw, 1024px\" \/><\/figure>\n<\/figure>\n\n\n\n<p>Asimismo, la entidad se encargar\u00e1 de promover la prevenci\u00f3n y la salud de calidad a la poblaci\u00f3n, amparada bajo el programa Sup\u00e9rate.<\/p>\n\n\n\n<p>La actividad se realiz\u00f3 en las instalaciones de SeNaSa, donde estuvieron presentes representantes de ambas entidades gubernamentales.<\/p>\n\n\n\n<p>En representaci\u00f3n del programa Sup\u00e9rate asistieron Claudio Hidalgo, director Jur\u00eddico; Miriam Batista, directora de Articulaci\u00f3n; Siria Fr\u00edas, directora de Superaci\u00f3n de la Pobreza; Maureen Tejeda, encargada de Vinculaci\u00f3n Operativa y la Doctora Pilar Villafa\u00f1a, encargada de Adultos Mayores y Prevenci\u00f3n de la Salud.<\/p>\n\n\n\n<figure class=\"wp-block-gallery has-nested-images columns-default is-cropped wp-block-gallery-3 is-layout-flex wp-block-gallery-is-layout-flex\">\n<figure class=\"wp-block-image size-large\"><img loading=\"lazy\" decoding=\"async\" width=\"1024\" height=\"682\" data-id=\"511951\" src=\"https:\/\/diariodominicano.com\/wp-content\/uploads\/2024\/03\/Gloria-Reyes-directora-general-de-Superate-junto-al-doctor-Santiago-Hazim-director-ejecutivo-de-SeNaSa-tras-firma-un-convenio-en-beneficio-de-los-mas-vulnerables-1024x682.jpeg\" alt=\"\" class=\"wp-image-511951\" srcset=\"https:\/\/diariodominicano.com\/wp-content\/uploads\/2024\/03\/Gloria-Reyes-directora-general-de-Superate-junto-al-doctor-Santiago-Hazim-director-ejecutivo-de-SeNaSa-tras-firma-un-convenio-en-beneficio-de-los-mas-vulnerables-1024x682.jpeg 1024w, https:\/\/diariodominicano.com\/wp-content\/uploads\/2024\/03\/Gloria-Reyes-directora-general-de-Superate-junto-al-doctor-Santiago-Hazim-director-ejecutivo-de-SeNaSa-tras-firma-un-convenio-en-beneficio-de-los-mas-vulnerables-300x200.jpeg 300w, https:\/\/diariodominicano.com\/wp-content\/uploads\/2024\/03\/Gloria-Reyes-directora-general-de-Superate-junto-al-doctor-Santiago-Hazim-director-ejecutivo-de-SeNaSa-tras-firma-un-convenio-en-beneficio-de-los-mas-vulnerables-768x512.jpeg 768w, https:\/\/diariodominicano.com\/wp-content\/uploads\/2024\/03\/Gloria-Reyes-directora-general-de-Superate-junto-al-doctor-Santiago-Hazim-director-ejecutivo-de-SeNaSa-tras-firma-un-convenio-en-beneficio-de-los-mas-vulnerables-816x544.jpeg 816w, https:\/\/diariodominicano.com\/wp-content\/uploads\/2024\/03\/Gloria-Reyes-directora-general-de-Superate-junto-al-doctor-Santiago-Hazim-director-ejecutivo-de-SeNaSa-tras-firma-un-convenio-en-beneficio-de-los-mas-vulnerables.jpeg 1280w\" sizes=\"auto, (max-width: 1024px) 100vw, 1024px\" \/><\/figure>\n<\/figure>\n\n\n\n<p>Por SeNaSa asistieron: Carmen Jos\u00e9, gerente de Afiliaci\u00f3n y Comercial; Yokasta Santana, subgerente de Afiliaci\u00f3n y Comercial; Orlando Marcano, sub Consultor Jur\u00eddico; Renata Tolentino, subgerente de Comunicaci\u00f3n y Mercadeo y Cehila Rodr\u00edguez, gerente de Fiscalizaci\u00f3n.<\/p>\n\n\n\n<p><strong>Un poco m\u00e1s sobre lo pactado<\/strong><\/p>\n\n\n\n<p>Sup\u00e9rate se compromete a&nbsp;seleccionar, asesorar y orientar la poblaci\u00f3n que recibir\u00e1 dicho subsidio de salud, as\u00ed como garantizar el espacio adecuado para la instalaci\u00f3n de las jornadas de afiliaci\u00f3n y&nbsp;asistir&nbsp;al equipo del Seguro Nacional de Salud en el llenado de los formularios de afiliaci\u00f3n de los beneficiarios y beneficiarias.<\/p>\n\n\n\n<p>De su lado, SeNaSa se compromete a&nbsp;instalar los puntos de afiliaci\u00f3n en las localidades identificadas por el programa Sup\u00e9rate, completar los formularios de inscripci\u00f3n y entregar los carnets o cartas de acreditaci\u00f3n para los y las solicitantes que calificaron el R\u00e9gimen Subsidiado.<\/p>\n\n\n\n<p>Los organismos encargados de realizar el levantamiento para identificar y evaluar quienes cumplen los criterios establecidos para adquirir el seguro subsidiado de salud son: el Sistema \u00danico de Beneficiarios (SIUBEN), el Consejo Nacional de la Seguridad Social (CNSS) y la Superintendencia de Salud y Riesgos Laborales (SISALRIL).&#8211;<br><strong>Prensa Sup\u00e9rate<\/strong><\/p>\n","protected":false},"excerpt":{"rendered":"<p>El objetivo principal es acercar los servicios de salud que ofrece el gobierno dominicano, en favor de la poblaci\u00f3n m\u00e1s sensible y vulnerable de la naci\u00f3n Santo Domingo, 29 de febrero de 2024.-\u00a0El programa social Sup\u00e9rate junto al Seguro Nacional de Salud (SeNaSa) establecieron una alianza para\u00a0garantizar la afiliaci\u00f3n y cobertura al R\u00e9gimen Subsidiado de [&hellip;]<\/p>\n","protected":false},"author":7,"featured_media":511952,"comment_status":"closed","ping_status":"","sticky":true,"template":"","format":"standard","meta":{"footnotes":""},"categories":[36,20],"tags":[],"class_list":["post-511689","post","type-post","status-publish","format-standard","has-post-thumbnail","hentry","category-hombresmujeresycosas","category-dominicana-hoy"],"_links":{"self":[{"href":"https:\/\/diariodominicano.com\/index.php?rest_route=\/wp\/v2\/posts\/511689","targetHints":{"allow":["GET"]}}],"collection":[{"href":"https:\/\/diariodominicano.com\/index.php?rest_route=\/wp\/v2\/posts"}],"about":[{"href":"https:\/\/diariodominicano.com\/index.php?rest_route=\/wp\/v2\/types\/post"}],"author":[{"embeddable":true,"href":"https:\/\/diariodominicano.com\/index.php?rest_route=\/wp\/v2\/users\/7"}],"replies":[{"embeddable":true,"href":"https:\/\/diariodominicano.com\/index.php?rest_route=%2Fwp%2Fv2%2Fcomments&post=511689"}],"version-history":[{"count":2,"href":"https:\/\/diariodominicano.com\/index.php?rest_route=\/wp\/v2\/posts\/511689\/revisions"}],"predecessor-version":[{"id":511991,"href":"https:\/\/diariodominicano.com\/index.php?rest_route=\/wp\/v2\/posts\/511689\/revisions\/511991"}],"wp:featuredmedia":[{"embeddable":true,"href":"https:\/\/diariodominicano.com\/index.php?rest_route=\/wp\/v2\/media\/511952"}],"wp:attachment":[{"href":"https:\/\/diariodominicano.com\/index.php?rest_route=%2Fwp%2Fv2%2Fmedia&parent=511689"}],"wp:term":[{"taxonomy":"category","embeddable":true,"href":"https:\/\/diariodominicano.com\/index.php?rest_route=%2Fwp%2Fv2%2Fcategories&post=511689"},{"taxonomy":"post_tag","embeddable":true,"href":"https:\/\/diariodominicano.com\/index.php?rest_route=%2Fwp%2Fv2%2Ftags&post=511689"}],"curies":[{"name":"wp","href":"https:\/\/api.w.org\/{rel}","templated":true}]}}