{"id":51162,"date":"2020-07-29T01:25:39","date_gmt":"2020-07-29T01:25:39","guid":{"rendered":"http:\/\/diariodominicano.ddns.net\/?p=51162"},"modified":"2020-07-29T01:25:39","modified_gmt":"2020-07-29T01:25:39","slug":"un-nuevo-teatro-se-abre-en-r-d","status":"publish","type":"post","link":"https:\/\/diariodominicano.com\/?p=51162","title":{"rendered":"UN NUEVO TEATRO SE ABRE EN R.D."},"content":{"rendered":"<p><body><\/p>\n<p><img decoding=\"async\" src=\"img3\/TONY ALMONT.JPG\" \/>  <\/p>\n<p><strong>UN NUEVO TEATRO SE ABRE EN R.D.<\/strong><\/p>\n<p><strong>TONY ALMONT.JPG<\/strong><\/p>\n<p><strong>El espacio \u00abTeatro Virtual Dominicano\u00bb, es una idea original del artista Tony Almont, vocalista de Toque Profundo, y desde este domingo 2 de agosto empieza su cartelera de conciertos.<\/strong><\/p>\n<p><strong>Santo Domingo, R.D. (ClapRD) <\/strong>.- El nuevo lugar para la presentaci\u00f3n de eventos pay per view www.teatrovirtual.do, abre sus \u00abpuertas\u00bb como una alternativa para todos los artistas que se han visto afectados por la paralizaci\u00f3n del arte a nivel nacional. Esta iniciativa de Tony Almont fomenta la adaptaci\u00f3n de las propuestas esc\u00e9nicas a los nuevos tiempos, para llevar a cabo espect\u00e1culos manteniendo el est\u00e1ndar de calidad, gracias a un equipo de trabajo que permitir\u00e1 que el p\u00fablico disfrute igual que si fuera presencial.<\/p>\n<\/p>\n<p>El primer evento anunciado se presentar\u00e1 este domingo 2 de agosto a las 2:00 de la tarde,  con la agrupaci\u00f3n Toque Profundo en \u00abDesde la trinchera 2\u00bb.  <\/p>\n<\/p>\n<p>Tony invita a los artistas a integrarse y a empezar a disponer de este nuevo lugar apto tanto para conciertos, como para obras teatrales o cualquier tipo de presentaci\u00f3n art\u00edstica.<\/p>\n<\/p>\n<p>La plataforma adem\u00e1s ofrece paquetes para el montaje de la  mano de profesionales de la industria como son: Guerra Films, Allan Leschhorn, Leonel del Valle y One Max; Tienen disponibles planes que incluyen toda el \u00e1rea t\u00e9cnica imprescindible para un escenario, con el fin de facilitar a los artistas lo necesario para sus presentaciones. Tambi\u00e9n la plataforma ofrece la alternativa de que cada artista pueda reproducir su material pre-producido como un evento online.<\/p>\n<\/p>\n<p>Conoce m\u00e1s de este nuevo espacio teatral en su reci\u00e9n estrenada cuenta de redes sociales @teatrovirtual.do o visita su p\u00e1gina web.<\/p>\n<\/p>\n<h6> 2020-07-29 01:25:39 <\/h6>\n<p><!--\n<link rel=\"stylesheet\" href=\"css\/bootstrap.min.css\">\n\n\n<ul class=\"pagination\">\n\t    \n\t\n\n<li >\n\t<a href='?page_no=362'>Previous<\/a>\n\t<\/li>\n\n\n       \n    \n\n<li><a href='?page_no=1'>1<\/a><\/li>\n\n\n\n<li><a href='?page_no=2'>2<\/a><\/li>\n\n\n\n<li><a>...<\/a><\/li>\n\n\n\n<li><a href='?page_no=361'>361<\/a><\/li>\n\n\n\n<li><a href='?page_no=362'>362<\/a><\/li>\n\n\n\n<li class='active'><a>363<\/a><\/li>\n\n\n\n<li><a href='?page_no=364'>364<\/a><\/li>\n\n\n\n<li><a href='?page_no=365'>365<\/a><\/li>\n\n\n\n<li><a>...<\/a><\/li>\n\n\n\n<li><a href='?page_no=22911'>22911<\/a><\/li>\n\n\n\n<li><a href='?page_no=22912'>22912<\/a><\/li>\n\n    \n\t\n\n<li >\n\t<a href='?page_no=364'>Next<\/a>\n\t<\/li>\n\n\n    \n\n<li><a href='?page_no=22912'>Last &rsaquo;&rsaquo;<\/a><\/li>\n\n<\/ul>\n\n\n--><br \/>\n<\/body><\/p>\n","protected":false},"excerpt":{"rendered":"<p>UN NUEVO TEATRO SE ABRE EN R.D. TONY ALMONT.JPG El espacio \u00abTeatro Virtual Dominicano\u00bb, es una idea original del artista Tony Almont, vocalista de Toque Profundo, y desde este domingo 2 de agosto empieza su cartelera de conciertos. Santo Domingo, R.D. (ClapRD) .- El nuevo lugar para la presentaci\u00f3n de eventos pay per view www.teatrovirtual.do, [&hellip;]<\/p>\n","protected":false},"author":3,"featured_media":0,"comment_status":"open","ping_status":"open","sticky":false,"template":"","format":"standard","meta":{"footnotes":""},"categories":[21],"tags":[],"class_list":["post-51162","post","type-post","status-publish","format-standard","hentry","category-cultura"],"_links":{"self":[{"href":"https:\/\/diariodominicano.com\/index.php?rest_route=\/wp\/v2\/posts\/51162","targetHints":{"allow":["GET"]}}],"collection":[{"href":"https:\/\/diariodominicano.com\/index.php?rest_route=\/wp\/v2\/posts"}],"about":[{"href":"https:\/\/diariodominicano.com\/index.php?rest_route=\/wp\/v2\/types\/post"}],"author":[{"embeddable":true,"href":"https:\/\/diariodominicano.com\/index.php?rest_route=\/wp\/v2\/users\/3"}],"replies":[{"embeddable":true,"href":"https:\/\/diariodominicano.com\/index.php?rest_route=%2Fwp%2Fv2%2Fcomments&post=51162"}],"version-history":[{"count":0,"href":"https:\/\/diariodominicano.com\/index.php?rest_route=\/wp\/v2\/posts\/51162\/revisions"}],"wp:attachment":[{"href":"https:\/\/diariodominicano.com\/index.php?rest_route=%2Fwp%2Fv2%2Fmedia&parent=51162"}],"wp:term":[{"taxonomy":"category","embeddable":true,"href":"https:\/\/diariodominicano.com\/index.php?rest_route=%2Fwp%2Fv2%2Fcategories&post=51162"},{"taxonomy":"post_tag","embeddable":true,"href":"https:\/\/diariodominicano.com\/index.php?rest_route=%2Fwp%2Fv2%2Ftags&post=51162"}],"curies":[{"name":"wp","href":"https:\/\/api.w.org\/{rel}","templated":true}]}}