{"id":511551,"date":"2024-02-29T16:40:53","date_gmt":"2024-02-29T20:40:53","guid":{"rendered":"https:\/\/diariodominicano.com\/?p=511551"},"modified":"2024-02-29T16:40:53","modified_gmt":"2024-02-29T20:40:53","slug":"la-embajada-de-republica-dominicana-en-la-republica-de-italia-conmemoro-el-180-aniversario-de-la-independencia-nacional-el-27-de-febrero-de-2024","status":"publish","type":"post","link":"https:\/\/diariodominicano.com\/?p=511551","title":{"rendered":"La Embajada de Rep\u00fablica Dominicana en la Rep\u00fablica de Italia conmemor\u00f3 el 180\u00b0 Aniversario de la Independencia Nacional el 27 de febrero de 2024"},"content":{"rendered":"\n<p>La Embajada de Rep\u00fablica Dominicana en la Rep\u00fablica de Italia, junto a la Embajada dominicana en el Estado de la Ciudad del Vaticano y la Misi\u00f3n Permanente de los Organismos Internacionales con sede en Roma, conmemor\u00f3 el 180\u00b0 Aniversario de la Independencia Nacional  el 27 de febrero de 2024, en el Auditorium de Roma.<\/p>\n\n\n\n<figure class=\"wp-block-image size-full\"><img loading=\"lazy\" decoding=\"async\" width=\"1010\" height=\"965\" src=\"https:\/\/diariodominicano.com\/wp-content\/uploads\/2024\/02\/Embajador-Tony-Raful.jpeg\" alt=\"\" class=\"wp-image-511553\" srcset=\"https:\/\/diariodominicano.com\/wp-content\/uploads\/2024\/02\/Embajador-Tony-Raful.jpeg 1010w, https:\/\/diariodominicano.com\/wp-content\/uploads\/2024\/02\/Embajador-Tony-Raful-300x287.jpeg 300w, https:\/\/diariodominicano.com\/wp-content\/uploads\/2024\/02\/Embajador-Tony-Raful-768x734.jpeg 768w, https:\/\/diariodominicano.com\/wp-content\/uploads\/2024\/02\/Embajador-Tony-Raful-816x780.jpeg 816w\" sizes=\"auto, (max-width: 1010px) 100vw, 1010px\" \/><\/figure>\n\n\n\n<p><br>El embajador Tony Raful en el momento que habl\u00f3 en el acto.<\/p>\n\n\n\n<p>La recepci\u00f3n, ofrecida por los embajadores Tony Raful Tejada, Emilio Montalvo Arzeno y Mario Arvelo, cont\u00f3 con la asistencia de m\u00e1s de 200 personas, incluyendo diplom\u00e1ticos acreditados ante el Estado Italiano y en el Estado de la Ciudad del Vaticano, funcionarios del Ministerio de Asuntos Exteriores y de la Cooperaci\u00f3n Internacional Italiano, la\u2002Secretar\u00eda de Estado de la Santa Sede, el Director General de la FAO, representantes de diversas instituciones multilaterales, como la IILA, FIDA, PMA, ICROM, as\u00ed como altos<br>representantes de las instituciones acad\u00e9micas, culturales, de defensa.<\/p>\n\n\n\n<p><br>El embajador Tony Raful destac\u00f3 la importancia del 27 de febrero para el pueblo<br>dominicano y subray\u00f3 el crecimiento econ\u00f3mico del pa\u00eds en las \u00faltimas cinco d\u00e9cadas, posicion\u00e1ndose como una de las econom\u00edas m\u00e1s pr\u00f3speras de la regi\u00f3n.<br>Durante su discurso, el embajador Raful traz\u00f3 un recorrido hist\u00f3rico sobre la fundaci\u00f3n de la Naci\u00f3n Dominicana, resaltando la visi\u00f3n de los padres de la patria, y haciendo especial \u00e9nfasis en los valores de la libertad. Afirmo que, hoy la Rep\u00fablica Dominicana es un: \u201cFaro democr\u00e1tico en el Caribe y en Am\u00e9rica Latina, un destino tur\u00edstico de primer orden en todas las plazas y naciones, que conlleva admiraci\u00f3n e inter\u00e9s inusitados\u201d, destacando los valores culturales, econ\u00f3micos, tur\u00edsticos, y ecol\u00f3gicos.<br>Al concluir, el embajador Raful enfatiz\u00f3 que el pa\u00eds disfruta actualmente de una<br>democracia plena, con crecimiento social y econ\u00f3mico, y con horizontes de colaboraci\u00f3n fraternal, guiada por un gobernante con vocaci\u00f3n de paz y sentido patri\u00f3tico y universal, el presidente Luis Abinader Corona.<br>Los embajadores, invitaron a los asistentes a disfrutar de un c\u00f3ctel, degustaci\u00f3n de productos dominicanos, y una presentaci\u00f3n folcl\u00f3rica de Merengue y m\u00fasica criolla.<\/p>\n\n\n\n<p>Onorio Mont\u00e1s<\/p>\n\n\n\n<p><a target=\"_blank\" href=\"mailto:dejandohuellasfm@gmail.com\" rel=\"noreferrer noopener\">dejandohuellasfm@gmail.com<\/a><\/p>\n","protected":false},"excerpt":{"rendered":"<p>La Embajada de Rep\u00fablica Dominicana en la Rep\u00fablica de Italia, junto a la Embajada dominicana en el Estado de la Ciudad del Vaticano y la Misi\u00f3n Permanente de los Organismos Internacionales con sede en Roma, conmemor\u00f3 el 180\u00b0 Aniversario de la Independencia Nacional el 27 de febrero de 2024, en el Auditorium de Roma. El [&hellip;]<\/p>\n","protected":false},"author":2,"featured_media":511552,"comment_status":"closed","ping_status":"","sticky":false,"template":"","format":"standard","meta":{"footnotes":""},"categories":[21,36,26],"tags":[],"class_list":["post-511551","post","type-post","status-publish","format-standard","has-post-thumbnail","hentry","category-cultura","category-hombresmujeresycosas","category-efemerides"],"_links":{"self":[{"href":"https:\/\/diariodominicano.com\/index.php?rest_route=\/wp\/v2\/posts\/511551","targetHints":{"allow":["GET"]}}],"collection":[{"href":"https:\/\/diariodominicano.com\/index.php?rest_route=\/wp\/v2\/posts"}],"about":[{"href":"https:\/\/diariodominicano.com\/index.php?rest_route=\/wp\/v2\/types\/post"}],"author":[{"embeddable":true,"href":"https:\/\/diariodominicano.com\/index.php?rest_route=\/wp\/v2\/users\/2"}],"replies":[{"embeddable":true,"href":"https:\/\/diariodominicano.com\/index.php?rest_route=%2Fwp%2Fv2%2Fcomments&post=511551"}],"version-history":[{"count":1,"href":"https:\/\/diariodominicano.com\/index.php?rest_route=\/wp\/v2\/posts\/511551\/revisions"}],"predecessor-version":[{"id":511554,"href":"https:\/\/diariodominicano.com\/index.php?rest_route=\/wp\/v2\/posts\/511551\/revisions\/511554"}],"wp:featuredmedia":[{"embeddable":true,"href":"https:\/\/diariodominicano.com\/index.php?rest_route=\/wp\/v2\/media\/511552"}],"wp:attachment":[{"href":"https:\/\/diariodominicano.com\/index.php?rest_route=%2Fwp%2Fv2%2Fmedia&parent=511551"}],"wp:term":[{"taxonomy":"category","embeddable":true,"href":"https:\/\/diariodominicano.com\/index.php?rest_route=%2Fwp%2Fv2%2Fcategories&post=511551"},{"taxonomy":"post_tag","embeddable":true,"href":"https:\/\/diariodominicano.com\/index.php?rest_route=%2Fwp%2Fv2%2Ftags&post=511551"}],"curies":[{"name":"wp","href":"https:\/\/api.w.org\/{rel}","templated":true}]}}