{"id":511529,"date":"2024-02-29T20:35:53","date_gmt":"2024-03-01T00:35:53","guid":{"rendered":"https:\/\/diariodominicano.com\/?p=511529"},"modified":"2024-02-29T20:36:10","modified_gmt":"2024-03-01T00:36:10","slug":"mp-obtiene-prision-preventiva-contra-joven-que-de-varios-machetazos-le-quito-la-vida-a-su-padre-en-invivienda","status":"publish","type":"post","link":"https:\/\/diariodominicano.com\/?p=511529","title":{"rendered":"MP obtiene prisi\u00f3n preventiva contra joven que de varios machetazos le quit\u00f3 la vida a su padre en Invivienda"},"content":{"rendered":"\n<p><strong>SANTO DOMINGO ESTE (Rep\u00fablica Dominicana). \u2013<\/strong>&nbsp;Acogiendo la solicitud del Ministerio P\u00fablico, la Oficina Judicial de Servicios de Atenci\u00f3n Permanente de este municipio, impuso tres meses de prisi\u00f3n preventiva, como medida de coerci\u00f3n, en contra de un joven le quit\u00f3 la vida a su padre de varios machetazos, en un hecho ocurrido el pasado 13 de febrero del a\u00f1o en curso, en el sector de Invivienda en Santo Domingo Este.<\/p>\n\n\n\n<p>La medida le fue impuesta a Amaury Ogando, por el juez Leomar Cruz Tejada, quien dispuso el envi\u00f3 del imputado, a cumplir la prisi\u00f3n preventiva, al Centro de Correcci\u00f3n y Rehabilitaci\u00f3n Najayo Hombres.<\/p>\n\n\n\n<p>El expediente instrumentado por el fiscal litigante Franklyn N. C\u00e9spedes Bautista, relata que el joven fue arrestado horas m\u00e1s tarde en el mismo lugar donde le quit\u00f3 la vida a su progenitor, Humberto Ogando Lorenzo.<\/p>\n\n\n\n<p>La investigaci\u00f3n revela, que a eso de las 5:00 de la madrugada, mientras ambos estaban en la casa, el encartado le propin\u00f3 varios machetazos a la v\u00edctima que le ocasionaron la muerte.<\/p>\n\n\n\n<p>Durante el conocimiento de la medida el Ministerio P\u00fablico, representado por el fiscal litigante Florentino S\u00e1nchez, mostr\u00f3 ante el tribunal, la gravedad de los hechos cometidos por el agresor y el riesgo que constituye para la sociedad, de no aplicarse la prisi\u00f3n preventiva como medida de coerci\u00f3n.<\/p>\n\n\n\n<p>En su acusaci\u00f3n provisional, le imputa a Ogando, la violaci\u00f3n de los art\u00edculos 295 y 304, sobre homicidio voluntario.<strong><\/strong><\/p>\n\n\n\n<p><strong>Direcci\u00f3n General de Comunicaci\u00f3n, Prensa, y RRPP<\/strong><strong><\/strong><\/p>\n\n\n\n<p>Ministerio P\u00fablico.&nbsp;R.D.<\/p>\n","protected":false},"excerpt":{"rendered":"<p>SANTO DOMINGO ESTE (Rep\u00fablica Dominicana). \u2013&nbsp;Acogiendo la solicitud del Ministerio P\u00fablico, la Oficina Judicial de Servicios de Atenci\u00f3n Permanente de este municipio, impuso tres meses de prisi\u00f3n preventiva, como medida de coerci\u00f3n, en contra de un joven le quit\u00f3 la vida a su padre de varios machetazos, en un hecho ocurrido el pasado 13 de [&hellip;]<\/p>\n","protected":false},"author":7,"featured_media":334907,"comment_status":"closed","ping_status":"","sticky":true,"template":"","format":"standard","meta":{"footnotes":""},"categories":[24,27],"tags":[171],"class_list":["post-511529","post","type-post","status-publish","format-standard","has-post-thumbnail","hentry","category-justicia-y-derecho","category-portada","tag-ministerio-publico"],"_links":{"self":[{"href":"https:\/\/diariodominicano.com\/index.php?rest_route=\/wp\/v2\/posts\/511529","targetHints":{"allow":["GET"]}}],"collection":[{"href":"https:\/\/diariodominicano.com\/index.php?rest_route=\/wp\/v2\/posts"}],"about":[{"href":"https:\/\/diariodominicano.com\/index.php?rest_route=\/wp\/v2\/types\/post"}],"author":[{"embeddable":true,"href":"https:\/\/diariodominicano.com\/index.php?rest_route=\/wp\/v2\/users\/7"}],"replies":[{"embeddable":true,"href":"https:\/\/diariodominicano.com\/index.php?rest_route=%2Fwp%2Fv2%2Fcomments&post=511529"}],"version-history":[{"count":1,"href":"https:\/\/diariodominicano.com\/index.php?rest_route=\/wp\/v2\/posts\/511529\/revisions"}],"predecessor-version":[{"id":511677,"href":"https:\/\/diariodominicano.com\/index.php?rest_route=\/wp\/v2\/posts\/511529\/revisions\/511677"}],"wp:featuredmedia":[{"embeddable":true,"href":"https:\/\/diariodominicano.com\/index.php?rest_route=\/wp\/v2\/media\/334907"}],"wp:attachment":[{"href":"https:\/\/diariodominicano.com\/index.php?rest_route=%2Fwp%2Fv2%2Fmedia&parent=511529"}],"wp:term":[{"taxonomy":"category","embeddable":true,"href":"https:\/\/diariodominicano.com\/index.php?rest_route=%2Fwp%2Fv2%2Fcategories&post=511529"},{"taxonomy":"post_tag","embeddable":true,"href":"https:\/\/diariodominicano.com\/index.php?rest_route=%2Fwp%2Fv2%2Ftags&post=511529"}],"curies":[{"name":"wp","href":"https:\/\/api.w.org\/{rel}","templated":true}]}}