{"id":511526,"date":"2024-02-29T20:33:34","date_gmt":"2024-03-01T00:33:34","guid":{"rendered":"https:\/\/diariodominicano.com\/?p=511526"},"modified":"2024-02-29T20:37:02","modified_gmt":"2024-03-01T00:37:02","slug":"triunfo-artistico-en-times-square-la-exposicion-de-walt-wizard-en-nueva-york","status":"publish","type":"post","link":"https:\/\/diariodominicano.com\/?p=511526","title":{"rendered":"\u00a0\u00abTriunfo Art\u00edstico en Times Square: La Exposici\u00f3n de Walt Wizard en Nueva York\u00bb\u00a0"},"content":{"rendered":"\n<p>**\u00c9xito sin precedentes para el artista peruano Walt Wizard en su exposici\u00f3n en Nueva York**<\/p>\n\n\n\n<p>Nueva York, 16 de febrero de 2024 &#8211; El renombrado artista peruano, Walt Wizard, cautiv\u00f3 a una audiencia internacional en su exposici\u00f3n en la ciudad de Nueva York el pasado 16 de febrero. Con una congregaci\u00f3n de medios de comunicaci\u00f3n locales y nacionales, Walt Wizard comparti\u00f3 su inspiradora trayectoria y su impactante trabajo art\u00edstico con el mundo.<\/p>\n\n\n\n<figure class=\"wp-block-gallery has-nested-images columns-default is-cropped wp-block-gallery-1 is-layout-flex wp-block-gallery-is-layout-flex\">\n<figure class=\"wp-block-image size-large\"><img loading=\"lazy\" decoding=\"async\" width=\"682\" height=\"1024\" data-id=\"511602\" src=\"https:\/\/diariodominicano.com\/wp-content\/uploads\/2024\/02\/Triunfo-Artistico-en-Times-Square-La-Exposicion-de-Walt-Wizard-Nueva-York--682x1024.jpeg\" alt=\"\" class=\"wp-image-511602\" srcset=\"https:\/\/diariodominicano.com\/wp-content\/uploads\/2024\/02\/Triunfo-Artistico-en-Times-Square-La-Exposicion-de-Walt-Wizard-Nueva-York--682x1024.jpeg 682w, https:\/\/diariodominicano.com\/wp-content\/uploads\/2024\/02\/Triunfo-Artistico-en-Times-Square-La-Exposicion-de-Walt-Wizard-Nueva-York--200x300.jpeg 200w, https:\/\/diariodominicano.com\/wp-content\/uploads\/2024\/02\/Triunfo-Artistico-en-Times-Square-La-Exposicion-de-Walt-Wizard-Nueva-York--768x1153.jpeg 768w, https:\/\/diariodominicano.com\/wp-content\/uploads\/2024\/02\/Triunfo-Artistico-en-Times-Square-La-Exposicion-de-Walt-Wizard-Nueva-York--1023x1536.jpeg 1023w, https:\/\/diariodominicano.com\/wp-content\/uploads\/2024\/02\/Triunfo-Artistico-en-Times-Square-La-Exposicion-de-Walt-Wizard-Nueva-York--816x1225.jpeg 816w, https:\/\/diariodominicano.com\/wp-content\/uploads\/2024\/02\/Triunfo-Artistico-en-Times-Square-La-Exposicion-de-Walt-Wizard-Nueva-York-.jpeg 1066w\" sizes=\"auto, (max-width: 682px) 100vw, 682px\" \/><\/figure>\n\n\n\n<figure class=\"wp-block-image size-large\"><img loading=\"lazy\" decoding=\"async\" width=\"1024\" height=\"682\" data-id=\"511601\" src=\"https:\/\/diariodominicano.com\/wp-content\/uploads\/2024\/02\/Triunfo-Artistico-en-Times-Square-La-Exposicion-de-Walt-Wizard-en-Nueva-York--1024x682.jpeg\" alt=\"\" class=\"wp-image-511601\" srcset=\"https:\/\/diariodominicano.com\/wp-content\/uploads\/2024\/02\/Triunfo-Artistico-en-Times-Square-La-Exposicion-de-Walt-Wizard-en-Nueva-York--1024x682.jpeg 1024w, https:\/\/diariodominicano.com\/wp-content\/uploads\/2024\/02\/Triunfo-Artistico-en-Times-Square-La-Exposicion-de-Walt-Wizard-en-Nueva-York--300x200.jpeg 300w, https:\/\/diariodominicano.com\/wp-content\/uploads\/2024\/02\/Triunfo-Artistico-en-Times-Square-La-Exposicion-de-Walt-Wizard-en-Nueva-York--768x512.jpeg 768w, https:\/\/diariodominicano.com\/wp-content\/uploads\/2024\/02\/Triunfo-Artistico-en-Times-Square-La-Exposicion-de-Walt-Wizard-en-Nueva-York--1536x1023.jpeg 1536w, https:\/\/diariodominicano.com\/wp-content\/uploads\/2024\/02\/Triunfo-Artistico-en-Times-Square-La-Exposicion-de-Walt-Wizard-en-Nueva-York--816x544.jpeg 816w, https:\/\/diariodominicano.com\/wp-content\/uploads\/2024\/02\/Triunfo-Artistico-en-Times-Square-La-Exposicion-de-Walt-Wizard-en-Nueva-York-.jpeg 1600w\" sizes=\"auto, (max-width: 1024px) 100vw, 1024px\" \/><\/figure>\n\n\n\n<figure class=\"wp-block-image size-large\"><img loading=\"lazy\" decoding=\"async\" width=\"576\" height=\"1024\" data-id=\"511606\" src=\"https:\/\/diariodominicano.com\/wp-content\/uploads\/2024\/02\/Triunfo-Artistico-Times-Square-La-Exposicion-Walt-Wizard-Nueva-York-576x1024.jpeg\" alt=\"\" class=\"wp-image-511606\" srcset=\"https:\/\/diariodominicano.com\/wp-content\/uploads\/2024\/02\/Triunfo-Artistico-Times-Square-La-Exposicion-Walt-Wizard-Nueva-York-576x1024.jpeg 576w, https:\/\/diariodominicano.com\/wp-content\/uploads\/2024\/02\/Triunfo-Artistico-Times-Square-La-Exposicion-Walt-Wizard-Nueva-York-169x300.jpeg 169w, https:\/\/diariodominicano.com\/wp-content\/uploads\/2024\/02\/Triunfo-Artistico-Times-Square-La-Exposicion-Walt-Wizard-Nueva-York-768x1365.jpeg 768w, https:\/\/diariodominicano.com\/wp-content\/uploads\/2024\/02\/Triunfo-Artistico-Times-Square-La-Exposicion-Walt-Wizard-Nueva-York-864x1536.jpeg 864w, https:\/\/diariodominicano.com\/wp-content\/uploads\/2024\/02\/Triunfo-Artistico-Times-Square-La-Exposicion-Walt-Wizard-Nueva-York-816x1451.jpeg 816w, https:\/\/diariodominicano.com\/wp-content\/uploads\/2024\/02\/Triunfo-Artistico-Times-Square-La-Exposicion-Walt-Wizard-Nueva-York.jpeg 900w\" sizes=\"auto, (max-width: 576px) 100vw, 576px\" \/><\/figure>\n\n\n\n<figure class=\"wp-block-image size-large\"><img loading=\"lazy\" decoding=\"async\" width=\"576\" height=\"1024\" data-id=\"511605\" src=\"https:\/\/diariodominicano.com\/wp-content\/uploads\/2024\/02\/Triunfo-Artistico-Times-Square-La-Exposicion-de-Walt-Wizard-Nueva-York-576x1024.jpeg\" alt=\"\" class=\"wp-image-511605\" srcset=\"https:\/\/diariodominicano.com\/wp-content\/uploads\/2024\/02\/Triunfo-Artistico-Times-Square-La-Exposicion-de-Walt-Wizard-Nueva-York-576x1024.jpeg 576w, https:\/\/diariodominicano.com\/wp-content\/uploads\/2024\/02\/Triunfo-Artistico-Times-Square-La-Exposicion-de-Walt-Wizard-Nueva-York-169x300.jpeg 169w, https:\/\/diariodominicano.com\/wp-content\/uploads\/2024\/02\/Triunfo-Artistico-Times-Square-La-Exposicion-de-Walt-Wizard-Nueva-York-768x1365.jpeg 768w, https:\/\/diariodominicano.com\/wp-content\/uploads\/2024\/02\/Triunfo-Artistico-Times-Square-La-Exposicion-de-Walt-Wizard-Nueva-York-864x1536.jpeg 864w, https:\/\/diariodominicano.com\/wp-content\/uploads\/2024\/02\/Triunfo-Artistico-Times-Square-La-Exposicion-de-Walt-Wizard-Nueva-York-816x1451.jpeg 816w, https:\/\/diariodominicano.com\/wp-content\/uploads\/2024\/02\/Triunfo-Artistico-Times-Square-La-Exposicion-de-Walt-Wizard-Nueva-York.jpeg 900w\" sizes=\"auto, (max-width: 576px) 100vw, 576px\" \/><\/figure>\n\n\n\n<figure class=\"wp-block-image size-large\"><img loading=\"lazy\" decoding=\"async\" width=\"682\" height=\"1024\" data-id=\"511604\" src=\"https:\/\/diariodominicano.com\/wp-content\/uploads\/2024\/02\/Triunfo-Artistico-Times-Square-La-Exposicion-de-Walt-Wizard-en-Nueva-York-682x1024.jpeg\" alt=\"\" class=\"wp-image-511604\" srcset=\"https:\/\/diariodominicano.com\/wp-content\/uploads\/2024\/02\/Triunfo-Artistico-Times-Square-La-Exposicion-de-Walt-Wizard-en-Nueva-York-682x1024.jpeg 682w, https:\/\/diariodominicano.com\/wp-content\/uploads\/2024\/02\/Triunfo-Artistico-Times-Square-La-Exposicion-de-Walt-Wizard-en-Nueva-York-200x300.jpeg 200w, https:\/\/diariodominicano.com\/wp-content\/uploads\/2024\/02\/Triunfo-Artistico-Times-Square-La-Exposicion-de-Walt-Wizard-en-Nueva-York-768x1153.jpeg 768w, https:\/\/diariodominicano.com\/wp-content\/uploads\/2024\/02\/Triunfo-Artistico-Times-Square-La-Exposicion-de-Walt-Wizard-en-Nueva-York-1023x1536.jpeg 1023w, https:\/\/diariodominicano.com\/wp-content\/uploads\/2024\/02\/Triunfo-Artistico-Times-Square-La-Exposicion-de-Walt-Wizard-en-Nueva-York-816x1225.jpeg 816w, https:\/\/diariodominicano.com\/wp-content\/uploads\/2024\/02\/Triunfo-Artistico-Times-Square-La-Exposicion-de-Walt-Wizard-en-Nueva-York.jpeg 1066w\" sizes=\"auto, (max-width: 682px) 100vw, 682px\" \/><\/figure>\n\n\n\n<figure class=\"wp-block-image size-large\"><img loading=\"lazy\" decoding=\"async\" width=\"682\" height=\"1024\" data-id=\"511603\" src=\"https:\/\/diariodominicano.com\/wp-content\/uploads\/2024\/02\/Triunfo-Artistico-en-Times-Square-La-Exposicion-Walt-Wizard-en-Nueva-York-682x1024.jpeg\" alt=\"\" class=\"wp-image-511603\" srcset=\"https:\/\/diariodominicano.com\/wp-content\/uploads\/2024\/02\/Triunfo-Artistico-en-Times-Square-La-Exposicion-Walt-Wizard-en-Nueva-York-682x1024.jpeg 682w, https:\/\/diariodominicano.com\/wp-content\/uploads\/2024\/02\/Triunfo-Artistico-en-Times-Square-La-Exposicion-Walt-Wizard-en-Nueva-York-200x300.jpeg 200w, https:\/\/diariodominicano.com\/wp-content\/uploads\/2024\/02\/Triunfo-Artistico-en-Times-Square-La-Exposicion-Walt-Wizard-en-Nueva-York-768x1153.jpeg 768w, https:\/\/diariodominicano.com\/wp-content\/uploads\/2024\/02\/Triunfo-Artistico-en-Times-Square-La-Exposicion-Walt-Wizard-en-Nueva-York-1023x1536.jpeg 1023w, https:\/\/diariodominicano.com\/wp-content\/uploads\/2024\/02\/Triunfo-Artistico-en-Times-Square-La-Exposicion-Walt-Wizard-en-Nueva-York-816x1225.jpeg 816w, https:\/\/diariodominicano.com\/wp-content\/uploads\/2024\/02\/Triunfo-Artistico-en-Times-Square-La-Exposicion-Walt-Wizard-en-Nueva-York.jpeg 1066w\" sizes=\"auto, (max-width: 682px) 100vw, 682px\" \/><\/figure>\n<\/figure>\n\n\n\n<p>Durante el evento, Walt Wizard tuvo la oportunidad de presentar su arte y compartir su pasi\u00f3n con el p\u00fablico, destacando su compromiso con la excelencia art\u00edstica y la expresi\u00f3n creativa. La senadora estatal de Nueva York, Jessica Ramos, reconoci\u00f3 su destacado trabajo art\u00edstico entreg\u00e1ndole una proclamaci\u00f3n en honor a su contribuci\u00f3n a la escena art\u00edstica internacional.<\/p>\n\n\n\n<p>Uno de los momentos m\u00e1s destacados de la exposici\u00f3n fue la proyecci\u00f3n del arte de Walt Wizard en las ic\u00f3nicas pantallas de Times Square, donde cautiv\u00f3 a locales y turistas por igual con su obra maestra representando a Jesucristo. Esta representaci\u00f3n del arte peruano y el talento art\u00edstico de Walt Wizard dej\u00f3 a muchos espectadores sorprendidos y conmovidos, generando una interacci\u00f3n vibrante y positiva en el coraz\u00f3n de la ciudad de Nueva York.<\/p>\n\n\n\n<p>\u00abEstoy profundamente agradecido por el apoyo y la oportunidad de compartir mi arte con el mundo\u00bb, dijo Walt Wizard. \u00abEspero que mi trabajo pueda inspirar a otros y crear un impacto duradero en la comunidad art\u00edstica\u00bb.<\/p>\n\n\n\n<p>La exposici\u00f3n de Walt Wizard en Nueva York fue un testimonio de su habilidad para conectar con el p\u00fablico a trav\u00e9s de su arte y su compromiso con la excelencia creativa. Su influencia continuar\u00e1 resonando en la comunidad art\u00edstica internacional durante muchos a\u00f1os por venir.<\/p>\n\n\n\n<p>Contacto de prensa:<\/p>\n\n\n\n<p>Mauricio Vega&nbsp;<\/p>\n\n\n\n<p>True talent media llc&nbsp;<\/p>\n\n\n\n<p>1(646578-2690&nbsp;<\/p>\n","protected":false},"excerpt":{"rendered":"<p>**\u00c9xito sin precedentes para el artista peruano Walt Wizard en su exposici\u00f3n en Nueva York** Nueva York, 16 de febrero de 2024 &#8211; El renombrado artista peruano, Walt Wizard, cautiv\u00f3 a una audiencia internacional en su exposici\u00f3n en la ciudad de Nueva York el pasado 16 de febrero. Con una congregaci\u00f3n de medios de comunicaci\u00f3n [&hellip;]<\/p>\n","protected":false},"author":7,"featured_media":511601,"comment_status":"closed","ping_status":"","sticky":true,"template":"","format":"standard","meta":{"footnotes":""},"categories":[21,27],"tags":[172,173],"class_list":["post-511526","post","type-post","status-publish","format-standard","has-post-thumbnail","hentry","category-cultura","category-portada","tag-times-square","tag-walt-wizard-en-nueva-york"],"_links":{"self":[{"href":"https:\/\/diariodominicano.com\/index.php?rest_route=\/wp\/v2\/posts\/511526","targetHints":{"allow":["GET"]}}],"collection":[{"href":"https:\/\/diariodominicano.com\/index.php?rest_route=\/wp\/v2\/posts"}],"about":[{"href":"https:\/\/diariodominicano.com\/index.php?rest_route=\/wp\/v2\/types\/post"}],"author":[{"embeddable":true,"href":"https:\/\/diariodominicano.com\/index.php?rest_route=\/wp\/v2\/users\/7"}],"replies":[{"embeddable":true,"href":"https:\/\/diariodominicano.com\/index.php?rest_route=%2Fwp%2Fv2%2Fcomments&post=511526"}],"version-history":[{"count":1,"href":"https:\/\/diariodominicano.com\/index.php?rest_route=\/wp\/v2\/posts\/511526\/revisions"}],"predecessor-version":[{"id":511676,"href":"https:\/\/diariodominicano.com\/index.php?rest_route=\/wp\/v2\/posts\/511526\/revisions\/511676"}],"wp:featuredmedia":[{"embeddable":true,"href":"https:\/\/diariodominicano.com\/index.php?rest_route=\/wp\/v2\/media\/511601"}],"wp:attachment":[{"href":"https:\/\/diariodominicano.com\/index.php?rest_route=%2Fwp%2Fv2%2Fmedia&parent=511526"}],"wp:term":[{"taxonomy":"category","embeddable":true,"href":"https:\/\/diariodominicano.com\/index.php?rest_route=%2Fwp%2Fv2%2Fcategories&post=511526"},{"taxonomy":"post_tag","embeddable":true,"href":"https:\/\/diariodominicano.com\/index.php?rest_route=%2Fwp%2Fv2%2Ftags&post=511526"}],"curies":[{"name":"wp","href":"https:\/\/api.w.org\/{rel}","templated":true}]}}